{"id":220113,"date":"2023-12-20T23:53:39","date_gmt":"2023-12-21T02:53:39","guid":{"rendered":"https:\/\/diarioregionaldigital.com.br\/?p=220113"},"modified":"2023-12-20T23:53:39","modified_gmt":"2023-12-21T02:53:39","slug":"motorista-padrao-governo-de-minas-homenageia-motoristas-e-motociclistas-por-boas-condutas","status":"publish","type":"post","link":"https:\/\/diarioregionaldigital.com.br\/?p=220113","title":{"rendered":"Motorista Padr\u00e3o: Governo de Minas homenageia motoristas e motociclistas por boas condutas"},"content":{"rendered":"<p>O\u00a0<a href=\"https:\/\/www.mg.gov.br\/\" target=\"_blank\" rel=\"noopener\">Governo de Minas<\/a>\u00a0realizou, nesta quarta-feira (20\/12), a entrega do Pr\u00eamio Motorista e Motociclista Padr\u00e3o 2023, promovido pela Coordenadoria Estadual de Gest\u00e3o de Tr\u00e2nsito (CET-MG), vinculada \u00e0\u00a0<a href=\"https:\/\/www.mg.gov.br\/planejamento\" target=\"_blank\" rel=\"noopener\">Secretaria de Estado de Planejamento e Gest\u00e3o (Seplag-MG)<\/a>. Os 16 condutores premiados receberam diplomas e medalhas pelos destaques em suas categorias. A premia\u00e7\u00e3o que tem mais de 60 anos de hist\u00f3ria foi realizada no Audit\u00f3rio Juscelino Kubitschek, na Cidade Administrativa, em Belo Horizonte.<\/p>\n<p>O Pr\u00eamio Motorista e Motociclista Padr\u00e3o busca reconhecer os motoristas profissionais que apresentaram boas pr\u00e1ticas no tr\u00e2nsito e estimular atitudes respons\u00e1veis e posturas cidad\u00e3s na condu\u00e7\u00e3o de ve\u00edculos, tendo como foco a valoriza\u00e7\u00e3o da vida.<\/p>\n<p>A secret\u00e1ria de Estado de Planejamento e Gest\u00e3o, Lu\u00edsa Barreto, parabenizou os agraciados. \u201cS\u00e3o pessoas como voc\u00eas que s\u00e3o exemplos para a nossa sociedade, em um contexto que a viol\u00eancia no tr\u00e2nsito \u00e9 preocupante. \u00c9 um orgulho para n\u00f3s mineiros termos cidad\u00e3os como voc\u00eas. Parab\u00e9ns pela premia\u00e7\u00e3o merecida e por atuarem sempre com responsabilidade, com cuidado e com cidadania na sua vida cotidiana\u201d, afirmou.<\/p>\n<p>Embora a premia\u00e7\u00e3o aconte\u00e7a no Estado h\u00e1 mais de 60 anos, assinalou a secret\u00e1ria, esta \u00e9 a primeira vez que a\u00a0Seplag-MG organiza o pr\u00eamio, com a transi\u00e7\u00e3o dos servi\u00e7os de tr\u00e2nsito para a pasta, iniciada em abril deste ano. \u201cO processo de transi\u00e7\u00e3o n\u00e3o \u00e9 simples, recebemos um servi\u00e7o novo, novas atribui\u00e7\u00f5es e com muita responsabilidade. Foram muitos os desafios que a CET nos trouxe, mas um desafio que tem significado muitas alegrias porque efetivamente estamos conseguindo colocar em pr\u00e1tica as melhorias e as mudan\u00e7as que a gente imaginava quando esse processo come\u00e7ou a ser desenhado\u201d, considerou.<\/p>\n<p>O chefe de tr\u00e2nsito de Minas Gerais, Lucas Vilas Boas, destacou a import\u00e2ncia de garantir a continuidade da presta\u00e7\u00e3o dos servi\u00e7os aos cidad\u00e3os durante o processo de transi\u00e7\u00e3o. \u201cFoi essencial garantir que essa transi\u00e7\u00e3o fosse feita sem impacto nos servi\u00e7os, sem ruptura, e essa premia\u00e7\u00e3o \u00e9 importante porque as metas que temos no \u00f3rg\u00e3o executivo de tr\u00e2nsito do Estado, de aprimorar a gest\u00e3o e as entregas para o cidad\u00e3o, est\u00e3o alinhadas com a educa\u00e7\u00e3o no tr\u00e2nsito, que impacta toda a popula\u00e7\u00e3o. A fun\u00e7\u00e3o do Estado, junto com a presta\u00e7\u00e3o de servi\u00e7os, \u00e9 impactar positivamente a vida das pessoas\u201d.<\/p>\n<p><strong>Homenagens<\/strong><\/p>\n<p>Os homenageados do Pr\u00eamio foram selecionados por uma comiss\u00e3o julgadora, formada por membros da Educa\u00e7\u00e3o no Tr\u00e2nsito da CET-MG e por representantes indicados por \u00f3rg\u00e3os, institui\u00e7\u00f5es e entidades de tr\u00e2nsito e transporte de Minas Gerais. Para a escolha dos destaques, foram analisados o tempo de servi\u00e7o como condutor da categoria em que concorre; o prontu\u00e1rio do candidato, que n\u00e3o poderia conter nenhum registro de pontua\u00e7\u00e3o, processos administrativos ou judiciais com decis\u00e3o condenat\u00f3ria nos \u00faltimos dois anos; o comportamento profissional e a participa\u00e7\u00e3o em cursos, semin\u00e1rios ou palestras afins \u00e0 profiss\u00e3o.<\/p>\n<p>Para concorrer, os interessados deveriam obrigatoriamente atuar como motorista ou motociclista profissionalmente, com, no m\u00ednimo, tr\u00eas anos de habilita\u00e7\u00e3o nas categorias A, B, C, D ou E. As inscri\u00e7\u00f5es foram abertas nas categorias transporte escolar; t\u00e1xi; transporte coletivo de passageiros (urbano, metropolitano ou rodovi\u00e1rio); transporte de carga; transporte de emerg\u00eancia hospitalar; transporte de pessoas ou cargas de \u00f3rg\u00e3os p\u00fablicos (Executivo, Legislativo ou Judici\u00e1rio) e transporte de pessoas ou cargas em motocicletas (mototaxista\u00a0e\u00a0motofretista).<\/p>\n<p><strong>Amigos do Tr\u00e2nsito<\/strong><\/p>\n<p>A premia\u00e7\u00e3o \u201cAmigos do Tr\u00e2nsito\u201d, institu\u00edda em 2023 pela CET-MG, homenageou personalidades que, com profissionalismo, comprometimento e dedica\u00e7\u00e3o, contribu\u00edram para a gest\u00e3o de um tr\u00e2nsito mais seguro, eficiente e cidad\u00e3o. Foram agraciados nesta edi\u00e7\u00e3o o chefe do Estado Maior da\u00a0<a href=\"https:\/\/www.policiamilitar.mg.gov.br\/\" target=\"_blank\" rel=\"noopener\">Pol\u00edcia Militar de Minas Gerais (PMMG)<\/a>, coronel Marcelo Ramos de Oliveira, a subsecret\u00e1ria de Inova\u00e7\u00e3o e Gest\u00e3o Estrat\u00e9gica da\u00a0Seplag-MG, Camila Barbosa Neves, e o diretor Central de Canais Digitais da\u00a0Seplag-MG, Dami\u00e3o Jos\u00e9 Rodrigues da Rocha.<\/p>\n<p>&nbsp;<\/p>\n<p><strong>Resultado final \u2013 Motorista e Motociclista Padr\u00e3o 2023<\/strong><\/p>\n<p>&nbsp;<\/p>\n<p><strong>Categoria\u00a0Motofretista:<\/strong><\/p>\n<p>1\u00ba lugar: Ederson\u00a0Junio\u00a0de Carvalho<\/p>\n<p>2\u00ba lugar: n\u00e3o houve classificado<\/p>\n<p>&nbsp;<\/p>\n<p><strong>Categoria T\u00e1xi:<\/strong><\/p>\n<p>1\u00ba lugar:\u00a0Valdison\u00a0da Silva Pinto<\/p>\n<p>2\u00ba lugar: Geraldo Pereira de Almeida<\/p>\n<p>&nbsp;<\/p>\n<p><strong>Categoria Transporte Escolar:<\/strong><\/p>\n<p>1\u00ba lugar:\u00a0Naria\u00a0Fatima da Silva Gomes<\/p>\n<p>2\u00ba lugar: Cesar Barbosa Gomes<\/p>\n<p>&nbsp;<\/p>\n<p><strong>Categoria Transporte de Pessoas ou Cargas \u00d3rg\u00e3os P\u00fablicos:<\/strong><\/p>\n<p>1\u00ba lugar:\u00a0Wandir\u00a0Hermogenes\u00a0Gomes dos Santos<\/p>\n<p>2\u00ba lugar:\u00a0Tarcisio\u00a0Silva Altino<\/p>\n<p>&nbsp;<\/p>\n<p><strong>Categoria Emerg\u00eancia Hospitalar:<\/strong><\/p>\n<p>1\u00ba lugar: Wellington Lima Severino<\/p>\n<p>2\u00ba lugar: n\u00e3o houve classificado<\/p>\n<p>&nbsp;<\/p>\n<p><strong>Categoria Transporte de Carga:<\/strong><\/p>\n<p>1\u00ba lugar: \u00a0Luiz Carlos Gomes da Silva<\/p>\n<p>2\u00ba lugar:\u00a0 \u00a0Eder Mendes Cunha<\/p>\n<p>&nbsp;<\/p>\n<p><strong>Categoria Transporte Coletivo de Passageiros Rodovi\u00e1rio:<\/strong><\/p>\n<p>1\u00ba lugar: Paulo\u00a0Eustaquio\u00a0Zuco\u00a0Passos<\/p>\n<p>2\u00ba lugar: Sidney\u00a0Schettino\u00a0Coelho Beijo<\/p>\n<p>&nbsp;<\/p>\n<p><strong>Categoria Transporte Coletivo de Passageiros\u00a0Metropolitano:<\/strong><\/p>\n<p>1\u00ba lugar: \u00a0Gilmar Marcelino Duarte<\/p>\n<p>2\u00ba lugar: Geraldo\u00a0Leonato\u00a0de Canuto<\/p>\n<p>&nbsp;<\/p>\n<p><strong>Categoria Transporte Coletivo de Passageiros\u00a0Urbano:<\/strong><\/p>\n<p>1\u00ba lugar: Joao\u00a0Ermogenes\u00a0da Silva<\/p>\n<p>2\u00ba lugar:\u00a0Warly\u00a0Fernando de Assis Cunha Melo<\/p>\n<p><span style=\"font-weight: 400;\">Fonte: Ag\u00eancia Minas <\/span><\/p>\n","protected":false},"excerpt":{"rendered":"<p>O\u00a0Governo de Minas\u00a0realizou, nesta quarta-feira (20\/12), a entrega do Pr\u00eamio Motorista e Motociclista Padr\u00e3o 2023, promovido pela Coordenadoria Estadual de Gest\u00e3o de Tr\u00e2nsito (CET-MG), vinculada \u00e0\u00a0Secretaria de Estado de Planejamento e Gest\u00e3o (Seplag-MG). Os 16 condutores premiados receberam diplomas e medalhas pelos destaques em suas categorias. A premia\u00e7\u00e3o que tem mais de 60 anos de [&hellip;]<\/p>\n","protected":false},"author":246,"featured_media":220114,"comment_status":"closed","ping_status":"closed","sticky":false,"template":"","format":"standard","meta":{"footnotes":""},"categories":[436,254,439],"tags":[],"class_list":["post-220113","post","type-post","status-publish","format-standard","has-post-thumbnail","hentry","category-destaque-da-semana","category-politica","category-ultima-hora"],"_links":{"self":[{"href":"https:\/\/diarioregionaldigital.com.br\/index.php?rest_route=\/wp\/v2\/posts\/220113","targetHints":{"allow":["GET"]}}],"collection":[{"href":"https:\/\/diarioregionaldigital.com.br\/index.php?rest_route=\/wp\/v2\/posts"}],"about":[{"href":"https:\/\/diarioregionaldigital.com.br\/index.php?rest_route=\/wp\/v2\/types\/post"}],"author":[{"embeddable":true,"href":"https:\/\/diarioregionaldigital.com.br\/index.php?rest_route=\/wp\/v2\/users\/246"}],"replies":[{"embeddable":true,"href":"https:\/\/diarioregionaldigital.com.br\/index.php?rest_route=%2Fwp%2Fv2%2Fcomments&post=220113"}],"version-history":[{"count":1,"href":"https:\/\/diarioregionaldigital.com.br\/index.php?rest_route=\/wp\/v2\/posts\/220113\/revisions"}],"predecessor-version":[{"id":220115,"href":"https:\/\/diarioregionaldigital.com.br\/index.php?rest_route=\/wp\/v2\/posts\/220113\/revisions\/220115"}],"wp:featuredmedia":[{"embeddable":true,"href":"https:\/\/diarioregionaldigital.com.br\/index.php?rest_route=\/wp\/v2\/media\/220114"}],"wp:attachment":[{"href":"https:\/\/diarioregionaldigital.com.br\/index.php?rest_route=%2Fwp%2Fv2%2Fmedia&parent=220113"}],"wp:term":[{"taxonomy":"category","embeddable":true,"href":"https:\/\/diarioregionaldigital.com.br\/index.php?rest_route=%2Fwp%2Fv2%2Fcategories&post=220113"},{"taxonomy":"post_tag","embeddable":true,"href":"https:\/\/diarioregionaldigital.com.br\/index.php?rest_route=%2Fwp%2Fv2%2Ftags&post=220113"}],"curies":[{"name":"wp","href":"https:\/\/api.w.org\/{rel}","templated":true}]}}