{"id":220099,"date":"2023-12-20T04:24:38","date_gmt":"2023-12-20T07:24:38","guid":{"rendered":"https:\/\/diarioregionaldigital.com.br\/?p=220099"},"modified":"2023-12-20T04:24:38","modified_gmt":"2023-12-20T07:24:38","slug":"prefeitura-municipal-de-descoberto-contrato-no071-20-12-2023","status":"publish","type":"post","link":"https:\/\/diarioregionaldigital.com.br\/?p=220099","title":{"rendered":"Prefeitura Municipal de Descoberto &#8211; Contrato n\u00ba071 &#8211; 20\/12\/2023"},"content":{"rendered":"<p style=\"text-align: center;\"><strong>EXTRATO DE PRIMEIRO TERMO ADITIVO DE CONTRATO<\/strong><\/p>\n<p style=\"text-align: center;\">1\u00ba Termo Aditivo. Pref. Municipal de Descoberto x Benfica das Gra\u00e7as Gon\u00e7alves &#8211; Objeto: A modifica\u00e7\u00e3o do prazo de vig\u00eancia do contrato, que passar\u00e1 a vigorar de 06\/11\/2023 a 06\/11\/2024- Fundamento: Dispensa \u00a0n\u00ba 010\/2022 \u2013 Valor Global:18.000,00 \u2013 Vig\u00eancia: 12 meses \u2013 Dot or\u00e7: 02.02004.27.812.0016.272-339036\/100 &#8211; Ass: 06\/11\/2023- Foro: S\u00e3o Jo\u00e3o Nepomuceno\/MG.<\/p>\n<p style=\"text-align: center;\"><strong>Marcos de Ara\u00fajo Lima<\/strong><\/p>\n<p style=\"text-align: center;\"><strong>Prefeito Municipal<\/strong><\/p>\n","protected":false},"excerpt":{"rendered":"<p>EXTRATO DE PRIMEIRO TERMO ADITIVO DE CONTRATO 1\u00ba Termo Aditivo. Pref. Municipal de Descoberto x Benfica das Gra\u00e7as Gon\u00e7alves &#8211; Objeto: A modifica\u00e7\u00e3o do prazo de vig\u00eancia do contrato, que passar\u00e1 a vigorar de 06\/11\/2023 a 06\/11\/2024- Fundamento: Dispensa \u00a0n\u00ba 010\/2022 \u2013 Valor Global:18.000,00 \u2013 Vig\u00eancia: 12 meses \u2013 Dot or\u00e7: 02.02004.27.812.0016.272-339036\/100 &#8211; Ass: 06\/11\/2023- [&hellip;]<\/p>\n","protected":false},"author":96,"featured_media":0,"comment_status":"closed","ping_status":"closed","sticky":false,"template":"","format":"standard","meta":{"footnotes":""},"categories":[307],"tags":[],"class_list":["post-220099","post","type-post","status-publish","format-standard","hentry","category-editais"],"_links":{"self":[{"href":"https:\/\/diarioregionaldigital.com.br\/index.php?rest_route=\/wp\/v2\/posts\/220099","targetHints":{"allow":["GET"]}}],"collection":[{"href":"https:\/\/diarioregionaldigital.com.br\/index.php?rest_route=\/wp\/v2\/posts"}],"about":[{"href":"https:\/\/diarioregionaldigital.com.br\/index.php?rest_route=\/wp\/v2\/types\/post"}],"author":[{"embeddable":true,"href":"https:\/\/diarioregionaldigital.com.br\/index.php?rest_route=\/wp\/v2\/users\/96"}],"replies":[{"embeddable":true,"href":"https:\/\/diarioregionaldigital.com.br\/index.php?rest_route=%2Fwp%2Fv2%2Fcomments&post=220099"}],"version-history":[{"count":1,"href":"https:\/\/diarioregionaldigital.com.br\/index.php?rest_route=\/wp\/v2\/posts\/220099\/revisions"}],"predecessor-version":[{"id":220100,"href":"https:\/\/diarioregionaldigital.com.br\/index.php?rest_route=\/wp\/v2\/posts\/220099\/revisions\/220100"}],"wp:attachment":[{"href":"https:\/\/diarioregionaldigital.com.br\/index.php?rest_route=%2Fwp%2Fv2%2Fmedia&parent=220099"}],"wp:term":[{"taxonomy":"category","embeddable":true,"href":"https:\/\/diarioregionaldigital.com.br\/index.php?rest_route=%2Fwp%2Fv2%2Fcategories&post=220099"},{"taxonomy":"post_tag","embeddable":true,"href":"https:\/\/diarioregionaldigital.com.br\/index.php?rest_route=%2Fwp%2Fv2%2Ftags&post=220099"}],"curies":[{"name":"wp","href":"https:\/\/api.w.org\/{rel}","templated":true}]}}