{"id":220090,"date":"2023-12-20T00:43:19","date_gmt":"2023-12-20T03:43:19","guid":{"rendered":"https:\/\/diarioregionaldigital.com.br\/?p=220090"},"modified":"2023-12-20T00:43:19","modified_gmt":"2023-12-20T03:43:19","slug":"guarda-municipal-entrega-3-toneladas-de-alimentos-ao-mesa-brasil-do-sesc","status":"publish","type":"post","link":"https:\/\/diarioregionaldigital.com.br\/?p=220090","title":{"rendered":"Guarda Municipal entrega 3 toneladas de alimentos ao Mesa Brasil do SESC"},"content":{"rendered":"<p>Segundo informa\u00e7\u00f5es do site da Prefeitura de Juiz de Fora (PJF), celebrar e ajudar quem precisa, estes s\u00e3o alguns dos objetivos do \u201cJogo Solid\u00e1rio Amigos da Guarda\u201d, que acaba de fazer entrega de tr\u00eas toneladas de alimentos ao Mesa Brasil do Servi\u00e7o Social do Com\u00e9rcio (Sesc). O Jogo Solid\u00e1rio \u00e9 uma a\u00e7\u00e3o institucional, que comemorou os 15 anos da Guarda Municipal, com atividades esportivas, de recrea\u00e7\u00e3o, alinhadas \u00e0 vertente solid\u00e1ria. Durante o evento, realizado no \u00faltimo dia 9, no Est\u00e1dio Municipal Radialista M\u00e1rio Hel\u00eanio, foram arrecadados alimentos e feita venda de camisas revertida em produtos para institui\u00e7\u00f5es da cidade.<\/p>\n<div><\/div>\n<div>Nesta ter\u00e7a-feira, 19, a equipe da Guarda Municipal oficializou a doa\u00e7\u00e3o dos volumes ao Sesc e acompanhou a entrega de alimentos \u00e0 Funda\u00e7\u00e3o Ricardo Moys\u00e9s J\u00fanior, no Cascatinha, e \u00e0 Associa\u00e7\u00e3o de Caridade S\u00e3o Vicente de Paulo, no S\u00e3o Mateus. \u201cToda doa\u00e7\u00e3o \u00e9 bem-vinda. Essa iniciativa do Jogo Solid\u00e1rio da Guarda Municipal, com a doa\u00e7\u00e3o que estamos recebendo \u00e9 muito importante. A gente gasta dez quilos, apenas de arroz, por dia, fora as 90 cestas entregues aos assistidos\u201d, ponderou a presidente fundadora da institui\u00e7\u00e3o de apoio a crian\u00e7as em tratamento do c\u00e2ncer, Jane Berlose Moys\u00e9s, sobre o aporte recebido. \u201cIsso aqui voc\u00eas n\u00e3o sabem o que significa pra gente. Isso veio em um momento muito importante, quando a gente estava realmente precisando\u201d, agradeceu o coordenador da Associa\u00e7\u00e3o de Caridade, Rom\u00e1rio Caetano Gon\u00e7alves.<\/div>\n<div><\/div>\n<div>Um trabalho compensador, esse \u00e9 o maior balan\u00e7o da a\u00e7\u00e3o. \u201cA recompensa em realizar um trabalho dessa magnitude \u00e9 perceber que as parcerias bem-feitas, com sinergia contagiam a todos. Foram desafios vencidos em cada etapa para obter sucesso e entregar tr\u00eas toneladas de alimentos. N\u00e3o foi f\u00e1cil, muito trabalho que n\u00e3o est\u00e1 nas fotos. Palavras de ordem: gratid\u00e3o e uni\u00e3o\u201d, considerou um dos organizadores do projeto, Ricardo Le\u00e3o.<\/div>\n<div><\/div>\n<div>A import\u00e2ncia da parceria foi ressaltada pelo gerente de Unidade Sesc, Walder Costa dos Santos. \u201c\u00c9 uma parceria muito positiva, porque se constroem coisas a v\u00e1rias m\u00e3os. A Guarda Municipal, a Prefeitura de Juiz de Fora, o projeto Sesc \u2013 Mesa Brasil, apoiado e idealizado pela Fecom\u00e9rcio Minas, Senac e o Sindcom\u00e9rcio de Juiz de Fora, sempre com foco na popula\u00e7\u00e3o mais vulner\u00e1vel, vai propiciar um pouco mais de carinho neste momento de comemora\u00e7\u00f5es. Nada melhor que fazer com o apoio de institui\u00e7\u00f5es que pensam sempre em ajudar ao pr\u00f3ximo\u201d, afirmou.<\/div>\n<div><\/div>\n<div>O Jogo Solid\u00e1rio Amigos da Guarda contou com o apoio da Secretaria de Esporte e Lazer (SEL), Funda\u00e7\u00e3o Cultural Alfredo Ferreira Laje (Funalfa), Secretaria de Comunica\u00e7\u00e3o (Secom), Servi\u00e7o Social do Com\u00e9rcio (Sesc),\u00a0Servi\u00e7o Social do Transporte e Servi\u00e7o Nacional de Aprendizagem do Transporte (Sest-SENAT) e do Mesa Brasil.<\/div>\n","protected":false},"excerpt":{"rendered":"<p>Segundo informa\u00e7\u00f5es do site da Prefeitura de Juiz de Fora (PJF), celebrar e ajudar quem precisa, estes s\u00e3o alguns dos objetivos do \u201cJogo Solid\u00e1rio Amigos da Guarda\u201d, que acaba de fazer entrega de tr\u00eas toneladas de alimentos ao Mesa Brasil do Servi\u00e7o Social do Com\u00e9rcio (Sesc). O Jogo Solid\u00e1rio \u00e9 uma a\u00e7\u00e3o institucional, que comemorou [&hellip;]<\/p>\n","protected":false},"author":246,"featured_media":220091,"comment_status":"closed","ping_status":"closed","sticky":false,"template":"","format":"standard","meta":{"footnotes":""},"categories":[253,436,439],"tags":[],"class_list":["post-220090","post","type-post","status-publish","format-standard","has-post-thumbnail","hentry","category-cidade","category-destaque-da-semana","category-ultima-hora"],"_links":{"self":[{"href":"https:\/\/diarioregionaldigital.com.br\/index.php?rest_route=\/wp\/v2\/posts\/220090","targetHints":{"allow":["GET"]}}],"collection":[{"href":"https:\/\/diarioregionaldigital.com.br\/index.php?rest_route=\/wp\/v2\/posts"}],"about":[{"href":"https:\/\/diarioregionaldigital.com.br\/index.php?rest_route=\/wp\/v2\/types\/post"}],"author":[{"embeddable":true,"href":"https:\/\/diarioregionaldigital.com.br\/index.php?rest_route=\/wp\/v2\/users\/246"}],"replies":[{"embeddable":true,"href":"https:\/\/diarioregionaldigital.com.br\/index.php?rest_route=%2Fwp%2Fv2%2Fcomments&post=220090"}],"version-history":[{"count":1,"href":"https:\/\/diarioregionaldigital.com.br\/index.php?rest_route=\/wp\/v2\/posts\/220090\/revisions"}],"predecessor-version":[{"id":220092,"href":"https:\/\/diarioregionaldigital.com.br\/index.php?rest_route=\/wp\/v2\/posts\/220090\/revisions\/220092"}],"wp:featuredmedia":[{"embeddable":true,"href":"https:\/\/diarioregionaldigital.com.br\/index.php?rest_route=\/wp\/v2\/media\/220091"}],"wp:attachment":[{"href":"https:\/\/diarioregionaldigital.com.br\/index.php?rest_route=%2Fwp%2Fv2%2Fmedia&parent=220090"}],"wp:term":[{"taxonomy":"category","embeddable":true,"href":"https:\/\/diarioregionaldigital.com.br\/index.php?rest_route=%2Fwp%2Fv2%2Fcategories&post=220090"},{"taxonomy":"post_tag","embeddable":true,"href":"https:\/\/diarioregionaldigital.com.br\/index.php?rest_route=%2Fwp%2Fv2%2Ftags&post=220090"}],"curies":[{"name":"wp","href":"https:\/\/api.w.org\/{rel}","templated":true}]}}