{"id":220087,"date":"2023-12-20T00:41:08","date_gmt":"2023-12-20T03:41:08","guid":{"rendered":"https:\/\/diarioregionaldigital.com.br\/?p=220087"},"modified":"2023-12-20T00:41:08","modified_gmt":"2023-12-20T03:41:08","slug":"prefeita-inaugura-creche-municipal-jose-saramago-a-creche-das-vilas-no-parque-guarua","status":"publish","type":"post","link":"https:\/\/diarioregionaldigital.com.br\/?p=220087","title":{"rendered":"Prefeita inaugura Creche Municipal Jos\u00e9 Saramago, a \u201cCreche das Vilas\u201d, no Parque Guaru\u00e1"},"content":{"rendered":"<p>Segundo informa\u00e7\u00f5es do site da Prefeitura de Juiz de Fora (PJF), uma conquista hist\u00f3rica, de mais de 20 anos, foi entregue \u00e0s fam\u00edlias dos bairros Vila Olavo Costa, Vila Furtado de Menezes, Vila Ideal, Vila Ozanan e Parque Guaruj\u00e1: a Creche Municipal Jos\u00e9 Saramago. \u201cEssa \u00e9 a creche das vilas. Sabe onde come\u00e7a a corrida para ver quem vai entrar ou n\u00e3o nas melhores universidades? Na creche. Quando a gente garante que as crian\u00e7as das vilas v\u00e3o ter essa oportunidade, eu n\u00e3o tenho d\u00favida, como professora universit\u00e1ria e ex-reitora, que estamos, na verdade, abrindo para elas um futuro que as levar\u00e3o, se quiserem trilhar, \u00e0s universidades. S\u00f3 vamos ter uma sociedade justa e fraterna, quando a gente garantir que todas as pessoas e, particularmente, todas as crian\u00e7as, tenham os mesmos direitos\u201d, destacou a prefeita, Margarida Salom\u00e3o.<\/p>\n<div id=\"box_texto_noticia\">\n<p>A Creche Jos\u00e9 Saramago tem quase 900 metros quadrados de \u00e1rea constru\u00edda. Segundo a secret\u00e1ria de Educa\u00e7\u00e3o, N\u00e1dia Ribas, todo o espa\u00e7o f\u00edsico foi projetado para acolher da melhor maneira beb\u00eas e crian\u00e7as, conforme o Programa Nacional de Reestrutura\u00e7\u00e3o e Aquisi\u00e7\u00e3o de Equipamentos para a Rede Escolar P\u00fablica de Educa\u00e7\u00e3o Infantil (ProInf\u00e2ncia), do Minist\u00e9rio da Educa\u00e7\u00e3o (MEC). Ela ressaltou que a nova unidade d\u00e1 continuidade ao trabalho de amplia\u00e7\u00e3o no atendimento das crian\u00e7as de 0 a 3 anos. \u201cEstamos cumprindo o compromisso de campanha da prefeita e, desde o ano passado, n\u00e3o h\u00e1 mais fila de espera para as creches municipais e parceiras.\u201d<\/p>\n<p>Localizada na Rua Guarar\u00e1, s\/n., a nova creche atender\u00e1 a cerca de 100 crian\u00e7as de 0 a 3 anos, em per\u00edodo integral. O pr\u00e9dio possui salas de atividades, multi\u00faso e amamenta\u00e7\u00e3o; quatro sol\u00e1rios (espa\u00e7os destinados a banhos de sol); \u00e1reas verdes (coberta e descoberta); banheiros apropriados para uso infantil, adulto e PNE; cozinha; vesti\u00e1rios; lavanderia\/rouparia; refeit\u00f3rios para as crian\u00e7as e para os funcion\u00e1rios e lact\u00e1rio. Sua arquitetura garante acessibilidade com espa\u00e7os que respeitam a inf\u00e2ncia e o seu desenvolvimento integral. O local ser\u00e1 administrado pela Associa\u00e7\u00e3o Municipal de Apoio Comunit\u00e1rio (Amac) em parceria com a Secretaria de Educa\u00e7\u00e3o (SE).<\/p>\n<p>A cerim\u00f4nia de inaugura\u00e7\u00e3o foi realizada nesta segunda-feira, 18, e contou com a presen\u00e7a dos vereadores Andr\u00e9 Luiz Vieira; Cida Oliveira; Jo\u00e3o Wagner Antoniol; Luiz Ot\u00e1vio Fernandes Coelho (Pardal); Vagner de Oliveira; e Laiz Perrut; al\u00e9m de secret\u00e1rios municipais.<\/p>\n<\/div>\n<p>&nbsp;<\/p>\n<div id=\"box_compartilhar\" align=\"right\"><\/div>\n","protected":false},"excerpt":{"rendered":"<p>Segundo informa\u00e7\u00f5es do site da Prefeitura de Juiz de Fora (PJF), uma conquista hist\u00f3rica, de mais de 20 anos, foi entregue \u00e0s fam\u00edlias dos bairros Vila Olavo Costa, Vila Furtado de Menezes, Vila Ideal, Vila Ozanan e Parque Guaruj\u00e1: a Creche Municipal Jos\u00e9 Saramago. \u201cEssa \u00e9 a creche das vilas. Sabe onde come\u00e7a a corrida [&hellip;]<\/p>\n","protected":false},"author":246,"featured_media":220088,"comment_status":"closed","ping_status":"closed","sticky":false,"template":"","format":"standard","meta":{"footnotes":""},"categories":[253,436,440,439],"tags":[],"class_list":["post-220087","post","type-post","status-publish","format-standard","has-post-thumbnail","hentry","category-cidade","category-destaque-da-semana","category-destaques-do-dia","category-ultima-hora"],"_links":{"self":[{"href":"https:\/\/diarioregionaldigital.com.br\/index.php?rest_route=\/wp\/v2\/posts\/220087","targetHints":{"allow":["GET"]}}],"collection":[{"href":"https:\/\/diarioregionaldigital.com.br\/index.php?rest_route=\/wp\/v2\/posts"}],"about":[{"href":"https:\/\/diarioregionaldigital.com.br\/index.php?rest_route=\/wp\/v2\/types\/post"}],"author":[{"embeddable":true,"href":"https:\/\/diarioregionaldigital.com.br\/index.php?rest_route=\/wp\/v2\/users\/246"}],"replies":[{"embeddable":true,"href":"https:\/\/diarioregionaldigital.com.br\/index.php?rest_route=%2Fwp%2Fv2%2Fcomments&post=220087"}],"version-history":[{"count":1,"href":"https:\/\/diarioregionaldigital.com.br\/index.php?rest_route=\/wp\/v2\/posts\/220087\/revisions"}],"predecessor-version":[{"id":220089,"href":"https:\/\/diarioregionaldigital.com.br\/index.php?rest_route=\/wp\/v2\/posts\/220087\/revisions\/220089"}],"wp:featuredmedia":[{"embeddable":true,"href":"https:\/\/diarioregionaldigital.com.br\/index.php?rest_route=\/wp\/v2\/media\/220088"}],"wp:attachment":[{"href":"https:\/\/diarioregionaldigital.com.br\/index.php?rest_route=%2Fwp%2Fv2%2Fmedia&parent=220087"}],"wp:term":[{"taxonomy":"category","embeddable":true,"href":"https:\/\/diarioregionaldigital.com.br\/index.php?rest_route=%2Fwp%2Fv2%2Fcategories&post=220087"},{"taxonomy":"post_tag","embeddable":true,"href":"https:\/\/diarioregionaldigital.com.br\/index.php?rest_route=%2Fwp%2Fv2%2Ftags&post=220087"}],"curies":[{"name":"wp","href":"https:\/\/api.w.org\/{rel}","templated":true}]}}