{"id":220081,"date":"2023-12-20T00:34:43","date_gmt":"2023-12-20T03:34:43","guid":{"rendered":"https:\/\/diarioregionaldigital.com.br\/?p=220081"},"modified":"2023-12-20T00:34:43","modified_gmt":"2023-12-20T03:34:43","slug":"city-goleia-urawa-red-e-vai-a-final-contra-o-flu-no-mundial-de-clubes","status":"publish","type":"post","link":"https:\/\/diarioregionaldigital.com.br\/?p=220081","title":{"rendered":"City goleia Urawa Red e vai \u00e0 final contra o Flu no Mundial de Clubes"},"content":{"rendered":"<p>O advers\u00e1rio do Fluminense na final do Mundial de Clubes da Fifa ser\u00e1 o Manchester City (Inglaterra). O time brit\u00e2nico se classificou na tarde desta ter\u00e7a (19), ap\u00f3s aplicar 3 a 0 no Urawa Red Diamonds (Jap\u00e3o), no Est\u00e1dio King Abdullah, em Jeddah (Ar\u00e1bia Saudita).\u00a0<img decoding=\"async\" src=\"file:\/\/\/C:\/Users\/CLAUDI~1.ROD\/AppData\/Local\/Temp\/msohtmlclip1\/01\/clip_image001.png\" \/>\u00a0<img decoding=\"async\" src=\"file:\/\/\/C:\/Users\/CLAUDI~1.ROD\/AppData\/Local\/Temp\/msohtmlclip1\/01\/clip_image001.png\" \/>\u00a0Tanto o Tricolor carioca\u00a0quanto o City disputam o Mundial pela primeira vez e v\u00e3o duelar pelo t\u00edtulo in\u00e9dito 15h (hor\u00e1rio de Bras\u00edlia) da pr\u00f3xima sexta (22), no Est\u00e1dio Prince Abdullah Al-Faisal. Antes, \u00e0s 11h30, no est\u00e1dio Prince Abdullah Al-Faisal, haver\u00e1 disputa pelo terceiro lugar no Mundial, entre o Urawa Red e o\u00a0Al Ahly (Egito), derrotado pelo Fluminense (2 a 0), na segunda (18), na outra semifinal.<img decoding=\"async\" src=\"https:\/\/agenciabrasil.ebc.com.br\/ebc.png?id=1573436&amp;o=node\" \/><img decoding=\"async\" src=\"https:\/\/agenciabrasil.ebc.com.br\/ebc.gif?id=1573436&amp;o=node\" \/><\/p>\n<p>Os brit\u00e2nicos, campe\u00f5es europeus, entraram em campo desfalcados de craques como o atacante noruegu\u00eas Erling Haaland e o meio-campista bela Kevin De Bruyne. No primeiro tempo, a equipe comandada pelo t\u00e9cnico Pep Guardiola, teve dificuldades no ataque, diante da defesa bem postada do Urawa Red. Um dos destaques foi o goleiro Nishikawa que defendeu bolas perigosas, como dois chutes de m\u00e9dia dist\u00e2ncia desferidos pelo brasileiro Matheus Cunha aos 30 e aos 37 minutos. No entanto, j\u00e1 nos acr\u00e9scimos (46 minutos), foi o City que inaugurou o placar com um gol contra de Marius Hoibraten.<\/p>\n<p>Ap\u00f3s o intervalo, o City marcou duas vezes em sete minutos. Mateo Kovacic ampliou o marcador aos seis minutos do segundo tempo, e aos 13 \u00a0foi Bernardo Silva pegou rebote do goleiro Nishikawa e acertou o fundo da rede, ampliando o placar para 3 a 0. Com a ampla vantagem, os brit\u00e2nicos administraram a vit\u00f3ria at\u00e9 o final, que valeu a classifica\u00e7\u00e3o para a decis\u00e3o do t\u00edtulo contra o Tricolor carioca.<\/p>\n<p><span style=\"font-weight: 400;\">Fonte: Ag\u00eancia Brasil <\/span><\/p>\n","protected":false},"excerpt":{"rendered":"<p>O advers\u00e1rio do Fluminense na final do Mundial de Clubes da Fifa ser\u00e1 o Manchester City (Inglaterra). O time brit\u00e2nico se classificou na tarde desta ter\u00e7a (19), ap\u00f3s aplicar 3 a 0 no Urawa Red Diamonds (Jap\u00e3o), no Est\u00e1dio King Abdullah, em Jeddah (Ar\u00e1bia Saudita).\u00a0\u00a0\u00a0Tanto o Tricolor carioca\u00a0quanto o City disputam o Mundial pela primeira [&hellip;]<\/p>\n","protected":false},"author":246,"featured_media":220082,"comment_status":"closed","ping_status":"closed","sticky":false,"template":"","format":"standard","meta":{"footnotes":""},"categories":[436,257,439],"tags":[],"class_list":["post-220081","post","type-post","status-publish","format-standard","has-post-thumbnail","hentry","category-destaque-da-semana","category-esporte","category-ultima-hora"],"_links":{"self":[{"href":"https:\/\/diarioregionaldigital.com.br\/index.php?rest_route=\/wp\/v2\/posts\/220081","targetHints":{"allow":["GET"]}}],"collection":[{"href":"https:\/\/diarioregionaldigital.com.br\/index.php?rest_route=\/wp\/v2\/posts"}],"about":[{"href":"https:\/\/diarioregionaldigital.com.br\/index.php?rest_route=\/wp\/v2\/types\/post"}],"author":[{"embeddable":true,"href":"https:\/\/diarioregionaldigital.com.br\/index.php?rest_route=\/wp\/v2\/users\/246"}],"replies":[{"embeddable":true,"href":"https:\/\/diarioregionaldigital.com.br\/index.php?rest_route=%2Fwp%2Fv2%2Fcomments&post=220081"}],"version-history":[{"count":1,"href":"https:\/\/diarioregionaldigital.com.br\/index.php?rest_route=\/wp\/v2\/posts\/220081\/revisions"}],"predecessor-version":[{"id":220083,"href":"https:\/\/diarioregionaldigital.com.br\/index.php?rest_route=\/wp\/v2\/posts\/220081\/revisions\/220083"}],"wp:featuredmedia":[{"embeddable":true,"href":"https:\/\/diarioregionaldigital.com.br\/index.php?rest_route=\/wp\/v2\/media\/220082"}],"wp:attachment":[{"href":"https:\/\/diarioregionaldigital.com.br\/index.php?rest_route=%2Fwp%2Fv2%2Fmedia&parent=220081"}],"wp:term":[{"taxonomy":"category","embeddable":true,"href":"https:\/\/diarioregionaldigital.com.br\/index.php?rest_route=%2Fwp%2Fv2%2Fcategories&post=220081"},{"taxonomy":"post_tag","embeddable":true,"href":"https:\/\/diarioregionaldigital.com.br\/index.php?rest_route=%2Fwp%2Fv2%2Ftags&post=220081"}],"curies":[{"name":"wp","href":"https:\/\/api.w.org\/{rel}","templated":true}]}}