{"id":220061,"date":"2023-12-18T23:19:32","date_gmt":"2023-12-19T02:19:32","guid":{"rendered":"https:\/\/diarioregionaldigital.com.br\/?p=220061"},"modified":"2023-12-18T23:19:32","modified_gmt":"2023-12-19T02:19:32","slug":"cantata-de-natal-da-cosette-alencar-reune-300-criancas","status":"publish","type":"post","link":"https:\/\/diarioregionaldigital.com.br\/?p=220061","title":{"rendered":"Cantata de Natal da Cosette Alencar re\u00fane 300 crian\u00e7as"},"content":{"rendered":"<p>Segundo informa\u00e7\u00f5es do site da Prefeitura de Juiz de Fora (PJF), a Escola Municipal Cosette de Alencar, localizada no bairro Santa Catarina, realizou neste s\u00e1bado, 16, a Cantata de Natal 2023, com os 300 estudantes do Ensino Fundamental I. O evento teve como objetivo celebrar o Natal com os discentes e a comunidade escolar, al\u00e9m de ser um momento de reflex\u00e3o e valoriza\u00e7\u00e3o do verdadeiro sentido do Natal, e tamb\u00e9m de confraterniza\u00e7\u00e3o das fam\u00edlias com toda a equipe pedag\u00f3gica da unidade de ensino.<\/p>\n<p>Os ensaios foram realizados durante este m\u00eas. Durante as apresenta\u00e7\u00f5es de s\u00e1bado, o p\u00fablico se emocionou e demonstrou empolga\u00e7\u00e3o com as crian\u00e7as que cantaram com muito entusiasmo e alegria as m\u00fasicas natalinas. Elas tamb\u00e9m participaram de uma encena\u00e7\u00e3o para demonstrar o verdadeiro significado do Natal.<\/p>\n<p>A Cantata de Natal faz parte do trabalho pedag\u00f3gico desenvolvido pela escola. O intuito do projeto \u00e9 despertar nas crian\u00e7as a consci\u00eancia fraterna, a criatividade e a empatia com o outro. O objetivo \u00e9 mostrar como o\u00a0Natal pode fomentar o amor, a esperan\u00e7a e o desejo de dias melhores. Al\u00e9m disso, a institui\u00e7\u00e3o, ciente da sua fun\u00e7\u00e3o social, busca realizar atividades que priorizem o protagonismo dos estudantes.<\/p>\n","protected":false},"excerpt":{"rendered":"<p>Segundo informa\u00e7\u00f5es do site da Prefeitura de Juiz de Fora (PJF), a Escola Municipal Cosette de Alencar, localizada no bairro Santa Catarina, realizou neste s\u00e1bado, 16, a Cantata de Natal 2023, com os 300 estudantes do Ensino Fundamental I. O evento teve como objetivo celebrar o Natal com os discentes e a comunidade escolar, al\u00e9m [&hellip;]<\/p>\n","protected":false},"author":246,"featured_media":220062,"comment_status":"closed","ping_status":"closed","sticky":false,"template":"","format":"standard","meta":{"footnotes":""},"categories":[253,436,439],"tags":[],"class_list":["post-220061","post","type-post","status-publish","format-standard","has-post-thumbnail","hentry","category-cidade","category-destaque-da-semana","category-ultima-hora"],"_links":{"self":[{"href":"https:\/\/diarioregionaldigital.com.br\/index.php?rest_route=\/wp\/v2\/posts\/220061","targetHints":{"allow":["GET"]}}],"collection":[{"href":"https:\/\/diarioregionaldigital.com.br\/index.php?rest_route=\/wp\/v2\/posts"}],"about":[{"href":"https:\/\/diarioregionaldigital.com.br\/index.php?rest_route=\/wp\/v2\/types\/post"}],"author":[{"embeddable":true,"href":"https:\/\/diarioregionaldigital.com.br\/index.php?rest_route=\/wp\/v2\/users\/246"}],"replies":[{"embeddable":true,"href":"https:\/\/diarioregionaldigital.com.br\/index.php?rest_route=%2Fwp%2Fv2%2Fcomments&post=220061"}],"version-history":[{"count":1,"href":"https:\/\/diarioregionaldigital.com.br\/index.php?rest_route=\/wp\/v2\/posts\/220061\/revisions"}],"predecessor-version":[{"id":220063,"href":"https:\/\/diarioregionaldigital.com.br\/index.php?rest_route=\/wp\/v2\/posts\/220061\/revisions\/220063"}],"wp:featuredmedia":[{"embeddable":true,"href":"https:\/\/diarioregionaldigital.com.br\/index.php?rest_route=\/wp\/v2\/media\/220062"}],"wp:attachment":[{"href":"https:\/\/diarioregionaldigital.com.br\/index.php?rest_route=%2Fwp%2Fv2%2Fmedia&parent=220061"}],"wp:term":[{"taxonomy":"category","embeddable":true,"href":"https:\/\/diarioregionaldigital.com.br\/index.php?rest_route=%2Fwp%2Fv2%2Fcategories&post=220061"},{"taxonomy":"post_tag","embeddable":true,"href":"https:\/\/diarioregionaldigital.com.br\/index.php?rest_route=%2Fwp%2Fv2%2Ftags&post=220061"}],"curies":[{"name":"wp","href":"https:\/\/api.w.org\/{rel}","templated":true}]}}