{"id":220040,"date":"2023-12-18T22:39:10","date_gmt":"2023-12-19T01:39:10","guid":{"rendered":"https:\/\/diarioregionaldigital.com.br\/?p=220040"},"modified":"2023-12-18T22:39:10","modified_gmt":"2023-12-19T01:39:10","slug":"servidores-aposentados-e-pensionistas-do-governo-de-minas-receberam-13o-salario-em-parcela-unica-nesta-segunda-feira-18-12","status":"publish","type":"post","link":"https:\/\/diarioregionaldigital.com.br\/?p=220040","title":{"rendered":"Servidores, aposentados e pensionistas do Governo de Minas receberam 13\u00ba sal\u00e1rio em parcela \u00fanica nesta segunda-feira (18\/12)"},"content":{"rendered":"<p>Os servidores do\u00a0<a href=\"https:\/\/www.mg.gov.br\/\" target=\"_blank\" rel=\"noopener\">Governo de Minas<\/a>\u00a0receberam, nesta segunda-feira (18\/12), o 13\u00ba sal\u00e1rio em parcela \u00fanica. A folha de pagamento do funcionalismo p\u00fablico estadual, sem encargos patronais, \u00e9 respons\u00e1vel por injetar R$ 3,4 bilh\u00f5es na economia, conforme dados da\u00a0<a href=\"https:\/\/www.mg.gov.br\/planejamento\" target=\"_blank\" rel=\"noopener\">Secretaria de Estado de Planejamento e Gest\u00e3o (Seplag-MG)<\/a>.<\/p>\n<p>Os valores tem potencial para aquecer ainda mais o crescimento econ\u00f4mico de Minas que alcan\u00e7ou a maior participa\u00e7\u00e3o no PIB do Brasil da s\u00e9rie hist\u00f3rica do IBGE, representando 9,5% de todas as riquezas geradas no Pa\u00eds.<\/p>\n<p>Em 2023, o Estado realizou 675.739 pagamentos do abono natalino. Desses, 364.268 foram destinados a agentes p\u00fablicos ativos, 259.348 a inativos e 52.123 a pensionistas.<\/p>\n<p>Este \u00e9 o terceiro ano consecutivo que o dep\u00f3sito do 13\u00ba sal\u00e1rio \u00e9 realizado em dia, ap\u00f3s um per\u00edodo de seis anos de atraso ou parcelamento do abono.<\/p>\n<p><strong>Hist\u00f3rico<\/strong><\/p>\n<p>Quando assumiu o Estado, em 2019, o governador Romeu Zema herdou o pagamento do 13\u00ba do funcionalismo p\u00fablico referente a 2018, que n\u00e3o foi quitado pela gest\u00e3o anterior. Esse abono natalino foi pago em parcelas at\u00e9 outubro, enquanto o benef\u00edcio relativo a 2019 terminou de ser pago em maio de 2020.<\/p>\n<p>J\u00e1 o 13\u00ba sal\u00e1rio de 2020 foi quitado da seguinte forma: para garantir a isonomia, todos os servidores receberam uma parcela de at\u00e9 R$ 2 mil em 23\/12, antes do Natal. Ao todo, 39% do pagamento foi efetuado nesse per\u00edodo. O restante foi pago em parcelas mensais de R$ 2 mil, at\u00e9 que o montante fosse completamente quitado, em abril de 2021.<\/p>\n<p>O Governo de Minas conseguiu regularizar a situa\u00e7\u00e3o e o pagamento integral do benef\u00edcio ocorreu, sem atraso, em 2021 e em 2022. At\u00e9 ent\u00e3o, a \u00faltima vez que o 13\u00ba foi quitado em dia havia sido em 2016.<\/p>\n<p><span style=\"font-weight: 400;\">Fonte: Ag\u00eancia Minas <\/span><\/p>\n","protected":false},"excerpt":{"rendered":"<p>Os servidores do\u00a0Governo de Minas\u00a0receberam, nesta segunda-feira (18\/12), o 13\u00ba sal\u00e1rio em parcela \u00fanica. A folha de pagamento do funcionalismo p\u00fablico estadual, sem encargos patronais, \u00e9 respons\u00e1vel por injetar R$ 3,4 bilh\u00f5es na economia, conforme dados da\u00a0Secretaria de Estado de Planejamento e Gest\u00e3o (Seplag-MG). Os valores tem potencial para aquecer ainda mais o crescimento econ\u00f4mico [&hellip;]<\/p>\n","protected":false},"author":246,"featured_media":220041,"comment_status":"closed","ping_status":"closed","sticky":false,"template":"","format":"standard","meta":{"footnotes":""},"categories":[436,440,261,439],"tags":[],"class_list":["post-220040","post","type-post","status-publish","format-standard","has-post-thumbnail","hentry","category-destaque-da-semana","category-destaques-do-dia","category-economia","category-ultima-hora"],"_links":{"self":[{"href":"https:\/\/diarioregionaldigital.com.br\/index.php?rest_route=\/wp\/v2\/posts\/220040","targetHints":{"allow":["GET"]}}],"collection":[{"href":"https:\/\/diarioregionaldigital.com.br\/index.php?rest_route=\/wp\/v2\/posts"}],"about":[{"href":"https:\/\/diarioregionaldigital.com.br\/index.php?rest_route=\/wp\/v2\/types\/post"}],"author":[{"embeddable":true,"href":"https:\/\/diarioregionaldigital.com.br\/index.php?rest_route=\/wp\/v2\/users\/246"}],"replies":[{"embeddable":true,"href":"https:\/\/diarioregionaldigital.com.br\/index.php?rest_route=%2Fwp%2Fv2%2Fcomments&post=220040"}],"version-history":[{"count":1,"href":"https:\/\/diarioregionaldigital.com.br\/index.php?rest_route=\/wp\/v2\/posts\/220040\/revisions"}],"predecessor-version":[{"id":220042,"href":"https:\/\/diarioregionaldigital.com.br\/index.php?rest_route=\/wp\/v2\/posts\/220040\/revisions\/220042"}],"wp:featuredmedia":[{"embeddable":true,"href":"https:\/\/diarioregionaldigital.com.br\/index.php?rest_route=\/wp\/v2\/media\/220041"}],"wp:attachment":[{"href":"https:\/\/diarioregionaldigital.com.br\/index.php?rest_route=%2Fwp%2Fv2%2Fmedia&parent=220040"}],"wp:term":[{"taxonomy":"category","embeddable":true,"href":"https:\/\/diarioregionaldigital.com.br\/index.php?rest_route=%2Fwp%2Fv2%2Fcategories&post=220040"},{"taxonomy":"post_tag","embeddable":true,"href":"https:\/\/diarioregionaldigital.com.br\/index.php?rest_route=%2Fwp%2Fv2%2Ftags&post=220040"}],"curies":[{"name":"wp","href":"https:\/\/api.w.org\/{rel}","templated":true}]}}