{"id":220037,"date":"2023-12-17T06:00:20","date_gmt":"2023-12-17T09:00:20","guid":{"rendered":"https:\/\/diarioregionaldigital.com.br\/?p=220037"},"modified":"2023-12-16T02:18:26","modified_gmt":"2023-12-16T05:18:26","slug":"os-100-anos-do-petit-trianon","status":"publish","type":"post","link":"https:\/\/diarioregionaldigital.com.br\/?p=220037","title":{"rendered":"Os 100 anos do petit trianon"},"content":{"rendered":"<p>O estilo \u00e9 o neocl\u00e1ssico. Assim deve ser apreciado o Petit Trianon, cedido pelo governo da Fran\u00e7a \u00e0 ABL e que est\u00e1 completando os primeiros 100 anos como sede da Academia Brasileira de Letras.<\/p>\n<p>A primeira sess\u00e3o, sob a presid\u00eancia de Afr\u00e2nio Peixoto, foi realizada no dia 13 de dezembro de 1923. Foi a primeira sede pr\u00f3pria da ABL. Segundo o presidente Merval Pereira, \u201co pr\u00e9dio \u00e9 muito adequado para os rituais da ABL. Al\u00e9m do que \u00a0ele \u00e9 muito bonito\u201d.<\/p>\n<p>Na sua Biblioteca L\u00facio de Mendon\u00e7a h\u00e1 20 mil livros, especialmente as obras dos 300 imortais que por ali passaram. H\u00e1 obras raras de diversos imortais, inclusive do seu primeiro presidente, que foi\u00a0 Machado de Assis. Como presidente da ABL, nos anos de 98 e 99, inaugurei \u00a0a Sala Machado de Assis, no 2\u00ba andar, em que foram alojados m\u00f3veis e objetos que marcaram a vida do autor de \u201cD. Casmurro\u201d. O local \u00e9 muito apreciado nas visitas guiadas que s\u00e3o feitas semanalmente para estudantes fluminenses.<\/p>\n<p>Ao ser perguntado sobre os fatos marcantes dessa vida centen\u00e1ria, lembrei a visita de Lula, no seu primeiro mandato presidencial, quando foi assinado o importante acordo de unifica\u00e7\u00e3o ortogr\u00e1fica da nossa l\u00edngua. Foi um documento hist\u00f3rico. Dos meus 40 anos de vida acad\u00eamica, talvez este tenha sido um dos momentos de maior relevo, pois n\u00e3o \u00e9 a toda hora que se recebe um presidente da Rep\u00fablica. Ali\u00e1s, vale referir que foram tr\u00eas os que pertenceram aos quadros da imortalidade: Get\u00falio Vargas, Jose Sarney (hoje, o decano) e Fernando Henrique Cardoso.<\/p>\n<p>O historiador e acad\u00eamico Arno Wehling \u00a0ressaltou o que representa a ABL e o seu pr\u00e9dio hist\u00f3rico para a vida brasileira.\u00a0 \u201cA despeito de todas as mudan\u00e7as sociais, econ\u00f4micas e tecnol\u00f3gicas que aconteciam no in\u00edcio do s\u00e9culo XX, os discursos centen\u00e1rios ressaltavam a ideia\u00a0 de tradi\u00e7\u00e3o, o que para n\u00f3s \u00e9 um fator verdadeiramente essencial.\u201d E mais: \u201cA Academia deveria representar a perman\u00eancia, a estabilidade num mundo cada vez mais convulsionado.\u201d Esta\u00a0 \u00e9 a caracter\u00edstica de grande relevo da casa que abrigou presidentes como Austreg\u00e9silo de Athayde, Josu\u00e9 Montello, Alberto da Costa e Silva e N\u00e9lida Pi\u00f1on, entre outros.<\/p>\n","protected":false},"excerpt":{"rendered":"<p>O estilo \u00e9 o neocl\u00e1ssico. Assim deve ser apreciado o Petit Trianon, cedido pelo governo da Fran\u00e7a \u00e0 ABL e que est\u00e1 completando os primeiros 100 anos como sede da Academia Brasileira de Letras. A primeira sess\u00e3o, sob a presid\u00eancia de Afr\u00e2nio Peixoto, foi realizada no dia 13 de dezembro de 1923. Foi a primeira [&hellip;]<\/p>\n","protected":false},"author":96,"featured_media":0,"comment_status":"closed","ping_status":"closed","sticky":false,"template":"","format":"standard","meta":{"footnotes":""},"categories":[275],"tags":[],"class_list":["post-220037","post","type-post","status-publish","format-standard","hentry","category-arnaldo-niskier"],"_links":{"self":[{"href":"https:\/\/diarioregionaldigital.com.br\/index.php?rest_route=\/wp\/v2\/posts\/220037","targetHints":{"allow":["GET"]}}],"collection":[{"href":"https:\/\/diarioregionaldigital.com.br\/index.php?rest_route=\/wp\/v2\/posts"}],"about":[{"href":"https:\/\/diarioregionaldigital.com.br\/index.php?rest_route=\/wp\/v2\/types\/post"}],"author":[{"embeddable":true,"href":"https:\/\/diarioregionaldigital.com.br\/index.php?rest_route=\/wp\/v2\/users\/96"}],"replies":[{"embeddable":true,"href":"https:\/\/diarioregionaldigital.com.br\/index.php?rest_route=%2Fwp%2Fv2%2Fcomments&post=220037"}],"version-history":[{"count":1,"href":"https:\/\/diarioregionaldigital.com.br\/index.php?rest_route=\/wp\/v2\/posts\/220037\/revisions"}],"predecessor-version":[{"id":220038,"href":"https:\/\/diarioregionaldigital.com.br\/index.php?rest_route=\/wp\/v2\/posts\/220037\/revisions\/220038"}],"wp:attachment":[{"href":"https:\/\/diarioregionaldigital.com.br\/index.php?rest_route=%2Fwp%2Fv2%2Fmedia&parent=220037"}],"wp:term":[{"taxonomy":"category","embeddable":true,"href":"https:\/\/diarioregionaldigital.com.br\/index.php?rest_route=%2Fwp%2Fv2%2Fcategories&post=220037"},{"taxonomy":"post_tag","embeddable":true,"href":"https:\/\/diarioregionaldigital.com.br\/index.php?rest_route=%2Fwp%2Fv2%2Ftags&post=220037"}],"curies":[{"name":"wp","href":"https:\/\/api.w.org\/{rel}","templated":true}]}}