{"id":220035,"date":"2023-12-17T06:00:45","date_gmt":"2023-12-17T09:00:45","guid":{"rendered":"https:\/\/diarioregionaldigital.com.br\/?p=220035"},"modified":"2023-12-16T02:13:11","modified_gmt":"2023-12-16T05:13:11","slug":"o-coracao-ponto-nodal-que-une-espirito-alma-e-corpo","status":"publish","type":"post","link":"https:\/\/diarioregionaldigital.com.br\/?p=220035","title":{"rendered":"O Cora\u00e7\u00e3o: ponto nodal que une esp\u00edrito, alma e corpo"},"content":{"rendered":"<p>Na B\u00edblia, o cora\u00e7\u00e3o \u00e9 frequentemente mencionado como o pr\u00f3prio ser humano (Pv 27: 19).<\/p>\n<p>Ele n\u00e3o \u00e9 apenas apresentado como o \u00f3rg\u00e3o f\u00edsico respons\u00e1vel pelo sistema circulat\u00f3rio, nem como aquele cora\u00e7\u00e3o figurativo que expressa sentimentos, mas como o centro, a inst\u00e2ncia mais completa e definitiva do \u201ceu integral\u201d:<\/p>\n<p>\u201cAcima de tudo, guarde o seu cora\u00e7\u00e3o, pois dele depende toda a sua vida\u201d (Prov\u00e9rbios 4: 23).<\/p>\n<p>E \u00e9 a partir dele que procedem as escolhas que afetam todo o ser humano (Lc 6: 45). \u00c9 o <em>locus<\/em> das decis\u00f5es e da vontade, quer dizer que os caminhos adotados ao longo da vida s\u00e3o determinados no cora\u00e7\u00e3o (Pv 16: 9). O que est\u00e1 no cora\u00e7\u00e3o se manifesta revelando as disposi\u00e7\u00f5es mais \u00edntimas que mostram verdadeiramente quem a pessoa \u00e9 (Lc 6: 45).<\/p>\n<p>A B\u00edblia ensina que o cora\u00e7\u00e3o humano \u00e9 naturalmente inclinado para o pecado e que precisa ser transformado (Ez 36: 26). Isso significa que Deus pode mudar o ser humano purificando o seu cora\u00e7\u00e3o, e como ele o faz?\u00a0 Veja o verso seguinte de Ezequiel:<\/p>\n<p>\u201cDarei a voc\u00eas um cora\u00e7\u00e3o novo e porei um esp\u00edrito novo em voc\u00eas; tirarei de voc\u00eas o cora\u00e7\u00e3o de pedra e lhes darei um cora\u00e7\u00e3o de carne. Porei o meu Esp\u00edrito em voc\u00eas e os levarei a agirem segundo os meus decretos e a obedecerem fielmente \u00e0s minhas leis\u201d (Ezequiel 36: 26, 27)<\/p>\n<p>Para compreender o lugar do cora\u00e7\u00e3o na antropologia crist\u00e3, \u00e9 preciso avan\u00e7ar sobre o tema da obra regeneradora. J\u00e1 sabemos que a pessoa que aceita Jesus como seu Salvador \u00e9 justificado e uma vez anulada a pena condenat\u00f3ria, o Esp\u00edrito Santo entra em a\u00e7\u00e3o para transformar o indiv\u00edduo. Neste momento, ao se unir ao esp\u00edrito do sujeito, ele vai transformando-o de dentro para fora. Primeiro convencendo a alma e depois expressando-se no corpo.<\/p>\n<p>Aqui chegamos ao ponto esclarecedor do presente artigo: onde ocorre todo esse processo do Esp\u00edrito de Deus acoplar-se no individual e proceder com a obra regeneradora integral? Exatamente no cora\u00e7\u00e3o! O prop\u00f3sito transformador realiza-se alterando todo o indiv\u00edduo, e isso ocorre no cora\u00e7\u00e3o:<\/p>\n<p>\u201cCria em mim, \u00f3 Deus, um cora\u00e7\u00e3o puro e renova em mim um esp\u00edrito reto\u201d (Salmos 51: 10).<\/p>\n<p>O esp\u00edrito renovado por Deus, tr\u00e1s como resultado o cora\u00e7\u00e3o purificado; \u00e9 neste lugar restaurado onde nasce a adora\u00e7\u00e3o a Deus. (Mt 22: 37, 38). A adora\u00e7\u00e3o verdadeira que envolve um compromisso total do cora\u00e7\u00e3o.<\/p>\n<p>Alguns interpretam o cora\u00e7\u00e3o como mera met\u00e1fora para designar a pr\u00f3pria alma. Na B\u00edblia, existem vers\u00edculos que parecem favorecer essa equival\u00eancia, passagens que mostram a conex\u00e3o entre o cora\u00e7\u00e3o e a alma (Pv 4: 23). O mesmo se d\u00e1 quando se quer igualar cora\u00e7\u00e3o com esp\u00edrito. Tamb\u00e9m se encontram passagens que apontam nesta dire\u00e7\u00e3o (Sl 51: 17).<\/p>\n<p>Na verdade, encontramos o termo cora\u00e7\u00e3o se modelando ora a alma, ora a esp\u00edrito porque nele encontramos ambos. Em outras palavras, o cora\u00e7\u00e3o \u00e9 justamente o ponto de contato entre esp\u00edrito, alma e corpo.<\/p>\n<p>A alma, por exemplo, n\u00e3o \u00e9 a pessoa sem o corpo e sem o esp\u00edrito, a pessoa \u00e9 justamente o encontro das tr\u00eas partes constitutivas da unidade. E a conex\u00e3o integradora ocorre justamente no cora\u00e7\u00e3o, o ponto nodal do ser humano.<\/p>\n<p>Em outras palavras, o cora\u00e7\u00e3o \u00e9 o indiv\u00edduo, aquele lugar no ser em que s\u00e3o amarrados corpo, alma e esp\u00edrito conformando o nosso \u201ceu definitivo\u201d:<\/p>\n<p>\u201cComo na \u00e1gua o rosto corresponde ao rosto, assim o cora\u00e7\u00e3o do homem ao homem\u201d (Prov\u00e9rbios 27: 19).<\/p>\n<p>Cora\u00e7\u00e3o n\u00e3o \u00e9 uma parte do ser humano, \u00e9 uma inst\u00e2ncia, \u00e1rea, campo, setor, dom\u00ednio, esfera, n\u00edvel que abriga as disposi\u00e7\u00f5es ou inten\u00e7\u00f5es que determinam a forma como o ser humano integral opera.<\/p>\n<p>\u00c9 de onde vem a voz da consci\u00eancia, onde o esp\u00edrito trava a batalha com as disposi\u00e7\u00f5es do corpo cujo resultado condiciona a alma e faz a pessoa ser transformada por inteiro.<\/p>\n<p>\u201cE vos darei um cora\u00e7\u00e3o novo e porei dentro de v\u00f3s um esp\u00edrito novo; e tirarei o cora\u00e7\u00e3o de pedra da vossa carne e vos darei um cora\u00e7\u00e3o de carne\u201d (Ezequiel 36: 26).<\/p>\n","protected":false},"excerpt":{"rendered":"<p>Na B\u00edblia, o cora\u00e7\u00e3o \u00e9 frequentemente mencionado como o pr\u00f3prio ser humano (Pv 27: 19). Ele n\u00e3o \u00e9 apenas apresentado como o \u00f3rg\u00e3o f\u00edsico respons\u00e1vel pelo sistema circulat\u00f3rio, nem como aquele cora\u00e7\u00e3o figurativo que expressa sentimentos, mas como o centro, a inst\u00e2ncia mais completa e definitiva do \u201ceu integral\u201d: \u201cAcima de tudo, guarde o seu [&hellip;]<\/p>\n","protected":false},"author":96,"featured_media":0,"comment_status":"closed","ping_status":"closed","sticky":false,"template":"","format":"standard","meta":{"footnotes":""},"categories":[1244],"tags":[],"class_list":["post-220035","post","type-post","status-publish","format-standard","hentry","category-oleg-abramov"],"_links":{"self":[{"href":"https:\/\/diarioregionaldigital.com.br\/index.php?rest_route=\/wp\/v2\/posts\/220035","targetHints":{"allow":["GET"]}}],"collection":[{"href":"https:\/\/diarioregionaldigital.com.br\/index.php?rest_route=\/wp\/v2\/posts"}],"about":[{"href":"https:\/\/diarioregionaldigital.com.br\/index.php?rest_route=\/wp\/v2\/types\/post"}],"author":[{"embeddable":true,"href":"https:\/\/diarioregionaldigital.com.br\/index.php?rest_route=\/wp\/v2\/users\/96"}],"replies":[{"embeddable":true,"href":"https:\/\/diarioregionaldigital.com.br\/index.php?rest_route=%2Fwp%2Fv2%2Fcomments&post=220035"}],"version-history":[{"count":1,"href":"https:\/\/diarioregionaldigital.com.br\/index.php?rest_route=\/wp\/v2\/posts\/220035\/revisions"}],"predecessor-version":[{"id":220036,"href":"https:\/\/diarioregionaldigital.com.br\/index.php?rest_route=\/wp\/v2\/posts\/220035\/revisions\/220036"}],"wp:attachment":[{"href":"https:\/\/diarioregionaldigital.com.br\/index.php?rest_route=%2Fwp%2Fv2%2Fmedia&parent=220035"}],"wp:term":[{"taxonomy":"category","embeddable":true,"href":"https:\/\/diarioregionaldigital.com.br\/index.php?rest_route=%2Fwp%2Fv2%2Fcategories&post=220035"},{"taxonomy":"post_tag","embeddable":true,"href":"https:\/\/diarioregionaldigital.com.br\/index.php?rest_route=%2Fwp%2Fv2%2Ftags&post=220035"}],"curies":[{"name":"wp","href":"https:\/\/api.w.org\/{rel}","templated":true}]}}