{"id":220023,"date":"2023-12-15T22:00:00","date_gmt":"2023-12-16T01:00:00","guid":{"rendered":"https:\/\/diarioregionaldigital.com.br\/?p=220023"},"modified":"2023-12-15T22:00:00","modified_gmt":"2023-12-16T01:00:00","slug":"mundial-de-clubes-al-ahly-vence-al-ittihad-e-enfrenta-fluminense","status":"publish","type":"post","link":"https:\/\/diarioregionaldigital.com.br\/?p=220023","title":{"rendered":"Mundial de Clubes: Al Ahly vence Al-Ittihad e enfrenta Fluminense"},"content":{"rendered":"<p>O Al Ahly (Egito) derrotou o Al-Ittihad (Ar\u00e1bia Saudita) por 3 a 1, nesta sexta-feira (15) no Est\u00e1dio Internacional Rei Abdullah, em Jed\u00e1, e garantiu a classifica\u00e7\u00e3o para as semifinais do Mundial de Clubes da Fifa. Agora, o atual campe\u00e3o da Liga dos Campe\u00f5es da \u00c1frica mede for\u00e7as com o Fluminense, a partir das 15h (hor\u00e1rio de Bras\u00edlia) da pr\u00f3xima segunda-feira (18) pelas semifinais da competi\u00e7\u00e3o.<img decoding=\"async\" src=\"https:\/\/agenciabrasil.ebc.com.br\/ebc.png?id=1572834&amp;o=node\" \/><img decoding=\"async\" src=\"https:\/\/agenciabrasil.ebc.com.br\/ebc.gif?id=1572834&amp;o=node\" \/><\/p>\n<p>Apesar de jogar na condi\u00e7\u00e3o de visitante, o Al Ahly contou com grande apoio da sua torcida e conseguiu sair na frente no marcador, gra\u00e7as a gol, em cobran\u00e7a de p\u00eanalti, de Ma\u00e2loul aos 20 minutos. Benzema teve a oportunidade de igualar o marcador, mas desperdi\u00e7ou finaliza\u00e7\u00e3o da marca penal.<\/p>\n<p>Na etapa final a equipe saudita confirmou a sua vit\u00f3ria gra\u00e7as a gols de El Shahat, com um chute colocado aos 13 minutos, e de Ashour tr\u00eas minutos depois. Nos acr\u00e9scimos da partida o franc\u00eas Benzema finalmente conseguiu superar o goleiro El Shenawy para marcar o de honra da equipe da casa.<\/p>\n<h2>Urawa Red Diamonds avan\u00e7a<\/h2>\n<p>Tamb\u00e9m nesta sexta foi definido o advers\u00e1rio do Manchester City (Inglaterra) nas semifinais. A equipe japonesa superou o Le\u00f3n (M\u00e9xico) por 1 a 0, gra\u00e7as a gol de Schalk, para se classificar.<\/p>\n<p><span style=\"font-weight: 400;\">Fonte: Ag\u00eancia Brasil <\/span><\/p>\n","protected":false},"excerpt":{"rendered":"<p>O Al Ahly (Egito) derrotou o Al-Ittihad (Ar\u00e1bia Saudita) por 3 a 1, nesta sexta-feira (15) no Est\u00e1dio Internacional Rei Abdullah, em Jed\u00e1, e garantiu a classifica\u00e7\u00e3o para as semifinais do Mundial de Clubes da Fifa. Agora, o atual campe\u00e3o da Liga dos Campe\u00f5es da \u00c1frica mede for\u00e7as com o Fluminense, a partir das 15h [&hellip;]<\/p>\n","protected":false},"author":246,"featured_media":220024,"comment_status":"closed","ping_status":"closed","sticky":false,"template":"","format":"standard","meta":{"footnotes":""},"categories":[436,257,439],"tags":[],"class_list":["post-220023","post","type-post","status-publish","format-standard","has-post-thumbnail","hentry","category-destaque-da-semana","category-esporte","category-ultima-hora"],"_links":{"self":[{"href":"https:\/\/diarioregionaldigital.com.br\/index.php?rest_route=\/wp\/v2\/posts\/220023","targetHints":{"allow":["GET"]}}],"collection":[{"href":"https:\/\/diarioregionaldigital.com.br\/index.php?rest_route=\/wp\/v2\/posts"}],"about":[{"href":"https:\/\/diarioregionaldigital.com.br\/index.php?rest_route=\/wp\/v2\/types\/post"}],"author":[{"embeddable":true,"href":"https:\/\/diarioregionaldigital.com.br\/index.php?rest_route=\/wp\/v2\/users\/246"}],"replies":[{"embeddable":true,"href":"https:\/\/diarioregionaldigital.com.br\/index.php?rest_route=%2Fwp%2Fv2%2Fcomments&post=220023"}],"version-history":[{"count":1,"href":"https:\/\/diarioregionaldigital.com.br\/index.php?rest_route=\/wp\/v2\/posts\/220023\/revisions"}],"predecessor-version":[{"id":220025,"href":"https:\/\/diarioregionaldigital.com.br\/index.php?rest_route=\/wp\/v2\/posts\/220023\/revisions\/220025"}],"wp:featuredmedia":[{"embeddable":true,"href":"https:\/\/diarioregionaldigital.com.br\/index.php?rest_route=\/wp\/v2\/media\/220024"}],"wp:attachment":[{"href":"https:\/\/diarioregionaldigital.com.br\/index.php?rest_route=%2Fwp%2Fv2%2Fmedia&parent=220023"}],"wp:term":[{"taxonomy":"category","embeddable":true,"href":"https:\/\/diarioregionaldigital.com.br\/index.php?rest_route=%2Fwp%2Fv2%2Fcategories&post=220023"},{"taxonomy":"post_tag","embeddable":true,"href":"https:\/\/diarioregionaldigital.com.br\/index.php?rest_route=%2Fwp%2Fv2%2Ftags&post=220023"}],"curies":[{"name":"wp","href":"https:\/\/api.w.org\/{rel}","templated":true}]}}