{"id":220008,"date":"2023-12-15T21:40:42","date_gmt":"2023-12-16T00:40:42","guid":{"rendered":"https:\/\/diarioregionaldigital.com.br\/?p=220008"},"modified":"2023-12-15T21:40:42","modified_gmt":"2023-12-16T00:40:42","slug":"missoes-internacionais-de-2023-resultam-em-mais-de-r-3-bilhoes-em-investimentos-para-minas","status":"publish","type":"post","link":"https:\/\/diarioregionaldigital.com.br\/?p=220008","title":{"rendered":"Miss\u00f5es internacionais de 2023 resultam em mais de R$ 3 bilh\u00f5es em investimentos para Minas"},"content":{"rendered":"<p>O\u00a0<a href=\"https:\/\/www.mg.gov.br\/\" target=\"_blank\" rel=\"noopener\">Governo de Minas<\/a>\u00a0n\u00e3o mede esfor\u00e7os para atrair investimentos junto aos maiores mercados, que v\u00e3o gerar empregos e contribuir para o desenvolvimento sustent\u00e1vel do estado. Com esse objetivo, foram realizadas em 2023 miss\u00f5es internacionais que formalizaram cerca de R$ 3,3 bilh\u00f5es em investimentos em novos projetos de empresas, com uma proje\u00e7\u00e3o de gera\u00e7\u00e3o de mais de 4,6 mil\u00a0empregos permanentes.<\/p>\n<p>As comitivas lideradas pelo governador Romeu Zema e pela\u00a0<a href=\"https:\/\/www.desenvolvimento.mg.gov.br\/\" target=\"_blank\" rel=\"noopener\">Secretaria de Estado de Desenvolvimento Econ\u00f4mico (Sede)<\/a>, com a participa\u00e7\u00e3o da\u00a0<a href=\"https:\/\/www.investminas.mg.gov.br\/\" target=\"_blank\" rel=\"noopener\">Invest Minas<\/a>, ainda deixaram muitos acordos bastante encaminhados com grande potencial de se tornarem mais investimentos em um curto prazo.<\/p>\n<p>Entre as miss\u00f5es oficiais de maior destaque no ano est\u00e1 a realizada aos Estados Unidos, em maio, que somou R$ 1,5 bilh\u00e3o em projetos com potencial de atrair 2.059 empregos. Entre eles est\u00e1 o importante investimento com a Boston Metal, uma startup de tecnologia criada e desenvolvida no Instituto de Tecnologia de Massachusetts (MIT), principal refer\u00eancia em ensino e pesquisa em inova\u00e7\u00f5es tecnol\u00f3gicas no mundo. Entre os seus apoiadores e investidores est\u00e3o o fundador da Microsoft, Bill Gates, e os grupos BMW e Arcelor.<\/p>\n<p>A empresa est\u00e1 investindo R$ 573 milh\u00f5es na constru\u00e7\u00e3o de uma unidade produtora de a\u00e7o verde na regi\u00e3o de Coronel Xavier Chaves, no Campo das Vertentes, que utiliza como mat\u00e9ria-prima rejeitos de minera\u00e7\u00e3o, o que d\u00e1 ao empreendimento uma import\u00e2ncia ainda maior para a sustentabilidade em Minas. J\u00e1 em Nova Iorque, um dos principais compromissos aconteceu na Nasdaq, maior bolsa de valores do mundo em neg\u00f3cios de tecnologia e inova\u00e7\u00e3o, onde foi lan\u00e7ado para o mundo o projeto do Vale do L\u00edtio (Lithium Valley Brazil), uma iniciativa que visa desenvolver cidades do Vale do Jequitinhonha, Nordeste e Norte do estado em torno da cadeia produtiva do l\u00edtio, gerando mais empregos e renda para a popula\u00e7\u00e3o.<\/p>\n<p>\u201cNossa passagem pela capital mundial dos neg\u00f3cios foi bastante produtiva. Al\u00e9m do lan\u00e7amento do Vale do L\u00edtio, pudemos realizar reuni\u00f5es com CEOs de empresas\u00a0globais que, sabendo dos principais avan\u00e7os alcan\u00e7ados pelo estado, como a desburocratiza\u00e7\u00e3o de processos, a seguran\u00e7a jur\u00eddica e o aumento da participa\u00e7\u00e3o de Minas no Produto Interno Bruto (PIB) do Brasil, quiseram estreitar o relacionamento e passaram a considerar expandir seus neg\u00f3cios em Minas Gerais\u201d, conta o secret\u00e1rio de Estado de Desenvolvimento Econ\u00f4mico, Fernando Passalio.<\/p>\n<p><strong>Investimentos europeus<\/strong><\/p>\n<p>J\u00e1 em setembro, a miss\u00e3o oficial \u00e0 Europa rendeu ainda mais investimentos para Minas. Na It\u00e1lia, um dos principais parceiros comerciais do Estado, a visita buscou ampliar parcerias e fortalecer as rela\u00e7\u00f5es bilaterais.<\/p>\n<p>Um dos principais projetos anunciados foi o investimento de R$ 152 milh\u00f5es para instala\u00e7\u00e3o de uma usina de biometano de alta tecnologia do Grupo Asja, em Sabar\u00e1, na Regi\u00e3o Metropolitana de Belo Horizonte, onde a empresa opera um aterro sanit\u00e1rio. O produto poder\u00e1 ser comercializado para ind\u00fastrias e mobilidade, contribuindo para a neutraliza\u00e7\u00e3o da emiss\u00e3o de gases do efeito estufa e a descarboniza\u00e7\u00e3o da nossa economia.<\/p>\n<p>Ainda nesta miss\u00e3o, foi formalizado o investimento da empresa austr\u00edaca Andritz Hydro, de R$ 285 milh\u00f5es, para instala\u00e7\u00e3o de unidade em Governador Valadares, no Leste do Estado, uma a\u00e7\u00e3o que prev\u00ea mais 200 empregos na regi\u00e3o do Rio Doce. No total, a miss\u00e3o somou R$ 472 milh\u00f5es em investimentos atra\u00eddos, com capacidade para criar 224 empregos.<\/p>\n<p>\u201cMuitos destes investimentos foram de empresas que j\u00e1 est\u00e3o aqui no estado e que, com esse novo momento da economia, a partir de 2019, ampliaram sua atua\u00e7\u00e3o, demonstrando que os empres\u00e1rios estrangeiros est\u00e3o mais seguros no trabalho que vem sendo feito por esta gest\u00e3o e confiam que esse crescimento \u00e9 sustent\u00e1vel\u201d, considera o CEO da Invest Minas, Jo\u00e3o Paulo Braga.<\/p>\n<p><strong>Asi\u00e1ticos aumentam presen\u00e7a em Minas<\/p>\n<p><\/strong><\/p>\n<p><main class=\"clear margin-md-bottom-3\"><\/p>\n<div class=\"clear \">\n<p>J\u00e1 em novembro, foi a vez do Governo de Minas visitar duas grandes economias da \u00c1sia: China e Jap\u00e3o. Foram fechados acordos que resultaram em R$ 1 bilh\u00e3o em investimentos, com previs\u00e3o de mais de 2 mil empregos gerados.<\/p>\n<p>Entre os an\u00fancios feitos est\u00e1 a parceria de R$ 500 milh\u00f5es entre Gaustec, PST Holding e a chinesa Jingjin Equipment para o descomissionamento de barragens, com previs\u00e3o de 600 empregos diretos, e a expans\u00e3o da f\u00e1brica de ve\u00edculos pesados XCMG, em Pouso Alegre, que motivou a vinda de uma parceira da marca, a Saic, que anunciou que vai construir sua primeira f\u00e1brica de motores na Am\u00e9rica Latina em Minas.<\/p>\n<p>No Jap\u00e3o, o governador de Minas, Romeu Zema, anunciou tamb\u00e9m investimento da Tamura em uma f\u00e1brica de transformadores, al\u00e9m de conferir o andamento do projeto da Toshiba, em parceria com a CBMM, que prev\u00ea a fabrica\u00e7\u00e3o, em Arax\u00e1, de baterias revolucion\u00e1rias para ve\u00edculos el\u00e9tricos. \u201cForam muitos investimentos e parcerias anunciadas na miss\u00e3o no Jap\u00e3o, mas avan\u00e7amos bastante em outros projetos com \u00f3timas possibilidades de serem concretizados em um curto prazo de tempo. A ida at\u00e9 os investidores para uma conversa \u2018olho no olho\u2019, como n\u00f3s mineiros dizemos, pode fazer a diferen\u00e7a na conquista de um grande projeto\u201d, afirma o diretor de Atra\u00e7\u00e3o de Investimentos da Invest Minas. Ronaldo Alexandre Barquette,<\/p>\n<p><strong>Destaque na COP 28<\/strong><\/p>\n<p>O ano de importantes miss\u00f5es internacionais foi fechado com a participa\u00e7\u00e3o do Governo de Minas na 28\u00aa Confer\u00eancia do Clima da Organiza\u00e7\u00e3o das Na\u00e7\u00f5es Unidas (COP-28), em Abu Dhabi, no Emirados \u00c1rabes Unidos. Liderada pelo vice-governador, Professor Mateus Sim\u00f5es, a comitiva mineira participou do an\u00fancio de mais dois importantes investimentos verdes para o estado.<\/p>\n<p>O primeiro da empresa norte-americana Harsco Environmental, que vai investir R$ 220 milh\u00f5es na amplia\u00e7\u00e3o de sua unidade de reaproveitamento de res\u00edduos industriais, na cidade de Tim\u00f3teo, no Leste de Minas, com abertura de mais 70 postos de trabalho. O segundo projeto \u00e9 a instala\u00e7\u00e3o, em Montes Claros, no Norte de Minas, de um Centro de Inova\u00e7\u00e3o e Tecnologia da Acelen Energia, controlada pelo fundo global \u00e1rabe Mubadala, para o desenvolvimento agroindustrial da produ\u00e7\u00e3o de \u00f3leo vegetal e demais produtos a partir da maca\u00faba. Entre os produtos a serem produzidos est\u00e3o biodiesel e combust\u00edvel para avia\u00e7\u00e3o.<\/p>\n<p>\u201cS\u00e3o dois investimentos que contribuem bastante para o processo de descarboniza\u00e7\u00e3o do nosso estado, pois movimentam cadeias important\u00edssimas na nossa economia, como o agroneg\u00f3cio, a mobilidade e a ind\u00fastria. Esses aportes de empresas internacionais comprovam que nosso estado est\u00e1 em conson\u00e2ncia com as demandas e oportunidades do mercado global, que s\u00e3o uma economia mais verde e sustent\u00e1vel\u201d, comenta o diretor de Atra\u00e7\u00e3o de Investimentos da Invest Minas, Leandro Andrade, que esteve na COP-28.<\/p>\n<p>&nbsp;<\/p>\n<\/div>\n<p><\/main><strong><span style=\"font-weight: 400;\">Fonte: Ag\u00eancia Minas <\/span><\/strong><\/p>\n","protected":false},"excerpt":{"rendered":"<p>O\u00a0Governo de Minas\u00a0n\u00e3o mede esfor\u00e7os para atrair investimentos junto aos maiores mercados, que v\u00e3o gerar empregos e contribuir para o desenvolvimento sustent\u00e1vel do estado. Com esse objetivo, foram realizadas em 2023 miss\u00f5es internacionais que formalizaram cerca de R$ 3,3 bilh\u00f5es em investimentos em novos projetos de empresas, com uma proje\u00e7\u00e3o de gera\u00e7\u00e3o de mais de [&hellip;]<\/p>\n","protected":false},"author":246,"featured_media":220009,"comment_status":"closed","ping_status":"closed","sticky":false,"template":"","format":"standard","meta":{"footnotes":""},"categories":[436,440,261,439],"tags":[],"class_list":["post-220008","post","type-post","status-publish","format-standard","has-post-thumbnail","hentry","category-destaque-da-semana","category-destaques-do-dia","category-economia","category-ultima-hora"],"_links":{"self":[{"href":"https:\/\/diarioregionaldigital.com.br\/index.php?rest_route=\/wp\/v2\/posts\/220008","targetHints":{"allow":["GET"]}}],"collection":[{"href":"https:\/\/diarioregionaldigital.com.br\/index.php?rest_route=\/wp\/v2\/posts"}],"about":[{"href":"https:\/\/diarioregionaldigital.com.br\/index.php?rest_route=\/wp\/v2\/types\/post"}],"author":[{"embeddable":true,"href":"https:\/\/diarioregionaldigital.com.br\/index.php?rest_route=\/wp\/v2\/users\/246"}],"replies":[{"embeddable":true,"href":"https:\/\/diarioregionaldigital.com.br\/index.php?rest_route=%2Fwp%2Fv2%2Fcomments&post=220008"}],"version-history":[{"count":1,"href":"https:\/\/diarioregionaldigital.com.br\/index.php?rest_route=\/wp\/v2\/posts\/220008\/revisions"}],"predecessor-version":[{"id":220010,"href":"https:\/\/diarioregionaldigital.com.br\/index.php?rest_route=\/wp\/v2\/posts\/220008\/revisions\/220010"}],"wp:featuredmedia":[{"embeddable":true,"href":"https:\/\/diarioregionaldigital.com.br\/index.php?rest_route=\/wp\/v2\/media\/220009"}],"wp:attachment":[{"href":"https:\/\/diarioregionaldigital.com.br\/index.php?rest_route=%2Fwp%2Fv2%2Fmedia&parent=220008"}],"wp:term":[{"taxonomy":"category","embeddable":true,"href":"https:\/\/diarioregionaldigital.com.br\/index.php?rest_route=%2Fwp%2Fv2%2Fcategories&post=220008"},{"taxonomy":"post_tag","embeddable":true,"href":"https:\/\/diarioregionaldigital.com.br\/index.php?rest_route=%2Fwp%2Fv2%2Ftags&post=220008"}],"curies":[{"name":"wp","href":"https:\/\/api.w.org\/{rel}","templated":true}]}}