{"id":220001,"date":"2023-12-14T20:21:03","date_gmt":"2023-12-14T23:21:03","guid":{"rendered":"https:\/\/diarioregionaldigital.com.br\/?p=220001"},"modified":"2023-12-14T20:23:15","modified_gmt":"2023-12-14T23:23:15","slug":"governo-de-minas-amplia-conectividade-aerea-em-20-e-impulsiona-atracao-de-investimentos","status":"publish","type":"post","link":"https:\/\/diarioregionaldigital.com.br\/?p=220001","title":{"rendered":"Governo de Minas amplia conectividade a\u00e9rea em 20% e impulsiona atra\u00e7\u00e3o de investimentos"},"content":{"rendered":"<p>O tempo hoje \u00e9 considerado um ativo crucial, principalmente quando se est\u00e1 em jogo, por exemplo, a negocia\u00e7\u00e3o de investimentos ou a realiza\u00e7\u00e3o de empreendimentos. Estar um passo \u00e0 frente em conex\u00e3o direta com o neg\u00f3cio pode fazer toda a diferen\u00e7a ao se implementar uma inova\u00e7\u00e3o ou desenvolver um produto ou servi\u00e7o. Empres\u00e1rios em Minas Gerais, Marcos Ursine e Pedro Lages sabem disso e vivenciam de perto a mudan\u00e7a na realidade de seus neg\u00f3cios com a pol\u00edtica de hub a\u00e9reo que vem sendo desenvolvida pelo Governo de Minas.<\/p>\n<p>A amplia\u00e7\u00e3o da conectividade a\u00e9rea do estado \u00e9 um dos principais focos do programa do Governo de Minas. A redu\u00e7\u00e3o do tempo de deslocamento entre as regi\u00f5es mineiras \u00e9 avaliada como estrat\u00e9gica pela atual gest\u00e3o para a atra\u00e7\u00e3o e avan\u00e7o dos investimentos.<\/p>\n<p>Propriet\u00e1rio da rede de postos de combust\u00edveis Cristal, com atua\u00e7\u00e3o no Vale do Jequitinhonha, e da locadora de ve\u00edculos P1 Frotas, Marcos Ursine j\u00e1 sente os benef\u00edcios da rota para Salinas, iniciada neste m\u00eas, e a de Ara\u00e7ua\u00ed, prevista para 2024. Segundo ele, as melhorias ir\u00e3o muito al\u00e9m de facilitar o acesso \u00e0s regi\u00f5es e o simples an\u00fancio dos novos destinos a\u00e9reos j\u00e1 tinha sido suficiente para retomar conversas suas com outros investidores.<\/p>\n<p>\u201cPercorrer 600 quil\u00f4metros \u00e9 muito para gente. Ent\u00e3o os voos s\u00e3o muito importantes para amenizar o tempo, que \u00e9 hoje algo muito precioso\u201d, analisa. \u201cMuita gente, depois dessa not\u00edcia (sobre as novas rotas), me ligou mostrando interesse em dar continuidade a conversas de neg\u00f3cios que estavam paradas\u201d, conta Ursine.<\/p>\n<p><strong>Crescimento em todas as dire\u00e7\u00f5es<\/strong><\/p>\n<p>O Governo de Minas, por meio da Secretaria de Estado de Desenvolvimento Econ\u00f4mico (Sede-MG) e da Invest Minas &#8211; ag\u00eancia vinculada \u00e0 pasta &#8211; fechou este ano com um desempenho expressivo em sua pol\u00edtica de expans\u00e3o e desenvolvimento do setor a\u00e9reo. Ao todo, o Estado registrou 17 novas conex\u00f5es partindo de Minas Gerais, um crescimento de 20%, incluindo rotas internacionais, interestaduais e regionais.<\/p>\n<p>\u201cAs pol\u00edticas p\u00fablicas t\u00eam como meta expandir as conex\u00f5es a\u00e9reas por meio do fortalecimento do hub a\u00e9reo do Aeroporto Internacional de Belo Horizonte, possibilitando aos polos regionais uma maior conectividade com o Brasil e o mundo. Com isso, criamos oportunidades de neg\u00f3cios e, consequentemente, a gera\u00e7\u00e3o de empregos, renda e desenvolvimento em Minas\u201d, destaca o secret\u00e1rio de Estado de Desenvolvimento Econ\u00f4mico de Minas Gerais, Fernando Passalio.<\/p>\n<p>Somente em voos regionais, houve avan\u00e7o de 26% com a expans\u00e3o do n\u00famero de conex\u00f5es, como Manhua\u00e7u e Salinas. Esta \u00faltima teve in\u00edcio no dia 6\/12. A reinaugura\u00e7\u00e3o da rota de Ara\u00e7ua\u00ed, no ano que vem, tamb\u00e9m \u00e9 aguardada com ansiedade na regi\u00e3o do Vale do Jequitinhonha.<\/p>\n<p>Pedro Lages, s\u00f3cio-propriet\u00e1rio da Pousada das Araras, em Ara\u00e7ua\u00ed, conta que a demanda por voos para a regi\u00e3o \u00e9 cada vez maior. O crescimento \u00e9 justificado, entre outros, pelo interesse gerado pelo mercado do l\u00edtio na localidade. A empresa, que \u00e9 familiar, atua h\u00e1 30 anos no munic\u00edpio no ramo hoteleiro.<\/p>\n<p>\u201cTivemos um aumento de fluxo consider\u00e1vel (com o l\u00edtio), e acho que (com a retomada da rota) ser\u00e1 ainda mais positivo para a gente, por facilitar o acesso. Ela vai aumentar a conex\u00e3o para as pessoas, e isso traz n\u00e3o s\u00f3 h\u00f3spedes, mas novos investidores\u201d, diz Lages.<\/p>\n<p>O n\u00famero de rotas interestaduais foi outro a registrar incremento em 2023. Ao todo, a oferta de conex\u00f5es subiu 9%, passando a atender destinos diversos, como Bonito (MS), Joinville (SC) e Palmas (TO), a partir do estado.<\/p>\n<p>Os an\u00fancios de novos voos internacionais pelo Governo de Minas tamb\u00e9m movimentaram o mercado a\u00e9reo local. Neste ano, houve a entrada de seis rotas, com voos diretos para Buenos Aires (ARG), Santiago (CHL), Fort Lauderdale e Orlando (EUA), Bogot\u00e1 (COL) e Cura\u00e7ao.<\/p>\n<p><strong>Trabalho em equipe<\/strong><\/p>\n<p>\u201cA evolu\u00e7\u00e3o foi significativa em pouco tempo. Al\u00e9m dos voos diretos para importantes parceiros comerciais nas Am\u00e9ricas, como Estados Unidos, Col\u00f4mbia, Chile e Argentina, hoje, Belo Horizonte est\u00e1 a praticamente uma conex\u00e3o da grande maioria dos pa\u00edses do mundo, seja na Europa, na \u00c1sia e at\u00e9 na Oceania. Estamos sem d\u00favida mais pr\u00f3ximos dos maiores mercados consumidores, o que amplia as oportunidades de atra\u00e7\u00e3o de investimentos e as possibilidades de exporta\u00e7\u00f5es de empresas mineiras\u201d, afirma o diretor-presidente da Invest Minas, Jo\u00e3o Paulo Braga.<\/p>\n<p>Gestor de Conectividade e Avia\u00e7\u00e3o do BH Airport, Clayton Begido diz que o terminal vai se consolidar como um dos mais importantes hubs a\u00e9reos do Brasil. \u201cAo longo deste ano, nos dedicamos em fortalecer o BH Airport como hub de conex\u00f5es, pronto para conectar destinos e encurtar dist\u00e2ncias. Nesse caminho, sempre contamos com o apoio e parceria da Invest Minas e do governo do Estado. Todos juntos, empenhados em ampliar a conectividade de Minas Gerais com o Brasil e o mundo. O resultado \u00e9 que, al\u00e9m das conex\u00f5es dom\u00e9sticas, quadruplicamos o n\u00famero de destinos internacionais, o que contribui para fomentar ainda mais o potencial tur\u00edstico do nosso estado\u201d, ressalta Clayton Begido.<\/p>\n<p><strong>Conex\u00e3o Vale do L\u00edtio<\/strong><\/p>\n<p>Neste m\u00eas, o Governo de Minas participou do voo inaugural BH-Salinas, operado pela Azul. A conex\u00e3o para Salinas \u00e9 a primeira a atender o Vale do L\u00edtio, uma das prioridades atuais do Estado quando o assunto \u00e9 atra\u00e7\u00e3o de investimentos privados. A expectativa de empres\u00e1rios que atuam na regi\u00e3o \u00e9 de que a nova rota facilite o acesso de funcion\u00e1rios das empresas que j\u00e1 atuam no Vale do L\u00edtio e de potenciais investidores, que poder\u00e3o instalar seus empreendimentos em Minas.<\/p>\n<p>O Vale do L\u00edtio \u00e9 composto por 14 munic\u00edpios: Ara\u00e7ua\u00ed, Capelinha, Coronel Murta, Itaobim, Itinga, Malacacheta, Medina, Minas Novas, Pedra Azul, Virgem da Lapa, Te\u00f3filo Otoni e Turmalina, no Nordeste de Minas, e Rubelita e Salinas, no Norte mineiro.<\/p>\n<p>O projeto lan\u00e7ado pelo Governo de Minas integra o plano de transi\u00e7\u00e3o energ\u00e9tica liderado pela atual gest\u00e3o e j\u00e1 contabiliza R$ 5,5 bilh\u00f5es em investimentos privados e 10 mil empregos, entre diretos e indiretos, representando expectativa de crescimento econ\u00f4mico para as localidades envolvidas.<\/p>\n<p>Para Marcos Ursine, a\u00a0 pol\u00edtica de hub a\u00e9reo do Governo de Minas ser\u00e1 important\u00edssima para o sucesso do projeto do Vale do L\u00edtio. \u201cNo caso dos voos, \u00e9 uma necessidade que nos faltava, e o governo parou e viu a relev\u00e2ncia de se investir. E vai ser parabenizado por isso, porque, para o desenvolvimento econ\u00f4mico, isso n\u00e3o \u00e9 item de vaidade, mas de necessidade. A regi\u00e3o tem potencial\u201d, diz.<\/p>\n<p>Duas outras cidades mineiras ganharam, no fim deste ano, mais ofertas de assentos para voos, aumentando a capacidade de 126 para 560 lugares semanais. O Governo de Minas anunciou que Arax\u00e1 e Patos de Minas receber\u00e3o voos operados pelo ATR 72-600, que possibilitar\u00e1 mais comodidade aos passageiros.<\/p>\n<p><span style=\"font-weight: 400;\">Fonte: Ag\u00eancia Minas <\/span><\/p>\n","protected":false},"excerpt":{"rendered":"<p>O tempo hoje \u00e9 considerado um ativo crucial, principalmente quando se est\u00e1 em jogo, por exemplo, a negocia\u00e7\u00e3o de investimentos ou a realiza\u00e7\u00e3o de empreendimentos. Estar um passo \u00e0 frente em conex\u00e3o direta com o neg\u00f3cio pode fazer toda a diferen\u00e7a ao se implementar uma inova\u00e7\u00e3o ou desenvolver um produto ou servi\u00e7o. Empres\u00e1rios em Minas [&hellip;]<\/p>\n","protected":false},"author":246,"featured_media":0,"comment_status":"closed","ping_status":"closed","sticky":false,"template":"","format":"standard","meta":{"footnotes":""},"categories":[1],"tags":[],"class_list":["post-220001","post","type-post","status-publish","format-standard","hentry","category-sem-categoria"],"_links":{"self":[{"href":"https:\/\/diarioregionaldigital.com.br\/index.php?rest_route=\/wp\/v2\/posts\/220001","targetHints":{"allow":["GET"]}}],"collection":[{"href":"https:\/\/diarioregionaldigital.com.br\/index.php?rest_route=\/wp\/v2\/posts"}],"about":[{"href":"https:\/\/diarioregionaldigital.com.br\/index.php?rest_route=\/wp\/v2\/types\/post"}],"author":[{"embeddable":true,"href":"https:\/\/diarioregionaldigital.com.br\/index.php?rest_route=\/wp\/v2\/users\/246"}],"replies":[{"embeddable":true,"href":"https:\/\/diarioregionaldigital.com.br\/index.php?rest_route=%2Fwp%2Fv2%2Fcomments&post=220001"}],"version-history":[{"count":1,"href":"https:\/\/diarioregionaldigital.com.br\/index.php?rest_route=\/wp\/v2\/posts\/220001\/revisions"}],"predecessor-version":[{"id":220003,"href":"https:\/\/diarioregionaldigital.com.br\/index.php?rest_route=\/wp\/v2\/posts\/220001\/revisions\/220003"}],"wp:attachment":[{"href":"https:\/\/diarioregionaldigital.com.br\/index.php?rest_route=%2Fwp%2Fv2%2Fmedia&parent=220001"}],"wp:term":[{"taxonomy":"category","embeddable":true,"href":"https:\/\/diarioregionaldigital.com.br\/index.php?rest_route=%2Fwp%2Fv2%2Fcategories&post=220001"},{"taxonomy":"post_tag","embeddable":true,"href":"https:\/\/diarioregionaldigital.com.br\/index.php?rest_route=%2Fwp%2Fv2%2Ftags&post=220001"}],"curies":[{"name":"wp","href":"https:\/\/api.w.org\/{rel}","templated":true}]}}