{"id":219991,"date":"2023-12-14T01:56:20","date_gmt":"2023-12-14T04:56:20","guid":{"rendered":"https:\/\/diarioregionaldigital.com.br\/?p=219991"},"modified":"2023-12-14T01:56:20","modified_gmt":"2023-12-14T04:56:20","slug":"prefeitura-municipal-de-descoberto-contrato-no095-14-12-2023","status":"publish","type":"post","link":"https:\/\/diarioregionaldigital.com.br\/?p=219991","title":{"rendered":"Prefeitura Municipal de Descoberto &#8211; Contrato n\u00ba095 &#8211; 14\/12\/2023"},"content":{"rendered":"<p style=\"text-align: center;\"><strong>EXTRATO DE CONTRATO<\/strong><\/p>\n<p style=\"text-align: center;\">Pref. Municipal de Descoberto x Thales Marciano de Souza \u2013 Contrata\u00e7\u00e3o de \u00a0profissional para presta\u00e7\u00e3o de servi\u00e7os de Educa\u00e7\u00e3o F\u00edsica desenvolvendo aulas de atividades f\u00edsica em grupo, trabalho multidisciplinar e planejamento da aten\u00e7\u00e3o prim\u00e1ria da Sa\u00fade \u2013 \u00a0Fundamento: Preg\u00e3o \u00a0n\u00ba 030\/2023 &#8211; Valor Global: R$21.600,00 &#8211; Vig\u00eancia: 12 meses &#8211;\u00a0 Dot or\u00e7: 02.02005.10.301.0004.284-339036\/150 &#8211; \u00a0\u00a0Ass: 13\/12\/2023 &#8211; Foro: S\u00e3o Jo\u00e3o Nepomuceno\/MG.<\/p>\n<p style=\"text-align: center;\"><strong>Marcos de Ara\u00fajo Lima<\/strong><\/p>\n<p style=\"text-align: center;\"><strong>Prefeito Municipal <\/strong><\/p>\n","protected":false},"excerpt":{"rendered":"<p>EXTRATO DE CONTRATO Pref. Municipal de Descoberto x Thales Marciano de Souza \u2013 Contrata\u00e7\u00e3o de \u00a0profissional para presta\u00e7\u00e3o de servi\u00e7os de Educa\u00e7\u00e3o F\u00edsica desenvolvendo aulas de atividades f\u00edsica em grupo, trabalho multidisciplinar e planejamento da aten\u00e7\u00e3o prim\u00e1ria da Sa\u00fade \u2013 \u00a0Fundamento: Preg\u00e3o \u00a0n\u00ba 030\/2023 &#8211; Valor Global: R$21.600,00 &#8211; Vig\u00eancia: 12 meses &#8211;\u00a0 Dot or\u00e7: [&hellip;]<\/p>\n","protected":false},"author":96,"featured_media":0,"comment_status":"closed","ping_status":"closed","sticky":false,"template":"","format":"standard","meta":{"footnotes":""},"categories":[307],"tags":[],"class_list":["post-219991","post","type-post","status-publish","format-standard","hentry","category-editais"],"_links":{"self":[{"href":"https:\/\/diarioregionaldigital.com.br\/index.php?rest_route=\/wp\/v2\/posts\/219991","targetHints":{"allow":["GET"]}}],"collection":[{"href":"https:\/\/diarioregionaldigital.com.br\/index.php?rest_route=\/wp\/v2\/posts"}],"about":[{"href":"https:\/\/diarioregionaldigital.com.br\/index.php?rest_route=\/wp\/v2\/types\/post"}],"author":[{"embeddable":true,"href":"https:\/\/diarioregionaldigital.com.br\/index.php?rest_route=\/wp\/v2\/users\/96"}],"replies":[{"embeddable":true,"href":"https:\/\/diarioregionaldigital.com.br\/index.php?rest_route=%2Fwp%2Fv2%2Fcomments&post=219991"}],"version-history":[{"count":1,"href":"https:\/\/diarioregionaldigital.com.br\/index.php?rest_route=\/wp\/v2\/posts\/219991\/revisions"}],"predecessor-version":[{"id":219992,"href":"https:\/\/diarioregionaldigital.com.br\/index.php?rest_route=\/wp\/v2\/posts\/219991\/revisions\/219992"}],"wp:attachment":[{"href":"https:\/\/diarioregionaldigital.com.br\/index.php?rest_route=%2Fwp%2Fv2%2Fmedia&parent=219991"}],"wp:term":[{"taxonomy":"category","embeddable":true,"href":"https:\/\/diarioregionaldigital.com.br\/index.php?rest_route=%2Fwp%2Fv2%2Fcategories&post=219991"},{"taxonomy":"post_tag","embeddable":true,"href":"https:\/\/diarioregionaldigital.com.br\/index.php?rest_route=%2Fwp%2Fv2%2Ftags&post=219991"}],"curies":[{"name":"wp","href":"https:\/\/api.w.org\/{rel}","templated":true}]}}