{"id":219985,"date":"2023-12-13T20:45:17","date_gmt":"2023-12-13T23:45:17","guid":{"rendered":"https:\/\/diarioregionaldigital.com.br\/?p=219985"},"modified":"2023-12-13T20:45:17","modified_gmt":"2023-12-13T23:45:17","slug":"regiao-sudeste-recebe-castramovel-do-canil-municipal","status":"publish","type":"post","link":"https:\/\/diarioregionaldigital.com.br\/?p=219985","title":{"rendered":"Regi\u00e3o Sudeste recebe castram\u00f3vel do Canil Municipal"},"content":{"rendered":"<p>Segundo informa\u00e7\u00f5es do site da Prefeitura de Juiz de Fora (PJF), o castram\u00f3vel do Canil Municipal opera at\u00e9 a pr\u00f3xima sexta-feira, 15, na rua Domingos Dalamura, bairro Santo Ant\u00f4nio. O atendimento no local foi iniciado nesta ter\u00e7a-feira, 12. S\u00e3o ofertados servi\u00e7os de castra\u00e7\u00e3o e microchipagem gratuita para c\u00e3es e gatos j\u00e1 cadastrados na plataforma Prefeitura \u00c1gil.<\/p>\n<p>&nbsp;<\/p>\n<div>A equipe do Canil Municipal faz o agendamento com os tutores atrav\u00e9s do n\u00famero indicado no formul\u00e1rio de cadastro. O procedimento \u00e9 realizado de acordo com a regi\u00e3o de atua\u00e7\u00e3o do castram\u00f3vel e localidade do tutor.<\/div>\n<p>&nbsp;<\/p>\n<div>Os cadastros para castra\u00e7\u00e3o devem ser realizados exclusivamente pela\u00a0<strong><a href=\"https:\/\/www.pjf.mg.gov.br\/agil\/\">Prefeitura \u00c1gil<\/a><\/strong>.<\/p>\n<\/div>\n","protected":false},"excerpt":{"rendered":"<p>Segundo informa\u00e7\u00f5es do site da Prefeitura de Juiz de Fora (PJF), o castram\u00f3vel do Canil Municipal opera at\u00e9 a pr\u00f3xima sexta-feira, 15, na rua Domingos Dalamura, bairro Santo Ant\u00f4nio. O atendimento no local foi iniciado nesta ter\u00e7a-feira, 12. S\u00e3o ofertados servi\u00e7os de castra\u00e7\u00e3o e microchipagem gratuita para c\u00e3es e gatos j\u00e1 cadastrados na plataforma Prefeitura [&hellip;]<\/p>\n","protected":false},"author":246,"featured_media":219986,"comment_status":"closed","ping_status":"closed","sticky":false,"template":"","format":"standard","meta":{"footnotes":""},"categories":[253,436,439],"tags":[],"class_list":["post-219985","post","type-post","status-publish","format-standard","has-post-thumbnail","hentry","category-cidade","category-destaque-da-semana","category-ultima-hora"],"_links":{"self":[{"href":"https:\/\/diarioregionaldigital.com.br\/index.php?rest_route=\/wp\/v2\/posts\/219985","targetHints":{"allow":["GET"]}}],"collection":[{"href":"https:\/\/diarioregionaldigital.com.br\/index.php?rest_route=\/wp\/v2\/posts"}],"about":[{"href":"https:\/\/diarioregionaldigital.com.br\/index.php?rest_route=\/wp\/v2\/types\/post"}],"author":[{"embeddable":true,"href":"https:\/\/diarioregionaldigital.com.br\/index.php?rest_route=\/wp\/v2\/users\/246"}],"replies":[{"embeddable":true,"href":"https:\/\/diarioregionaldigital.com.br\/index.php?rest_route=%2Fwp%2Fv2%2Fcomments&post=219985"}],"version-history":[{"count":1,"href":"https:\/\/diarioregionaldigital.com.br\/index.php?rest_route=\/wp\/v2\/posts\/219985\/revisions"}],"predecessor-version":[{"id":219987,"href":"https:\/\/diarioregionaldigital.com.br\/index.php?rest_route=\/wp\/v2\/posts\/219985\/revisions\/219987"}],"wp:featuredmedia":[{"embeddable":true,"href":"https:\/\/diarioregionaldigital.com.br\/index.php?rest_route=\/wp\/v2\/media\/219986"}],"wp:attachment":[{"href":"https:\/\/diarioregionaldigital.com.br\/index.php?rest_route=%2Fwp%2Fv2%2Fmedia&parent=219985"}],"wp:term":[{"taxonomy":"category","embeddable":true,"href":"https:\/\/diarioregionaldigital.com.br\/index.php?rest_route=%2Fwp%2Fv2%2Fcategories&post=219985"},{"taxonomy":"post_tag","embeddable":true,"href":"https:\/\/diarioregionaldigital.com.br\/index.php?rest_route=%2Fwp%2Fv2%2Ftags&post=219985"}],"curies":[{"name":"wp","href":"https:\/\/api.w.org\/{rel}","templated":true}]}}