{"id":219979,"date":"2023-12-13T20:38:58","date_gmt":"2023-12-13T23:38:58","guid":{"rendered":"https:\/\/diarioregionaldigital.com.br\/?p=219979"},"modified":"2023-12-13T20:38:58","modified_gmt":"2023-12-13T23:38:58","slug":"sao-paulo-recebera-partida-da-temporada-regular-da-nfl-em-2024-25","status":"publish","type":"post","link":"https:\/\/diarioregionaldigital.com.br\/?p=219979","title":{"rendered":"S\u00e3o Paulo receber\u00e1 partida da temporada regular da NFL em 2024\/25"},"content":{"rendered":"<p>A NFL (liga de futebol americano dos Estados Unidos)\u00a0anunciou nesta quarta-feira\u00a0(13) que a cidade de S\u00e3o Paulo receber\u00e1 um jogo da temporada regular de 2024\/25. O duelo &#8211; ainda sem data e times definidos &#8211; ocorrer\u00e1\u00a0na Neo Qu\u00edmica Arena, est\u00e1dio do Corinthians.<img decoding=\"async\" src=\"https:\/\/agenciabrasil.ebc.com.br\/ebc.png?id=1572163&amp;o=node\" \/><img decoding=\"async\" src=\"https:\/\/agenciabrasil.ebc.com.br\/ebc.gif?id=1572163&amp;o=node\" \/><\/p>\n<p>A liga avaliava poss\u00edveis novos locais para realiza\u00e7\u00e3o de partidas fora dos Estados Unidos. Atualmente, Inglaterra e Alemanha j\u00e1 recebem embates da NFL. S\u00e3o Paulo derrotou a concorr\u00eancia de Madri para se tornar a pr\u00f3xima sede de duelos da liga.<\/p>\n<p>Nesta quarta (13), foi aprovada uma resolu\u00e7\u00e3o que define que cada um dos 32 times da NFL jogar\u00e1 uma partida no exterior a cada quatro anos. A iniciativa provavelmente resultar\u00e1 no aumento de jogos em solo estrangeiro nos pr\u00f3ximos anos.<\/p>\n<p>O Brasil e mais especificamente S\u00e3o Paulo foram escolhidos pela dimens\u00e3o do seu mercado consumidor, tido como o terceiro que mais acompanha a liga norte-americana em todo o mundo. Segundo as contas da pr\u00f3pria NFL, s\u00e3o mais de 38 milh\u00f5es de f\u00e3s brasileiros da maior liga de futebol americano do mundo. A Neo Qu\u00edmica Arena, com capacidade para 49 mil pessoas, se encaixa nos planos que a NFL tinha para dar conta do p\u00fablico interessado.<\/p>\n<p>E ainda h\u00e1 mais motivos de otimismo para o f\u00e3 brasileiro: segundo o site da pr\u00f3pria NFL, Peter O&#8217;Reilly, vice-presidente de neg\u00f3cios da liga, disse que h\u00e1 chance de o Rio de Janeiro tamb\u00e9m receber\u00a0uma partida da temporada regular em um futuro pr\u00f3ximo.<\/p>\n<p><span style=\"font-weight: 400;\">Fonte: Ag\u00eancia Brasil <\/span><\/p>\n","protected":false},"excerpt":{"rendered":"<p>A NFL (liga de futebol americano dos Estados Unidos)\u00a0anunciou nesta quarta-feira\u00a0(13) que a cidade de S\u00e3o Paulo receber\u00e1 um jogo da temporada regular de 2024\/25. O duelo &#8211; ainda sem data e times definidos &#8211; ocorrer\u00e1\u00a0na Neo Qu\u00edmica Arena, est\u00e1dio do Corinthians. A liga avaliava poss\u00edveis novos locais para realiza\u00e7\u00e3o de partidas fora dos Estados [&hellip;]<\/p>\n","protected":false},"author":246,"featured_media":219980,"comment_status":"closed","ping_status":"closed","sticky":false,"template":"","format":"standard","meta":{"footnotes":""},"categories":[436,257,439],"tags":[],"class_list":["post-219979","post","type-post","status-publish","format-standard","has-post-thumbnail","hentry","category-destaque-da-semana","category-esporte","category-ultima-hora"],"_links":{"self":[{"href":"https:\/\/diarioregionaldigital.com.br\/index.php?rest_route=\/wp\/v2\/posts\/219979","targetHints":{"allow":["GET"]}}],"collection":[{"href":"https:\/\/diarioregionaldigital.com.br\/index.php?rest_route=\/wp\/v2\/posts"}],"about":[{"href":"https:\/\/diarioregionaldigital.com.br\/index.php?rest_route=\/wp\/v2\/types\/post"}],"author":[{"embeddable":true,"href":"https:\/\/diarioregionaldigital.com.br\/index.php?rest_route=\/wp\/v2\/users\/246"}],"replies":[{"embeddable":true,"href":"https:\/\/diarioregionaldigital.com.br\/index.php?rest_route=%2Fwp%2Fv2%2Fcomments&post=219979"}],"version-history":[{"count":1,"href":"https:\/\/diarioregionaldigital.com.br\/index.php?rest_route=\/wp\/v2\/posts\/219979\/revisions"}],"predecessor-version":[{"id":219981,"href":"https:\/\/diarioregionaldigital.com.br\/index.php?rest_route=\/wp\/v2\/posts\/219979\/revisions\/219981"}],"wp:featuredmedia":[{"embeddable":true,"href":"https:\/\/diarioregionaldigital.com.br\/index.php?rest_route=\/wp\/v2\/media\/219980"}],"wp:attachment":[{"href":"https:\/\/diarioregionaldigital.com.br\/index.php?rest_route=%2Fwp%2Fv2%2Fmedia&parent=219979"}],"wp:term":[{"taxonomy":"category","embeddable":true,"href":"https:\/\/diarioregionaldigital.com.br\/index.php?rest_route=%2Fwp%2Fv2%2Fcategories&post=219979"},{"taxonomy":"post_tag","embeddable":true,"href":"https:\/\/diarioregionaldigital.com.br\/index.php?rest_route=%2Fwp%2Fv2%2Ftags&post=219979"}],"curies":[{"name":"wp","href":"https:\/\/api.w.org\/{rel}","templated":true}]}}