{"id":219976,"date":"2023-12-13T20:36:38","date_gmt":"2023-12-13T23:36:38","guid":{"rendered":"https:\/\/diarioregionaldigital.com.br\/?p=219976"},"modified":"2023-12-13T20:36:38","modified_gmt":"2023-12-13T23:36:38","slug":"volei-minas-perde-na-estreia-e-se-complica-no-mundial-de-clubes","status":"publish","type":"post","link":"https:\/\/diarioregionaldigital.com.br\/?p=219976","title":{"rendered":"V\u00f4lei: Minas perde na estreia e se complica no Mundial de Clubes"},"content":{"rendered":"<p>Primeiro time brasileiro a estrear no Mundial de Clubes de V\u00f4lei Feminino, em Hangzhou (China), o Minas se complicou na competi\u00e7\u00e3o ao perder para as donas da casa do Tianjin Bohai. Nesta quarta-feira (13), a equipe mineira foi superada por 3 sets a 0 (25\/22, 25\/16 e 25\/21) no duelo da primeira fase do Grupo A. \u00a0<img decoding=\"async\" src=\"https:\/\/agenciabrasil.ebc.com.br\/ebc.png?id=1572254&amp;o=node\" \/><img decoding=\"async\" src=\"https:\/\/agenciabrasil.ebc.com.br\/ebc.gif?id=1572254&amp;o=node\" \/><\/p>\n<p>Para seguir vivo no Mundial, o Minas precisa vencer o pr\u00f3ximo duelo, \u00e0s 8h30 (hor\u00e1rio de Bras\u00edlia) de sexta (15), contra o Eczacibasi (Turquia), um dos favoritos ao t\u00edtulo. \u00a0As Guerreiras de A\u00e7o, como tamb\u00e9m \u00e9 chamada a equipe mineira, busca o t\u00edtulo in\u00e9dito na competi\u00e7\u00e3o.<\/p>\n<p>O Mundial re\u00fane seis times divididos em dois grupos. No Grupo B est\u00e1 o outro time brasileiro, o Praia Clube, e tamb\u00e9m o Vakifbank (Turquia) e o Sport Center 1 (Vietn\u00e3). Os dois primeiros colocados na primeira fase se classificam \u00e0s semifinais. O torneio vai at\u00e9 domingo (17).<\/p>\n<p>No confronto de hoje (13), o time brasileiro entrou em quadra desfalcado da levantadora Jenna Gray, que lesionou gravemente na v\u00e9spera da estreia. Os destaques do jogo foram a central Julia Kudiess e a oposta Kisy, que anotaram 12 pontos cada uma.<\/p>\n<p>Ao fim da partida, a campit\u00e3 Thaisa analisou o desempenho do Minas na estreia do Mundial.<\/p>\n<blockquote><p>\u201cCome\u00e7amos o jogo com um bom desempenho no saque. Elas t\u00eam um poder de ataque muito grande, ent\u00e3o precisamos investir no saque para afastar a bola da rede, e fizemos bem isso no primeiro set, mas nos outros dois pecamos muito. Saio com um sentimento de que poderia fazer mais e vou estudar para fazer melhor\u201d, garantiu a jogadora meio de rede, \u00a0bicampe\u00e3 ol\u00edmpica com a sele\u00e7\u00e3o brasileira.<\/p><\/blockquote>\n<h2>Praia Clube estreia \u00e0s 3h de quinta (14)<\/h2>\n<p>O time de Uberl\u00e2ndia entra em quadra na madrugada desta quinta (14), \u00e0s 3h, contra o Sport Center (Vietn\u00e3), equipe estreante no Mundial. O segundo e \u00faltimo jogo da primeira fase ser\u00e1 \u00e0s 3h de sexta (15), contra o Vakifbank (Turquia), atual vice-campe\u00e3o do torneio.<\/p>\n<p><span style=\"font-weight: 400;\">Fonte: Ag\u00eancia Brasil <\/span><\/p>\n","protected":false},"excerpt":{"rendered":"<p>Primeiro time brasileiro a estrear no Mundial de Clubes de V\u00f4lei Feminino, em Hangzhou (China), o Minas se complicou na competi\u00e7\u00e3o ao perder para as donas da casa do Tianjin Bohai. Nesta quarta-feira (13), a equipe mineira foi superada por 3 sets a 0 (25\/22, 25\/16 e 25\/21) no duelo da primeira fase do Grupo [&hellip;]<\/p>\n","protected":false},"author":246,"featured_media":219977,"comment_status":"closed","ping_status":"closed","sticky":false,"template":"","format":"standard","meta":{"footnotes":""},"categories":[436,440,257,439],"tags":[],"class_list":["post-219976","post","type-post","status-publish","format-standard","has-post-thumbnail","hentry","category-destaque-da-semana","category-destaques-do-dia","category-esporte","category-ultima-hora"],"_links":{"self":[{"href":"https:\/\/diarioregionaldigital.com.br\/index.php?rest_route=\/wp\/v2\/posts\/219976","targetHints":{"allow":["GET"]}}],"collection":[{"href":"https:\/\/diarioregionaldigital.com.br\/index.php?rest_route=\/wp\/v2\/posts"}],"about":[{"href":"https:\/\/diarioregionaldigital.com.br\/index.php?rest_route=\/wp\/v2\/types\/post"}],"author":[{"embeddable":true,"href":"https:\/\/diarioregionaldigital.com.br\/index.php?rest_route=\/wp\/v2\/users\/246"}],"replies":[{"embeddable":true,"href":"https:\/\/diarioregionaldigital.com.br\/index.php?rest_route=%2Fwp%2Fv2%2Fcomments&post=219976"}],"version-history":[{"count":1,"href":"https:\/\/diarioregionaldigital.com.br\/index.php?rest_route=\/wp\/v2\/posts\/219976\/revisions"}],"predecessor-version":[{"id":219978,"href":"https:\/\/diarioregionaldigital.com.br\/index.php?rest_route=\/wp\/v2\/posts\/219976\/revisions\/219978"}],"wp:featuredmedia":[{"embeddable":true,"href":"https:\/\/diarioregionaldigital.com.br\/index.php?rest_route=\/wp\/v2\/media\/219977"}],"wp:attachment":[{"href":"https:\/\/diarioregionaldigital.com.br\/index.php?rest_route=%2Fwp%2Fv2%2Fmedia&parent=219976"}],"wp:term":[{"taxonomy":"category","embeddable":true,"href":"https:\/\/diarioregionaldigital.com.br\/index.php?rest_route=%2Fwp%2Fv2%2Fcategories&post=219976"},{"taxonomy":"post_tag","embeddable":true,"href":"https:\/\/diarioregionaldigital.com.br\/index.php?rest_route=%2Fwp%2Fv2%2Ftags&post=219976"}],"curies":[{"name":"wp","href":"https:\/\/api.w.org\/{rel}","templated":true}]}}