{"id":219965,"date":"2023-12-13T17:52:47","date_gmt":"2023-12-13T20:52:47","guid":{"rendered":"https:\/\/diarioregionaldigital.com.br\/?p=219965"},"modified":"2023-12-13T17:52:47","modified_gmt":"2023-12-13T20:52:47","slug":"membros-do-conselho-sao-eleitos-durante-a-8a-conferencia-metropolitana-da-rmbh","status":"publish","type":"post","link":"https:\/\/diarioregionaldigital.com.br\/?p=219965","title":{"rendered":"Membros do conselho s\u00e3o eleitos durante a 8\u00aa Confer\u00eancia Metropolitana da RMBH"},"content":{"rendered":"<p><main class=\"clear margin-md-bottom-3\"><\/p>\n<div class=\"clear \">\n<p>Durante essa ter\u00e7a-feira (12\/12), a\u00a0<a href=\"http:\/\/www.agenciarmbh.mg.gov.br\/\" target=\"_blank\" rel=\"noopener\">Ag\u00eancia de Desenvolvimento da Regi\u00e3o Metropolitana de Belo Horizonte (Ag\u00eancia RMBH)<\/a>\u00a0realizou a elei\u00e7\u00e3o dos novos membros que v\u00e3o compor o Conselho Deliberativo de Desenvolvimento Metropolitano (CDDM-RMBH).<\/p>\n<p>Os encontros ocorreram nos per\u00edodos de manh\u00e3 e tarde na Cidade Administrativa, em Belo Horizonte, com a participa\u00e7\u00e3o de prefeitos e representantes municipais.<\/p>\n<p>A primeira elei\u00e7\u00e3o foi realizada para definir as cadeiras dos munic\u00edpios para o bi\u00eanio 2024-2025.<\/p>\n<p>Na oportunidade, os l\u00edderes locais discutiram pol\u00edticas e projetos que impactam toda a regi\u00e3o metropolitana. A partir dos debates, entraram em consenso para a composi\u00e7\u00e3o no conselho da seguinte forma:<\/p>\n<p>TITULAR Nova Lima<\/p>\n<p>SUPLENTE Rio Acima<\/p>\n<p>&nbsp;<\/p>\n<p>TITULAR Jaboticatubas<\/p>\n<p>SUPLENTE Itaguara<\/p>\n<p>&nbsp;<\/p>\n<p>TITULAR Lagoa Santa<\/p>\n<p>SUPLENTE Sabar\u00e1<\/p>\n<p>J\u00e1 na parte da tarde, o encontro contou com a participa\u00e7\u00e3o dos delegados definidos em pr\u00e9-confer\u00eancia. Os representantes defenderam pol\u00edticas p\u00fablicas e a\u00e7\u00f5es priorit\u00e1rias para o desenvolvimento da RMBH, baseadas nas 12 fun\u00e7\u00f5es p\u00fablicas de interesse comum. A partir dos debates entre grupos, entraram em consenso para a composi\u00e7\u00e3o do CDDM:<\/p>\n<p>TITULAR B\u00e1rbara Fran\u00e7a &#8211; Instituto Neides Abreu \/ Demais Organiza\u00e7\u00f5es do Terceiro Setor<\/p>\n<p>SUPLENTE Benedita Souza &#8211; N\u00facleo Sem Casa Sant\u00edssima Trindade \/ Movimentos Sociais e Populares<\/p>\n<p>TITULAR Elvis Gaia \u2013 Codese-BH \/ Demais Organiza\u00e7\u00f5es do Terceiro Setor<\/p>\n<p>SUPLENTE Luciano Medrado &#8211; Fetcemg \/ Setor Produtivo<\/p>\n<p>\u201cAs elei\u00e7\u00f5es na Confer\u00eancia Metropolitana fortalecem o processo da gest\u00e3o integrada e colaborativa de quest\u00f5es que transcendem as fronteiras municipais. Al\u00e9m disso, desempenha um papel fundamental na participa\u00e7\u00e3o democr\u00e1tica e na inclus\u00e3o de diferentes perspectivas na tomada de decis\u00f5es que afetam a vida dos cidad\u00e3os metropolitanos\u201d, afirma o diretor-geral da Ag\u00eancia RMBH, Marcus Vinicius Lopes.<\/p>\n<p>O Conselho Deliberativo de Desenvolvimento Metropolitano \u00e9 o \u00f3rg\u00e3o de gest\u00e3o metropolitana previsto na Lei Complementar n\u00ba 88\/2006, respons\u00e1vel, dentre outras atribui\u00e7\u00f5es, por estabelecer prioridades e orientar a execu\u00e7\u00e3o de pol\u00edticas metropolitanas contidas no Plano Diretor de Desenvolvimento Integrado (PDDI), al\u00e9m de deliberar sobre a utiliza\u00e7\u00e3o dos recursos do Fundo de Desenvolvimento Metropolitano (FDM).<\/p>\n<p><span style=\"font-weight: 400;\">Fonte: Ag\u00eancia Minas <\/span><\/p>\n<\/div>\n<p><\/main><\/p>\n","protected":false},"excerpt":{"rendered":"<p>Durante essa ter\u00e7a-feira (12\/12), a\u00a0Ag\u00eancia de Desenvolvimento da Regi\u00e3o Metropolitana de Belo Horizonte (Ag\u00eancia RMBH)\u00a0realizou a elei\u00e7\u00e3o dos novos membros que v\u00e3o compor o Conselho Deliberativo de Desenvolvimento Metropolitano (CDDM-RMBH). Os encontros ocorreram nos per\u00edodos de manh\u00e3 e tarde na Cidade Administrativa, em Belo Horizonte, com a participa\u00e7\u00e3o de prefeitos e representantes municipais. A primeira [&hellip;]<\/p>\n","protected":false},"author":246,"featured_media":219966,"comment_status":"closed","ping_status":"closed","sticky":false,"template":"","format":"standard","meta":{"footnotes":""},"categories":[436,440,254,439],"tags":[],"class_list":["post-219965","post","type-post","status-publish","format-standard","has-post-thumbnail","hentry","category-destaque-da-semana","category-destaques-do-dia","category-politica","category-ultima-hora"],"_links":{"self":[{"href":"https:\/\/diarioregionaldigital.com.br\/index.php?rest_route=\/wp\/v2\/posts\/219965","targetHints":{"allow":["GET"]}}],"collection":[{"href":"https:\/\/diarioregionaldigital.com.br\/index.php?rest_route=\/wp\/v2\/posts"}],"about":[{"href":"https:\/\/diarioregionaldigital.com.br\/index.php?rest_route=\/wp\/v2\/types\/post"}],"author":[{"embeddable":true,"href":"https:\/\/diarioregionaldigital.com.br\/index.php?rest_route=\/wp\/v2\/users\/246"}],"replies":[{"embeddable":true,"href":"https:\/\/diarioregionaldigital.com.br\/index.php?rest_route=%2Fwp%2Fv2%2Fcomments&post=219965"}],"version-history":[{"count":1,"href":"https:\/\/diarioregionaldigital.com.br\/index.php?rest_route=\/wp\/v2\/posts\/219965\/revisions"}],"predecessor-version":[{"id":219967,"href":"https:\/\/diarioregionaldigital.com.br\/index.php?rest_route=\/wp\/v2\/posts\/219965\/revisions\/219967"}],"wp:featuredmedia":[{"embeddable":true,"href":"https:\/\/diarioregionaldigital.com.br\/index.php?rest_route=\/wp\/v2\/media\/219966"}],"wp:attachment":[{"href":"https:\/\/diarioregionaldigital.com.br\/index.php?rest_route=%2Fwp%2Fv2%2Fmedia&parent=219965"}],"wp:term":[{"taxonomy":"category","embeddable":true,"href":"https:\/\/diarioregionaldigital.com.br\/index.php?rest_route=%2Fwp%2Fv2%2Fcategories&post=219965"},{"taxonomy":"post_tag","embeddable":true,"href":"https:\/\/diarioregionaldigital.com.br\/index.php?rest_route=%2Fwp%2Fv2%2Ftags&post=219965"}],"curies":[{"name":"wp","href":"https:\/\/api.w.org\/{rel}","templated":true}]}}