{"id":219959,"date":"2023-12-13T17:48:18","date_gmt":"2023-12-13T20:48:18","guid":{"rendered":"https:\/\/diarioregionaldigital.com.br\/?p=219959"},"modified":"2023-12-13T17:48:18","modified_gmt":"2023-12-13T20:48:18","slug":"minas-gerais-atinge-marco-historico-e-supera-7-gw-de-geracao-solar-em-operacao","status":"publish","type":"post","link":"https:\/\/diarioregionaldigital.com.br\/?p=219959","title":{"rendered":"Minas Gerais atinge marco hist\u00f3rico e supera 7 GW de gera\u00e7\u00e3o solar em opera\u00e7\u00e3o"},"content":{"rendered":"<p>H\u00e1 5 anos, os irm\u00e3os Carlos e Bruno Cordeiro resolveram reunir os conhecimentos obtidos com a viv\u00eancia profissional na ind\u00fastria para tornar o sonho de empreender uma realidade. A aposta foi feita em uma mat\u00e9ria-prima abundante, perene, sustent\u00e1vel, limpa e bastante conhecida, apesar do potencial at\u00e9 ent\u00e3o pouco explorado: o sol.<\/p>\n<p>Carlos trabalhava para uma empresa fornecedora de equipamentos para hidrogera\u00e7\u00e3o, enquanto o irm\u00e3o Bruno, engenheiro eletricista, atuava na \u00e1rea de projetos e manuten\u00e7\u00e3o de instala\u00e7\u00f5es el\u00e9tricas. O resultado dessa uni\u00e3o foi a cria\u00e7\u00e3o da Cordeiro Energia, integradora de energia solar fotovoltaica especializada na constru\u00e7\u00e3o de projetos e de usinas solares de microgera\u00e7\u00e3o e servi\u00e7os de manuten\u00e7\u00e3o, com sede em Curvelo, regi\u00e3o Central de Minas Gerais.<\/p>\n<p>Os irm\u00e3os fazem parte de um ecossistema que tem crescido expressivamente em Minas Gerais &#8211; o de Energia &#8211; e que, neste ano, j\u00e1 alcan\u00e7ou um marco hist\u00f3rico: 7,15 GW de gera\u00e7\u00e3o solar fotovoltaica em opera\u00e7\u00e3o. Somente em 2023, houve um incremento de 2,6 GW de energia solar operacional no estado, o maior entre todas as unidades federativas. O avan\u00e7o em 57,14% manteve Minas Gerais em primeiro lugar no ranking de crescimento na gera\u00e7\u00e3o solar fotovoltaica.<\/p>\n<p>Neste m\u00eas de dezembro, a gera\u00e7\u00e3o centralizada solar em Minas registrou 3,81 GW de pot\u00eancia fiscalizada, enquanto a distribu\u00edda foi de 3,34 GW de pot\u00eancia instalada. A soma destes resultados leva o estado a mais um recorde na energia fotovoltaica. De toda a energia solar produzida no Brasil, 19,95% est\u00e3o concentrados em Minas Gerais, segundo levantamento da Ag\u00eancia Nacional de Energia El\u00e9trica (Aneel).<\/p>\n<p>Para Carlos Cordeiro, o crescimento da energia solar no estado \u00e9 explicado por tr\u00eas fatores: o alto valor pago pelo quilowatt, os \u00edndices solarim\u00e9tricos favor\u00e1veis e a redu\u00e7\u00e3o\/isen\u00e7\u00e3o de impostos por parte do\u00a0<a href=\"https:\/\/www.mg.gov.br\/\" target=\"_blank\" rel=\"noopener\">Governo de Minas<\/a>. \u201cNeste trip\u00e9, est\u00e1 para mim o sucesso da energia solar dentro do estado\u201d, afirma.<\/p>\n<p>Em Montes Claros, no Norte de Minas, outro empres\u00e1rio que vem aproveitando o bom momento do mercado de energia mineiro \u00e9 Kerley Batista Alves. Hoje s\u00f3cio da Eternal Engenharia Ltda, que conta com um quadro de cem funcion\u00e1rios, Kerley deixou uma carreira est\u00e1vel para empreender no setor em 2014. Em 2015, j\u00e1 era respons\u00e1vel pela 1\u00aa usina solar homologada no munic\u00edpio.<\/p>\n<p>\u201cMinas tem apetite grande por energia; a gente percebeu que o pessoal tem usado muito a energia pr\u00f3pria sendo gerada. Passou tamb\u00e9m a ter um consumo maior aqui no Norte de Minas, onde faz muito calor, porque as pessoas passaram a usar mais equipamentos como ar condicionado, al\u00e9m das padarias com a ado\u00e7\u00e3o de fornos el\u00e9tricos, aumentando consideravelmente o consumo de energia\u201d, explica Kerley Alves.<\/p>\n<p>A empresa de Kerley \u00e9 especializada em constru\u00e7\u00e3o de grandes projetos e atua como investidora em usinas pr\u00f3prias. Atualmente, est\u00e1 construindo duas em cidades pr\u00f3ximas a Belo Horizonte &#8211; totalizando oito obras em andamento no estado &#8211; e tr\u00eas fora de Minas: no Rio de Janeiro (2) e em S\u00e3o Paulo. Desde que iniciou na atividade, o empres\u00e1rio j\u00e1 ergueu 135 usinas, sendo 35 pr\u00f3prias.<\/p>\n<p>O secret\u00e1rio de Estado de\u00a0<a href=\"https:\/\/www.desenvolvimento.mg.gov.br\/\" target=\"_blank\" rel=\"noopener\">Desenvolvimento Econ\u00f4mico de Minas Gerais<\/a>, Fernando Passalio, destaca que o cont\u00ednuo crescimento do estado em energia solar resulta, principalmente, da pol\u00edtica de incentivo \u00e0 atra\u00e7\u00e3o de investimentos do Governo de Minas. Al\u00e9m disso, evidencia a importante posi\u00e7\u00e3o do estado como refer\u00eancia nacional no setor.<\/p>\n<p>\u201cO Governo do Estado, por meio da Sede e sua Diretoria de Energia, tem criado e impulsionado, portanto, iniciativas que visam incentivar a vinda de novos investimentos relacionados \u00e0 gera\u00e7\u00e3o de energia renov\u00e1vel e a manuten\u00e7\u00e3o do pioneirismo com trabalho constante, evidenciado pelo crescimento exponencial. Sobretudo, em um contexto de busca pela manuten\u00e7\u00e3o do equil\u00edbrio ambiental e de corrida para zerar as emiss\u00f5es l\u00edquidas de gases de efeito estufa, al\u00e9m de ratificar o compromisso do estado com a descarboniza\u00e7\u00e3o da matriz energ\u00e9tica e como l\u00edder do processo de transi\u00e7\u00e3o energ\u00e9tica no pa\u00eds\u201d, afirma.<\/p>\n<p><b>Protagonismo em energia limpa<\/b><\/p>\n<p>Proveniente das grandes centrais de produ\u00e7\u00e3o de energia el\u00e9trica, a energia solar centralizada mant\u00e9m Minas Gerais em primeiro lugar no ranking nacional, com cerca de 34% da produ\u00e7\u00e3o no pa\u00eds.<\/p>\n<p>A energia solar em opera\u00e7\u00e3o de Minas corresponde a mais da metade da capacidade instalada total da Usina Hidrel\u00e9trica de Belo Monte &#8211; a maior usina hidrel\u00e9trica do Brasil e a quarta do mundo &#8211; e \u00e9 capaz de atender mais de 2 milh\u00f5es e 400 mil casas, em um consumo m\u00e9dio de 300 kw por resid\u00eancia.<\/p>\n<p>Esses resultados demonstram o protagonismo de Minas Gerais em rela\u00e7\u00e3o \u00e0 energia solar e o compromisso do Governo do Estado com a gera\u00e7\u00e3o de energia por meio de fontes limpas e renov\u00e1veis. A participa\u00e7\u00e3o da Secretaria de Estado de Desenvolvimento Econ\u00f4mico (Sede-MG), por meio da Diretoria de Energia e do Programa Sol de Minas, tem sido essencial para a manuten\u00e7\u00e3o da vanguarda mineira no setor.<\/p>\n<p>\u201cAcompanhei a primeira grande usina instalada no Brasil, em Pirapora, um investimento da espanhola Solatio. Quando chega investimento desse porte em um munic\u00edpio, ele transforma toda a cidade e as regi\u00f5es vizinhas: o com\u00e9rcio e os hot\u00e9is ficam lotados. J\u00e1 vi casos em que, nas padarias, chegou a faltar p\u00e3o, nos postos de combust\u00edveis, faltar combust\u00edvel, tamanha era a demanda. Ent\u00e3o, fica um legado na cidade de investimentos, de tecnologia, porque as empresas utilizam a m\u00e3o de obra local. Vi isso acontecer em Manga, Jana\u00faba, Janu\u00e1ria. Hoje 78% do sistema de energia solar fotovoltaica s\u00e3o residenciais, o que mostra que ela \u00e9 acess\u00edvel e democr\u00e1tica\u201d, analisa o coordenador da Associa\u00e7\u00e3o Brasileira de Energia Solar Fotovoltaica em Minas (Absolar), Bruno Catta Preta.<\/p>\n<p>Catta Preta est\u00e1 \u00e0 frente da entidade desde 2020 e avalia que o trabalho desenvolvido pelo Governo de Minas no incentivo \u00e0 energia limpa tem sido estrat\u00e9gico para o alcance desses n\u00fameros. Como exemplo, o coordenador da Absolar em Minas cita o Projeto Sol de Minas, liderado pela Sede-MG e do qual ele participa.<\/p>\n<p>\u201cAtuo como um dos palestrantes\/treinadores. Hoje estamos capacitando os 853 prefeitos e respectivos secret\u00e1rios de Desenvolvimento em energia limpa. Queremos mostrar que os prefeitos, quando levam essa energia para suas escolas, por exemplo, levam tecnologia e apresentam a modernidade. J\u00e1 fizemos cinco rodadas do programa\u201d, conta.<\/p>\n<p><b>Cen\u00e1rio energ\u00e9tico<\/b><\/p>\n<p>Minas Gerais lidera o setor de gera\u00e7\u00e3o solar fotovoltaica no Brasil. Em rela\u00e7\u00e3o \u00e0 gera\u00e7\u00e3o centralizada, 18% da matriz energ\u00e9tica mineira corresponde \u00e0 gera\u00e7\u00e3o solar. Dessa forma, o estado representa 34% da capacidade instalada total brasileira. J\u00e1 em gera\u00e7\u00e3o distribu\u00edda, Minas compreende 13,4% do total de pot\u00eancia instalada, atr\u00e1s somente de S\u00e3o Paulo, que det\u00e9m 13,58% do total.<\/p>\n<p>De janeiro a novembro deste ano, 1.816 MW de gera\u00e7\u00e3o solar centralizada entraram em opera\u00e7\u00e3o em Minas Gerais, nos munic\u00edpios de Ja\u00edba, Jana\u00faba, Pirapora, Arax\u00e1, Varginha e V\u00e1rzea da Palma. Ao mesmo tempo, 773 MW de gera\u00e7\u00e3o distribu\u00edda entraram em opera\u00e7\u00e3o em todo o estado.<\/p>\n<p>Em Minas, 100% dos munic\u00edpios possuem ao menos uma unidade de gera\u00e7\u00e3o de energia solar fotovoltaica, no campo da gera\u00e7\u00e3o centralizada mais 879 empreendimentos est\u00e3o em fase de constru\u00e7\u00e3o ou com constru\u00e7\u00e3o n\u00e3o iniciada, sendo 852 de gera\u00e7\u00e3o solar fotovoltaica.<\/p>\n<p><b>Sol de Minas<\/b><\/p>\n<p>O Projeto Sol de Minas, criado em 2019, \u00e9 fundamental para compreender o sucesso do Estado de Minas Gerais na gera\u00e7\u00e3o solar fotovoltaica. Depois da implementa\u00e7\u00e3o dele, Minas Gerais passou de 518,55 MW de pot\u00eancia instalada em energia fotovoltaica em 2018 para 7.135,2 MW em 2023, um crescimento de mais de 13 vezes.<\/p>\n<p>A prioriza\u00e7\u00e3o do tema e o projeto foram imprescind\u00edveis para a r\u00e1pida evolu\u00e7\u00e3o do setor dentro de um per\u00edodo de cinco anos, al\u00e9m de alavancar o protagonismo de Minas. Entre suas frentes de atua\u00e7\u00e3o, destacam-se a capacita\u00e7\u00e3o dos gestores municipais para a atra\u00e7\u00e3o de investimentos e cria\u00e7\u00e3o de pol\u00edticas p\u00fablicas para o setor solar; a elabora\u00e7\u00e3o do Atlas Solarim\u00e9trico, em conjunto com a Cemig, para apontar os pontos de oportunidade e conex\u00e3o no estado; a elabora\u00e7\u00e3o de incentivos fiscais para produ\u00e7\u00e3o de energia el\u00e9trica de fonte renov\u00e1veis; e a simplifica\u00e7\u00e3o do procedimento de licenciamento ambiental para gera\u00e7\u00e3o de energia solar.<\/p>\n<p>Essas medidas, dentre outras, s\u00e3o implementadas com os objetivos de aumentar a capacidade instalada de gera\u00e7\u00e3o de energia el\u00e9trica, fortalecer a cadeia produtiva da gera\u00e7\u00e3o de energia solar fotovoltaica, aumentar a participa\u00e7\u00e3o de energias limpas na matriz energ\u00e9tica do estado e reduzir a emiss\u00e3o de gases do efeito estufa.<\/p>\n<p><span style=\"font-weight: 400;\">Fonte: Ag\u00eancia Minas <\/span><\/p>\n","protected":false},"excerpt":{"rendered":"<p>H\u00e1 5 anos, os irm\u00e3os Carlos e Bruno Cordeiro resolveram reunir os conhecimentos obtidos com a viv\u00eancia profissional na ind\u00fastria para tornar o sonho de empreender uma realidade. A aposta foi feita em uma mat\u00e9ria-prima abundante, perene, sustent\u00e1vel, limpa e bastante conhecida, apesar do potencial at\u00e9 ent\u00e3o pouco explorado: o sol. Carlos trabalhava para uma [&hellip;]<\/p>\n","protected":false},"author":246,"featured_media":219960,"comment_status":"closed","ping_status":"closed","sticky":false,"template":"","format":"standard","meta":{"footnotes":""},"categories":[436,440,261,439],"tags":[],"class_list":["post-219959","post","type-post","status-publish","format-standard","has-post-thumbnail","hentry","category-destaque-da-semana","category-destaques-do-dia","category-economia","category-ultima-hora"],"_links":{"self":[{"href":"https:\/\/diarioregionaldigital.com.br\/index.php?rest_route=\/wp\/v2\/posts\/219959","targetHints":{"allow":["GET"]}}],"collection":[{"href":"https:\/\/diarioregionaldigital.com.br\/index.php?rest_route=\/wp\/v2\/posts"}],"about":[{"href":"https:\/\/diarioregionaldigital.com.br\/index.php?rest_route=\/wp\/v2\/types\/post"}],"author":[{"embeddable":true,"href":"https:\/\/diarioregionaldigital.com.br\/index.php?rest_route=\/wp\/v2\/users\/246"}],"replies":[{"embeddable":true,"href":"https:\/\/diarioregionaldigital.com.br\/index.php?rest_route=%2Fwp%2Fv2%2Fcomments&post=219959"}],"version-history":[{"count":1,"href":"https:\/\/diarioregionaldigital.com.br\/index.php?rest_route=\/wp\/v2\/posts\/219959\/revisions"}],"predecessor-version":[{"id":219961,"href":"https:\/\/diarioregionaldigital.com.br\/index.php?rest_route=\/wp\/v2\/posts\/219959\/revisions\/219961"}],"wp:featuredmedia":[{"embeddable":true,"href":"https:\/\/diarioregionaldigital.com.br\/index.php?rest_route=\/wp\/v2\/media\/219960"}],"wp:attachment":[{"href":"https:\/\/diarioregionaldigital.com.br\/index.php?rest_route=%2Fwp%2Fv2%2Fmedia&parent=219959"}],"wp:term":[{"taxonomy":"category","embeddable":true,"href":"https:\/\/diarioregionaldigital.com.br\/index.php?rest_route=%2Fwp%2Fv2%2Fcategories&post=219959"},{"taxonomy":"post_tag","embeddable":true,"href":"https:\/\/diarioregionaldigital.com.br\/index.php?rest_route=%2Fwp%2Fv2%2Ftags&post=219959"}],"curies":[{"name":"wp","href":"https:\/\/api.w.org\/{rel}","templated":true}]}}