{"id":219951,"date":"2023-12-12T20:11:00","date_gmt":"2023-12-12T23:11:00","guid":{"rendered":"https:\/\/diarioregionaldigital.com.br\/?p=219951"},"modified":"2023-12-12T20:11:00","modified_gmt":"2023-12-12T23:11:00","slug":"prefeitura-intensifica-cuidados-com-os-canteiros-da-cidade","status":"publish","type":"post","link":"https:\/\/diarioregionaldigital.com.br\/?p=219951","title":{"rendered":"Prefeitura intensifica cuidados com os canteiros da cidade"},"content":{"rendered":"<p>Segundo informa\u00e7\u00e3o do site da Prefeitura de Juiz de Fora (PJF), a PJF intensificou os trabalhos de manuten\u00e7\u00e3o nos canteiros da cidade. Nos \u00faltimos dias, a Empresa Municipal de Pavimenta\u00e7\u00e3o e Urbanidades (Empav) est\u00e1 realizando os replantios necess\u00e1rios das flores e plantas ornamentais cultivadas, al\u00e9m da reposi\u00e7\u00e3o de terra preparada com nutrientes para que as plantas sigam crescendo bonitas e saud\u00e1veis.<\/p>\n<p>As flores de beijo e outras esp\u00e9cies presentes nos canteiros centrais da Avenida Rio Branco, principal via da cidade, est\u00e3o recebendo os cuidados. O servi\u00e7o tamb\u00e9m chega a outros locais, como os canteiros dos bairros Ladeira e Manoel Hon\u00f3rio, e no Trevo de Caxamb\u00fa, em Nova Era. Al\u00e9m dos trabalhos de manuten\u00e7\u00e3o, as equipes do Horto Florestal da Empav seguem com os plantios em diversos outros pontos do munic\u00edpio.<\/p>\n<p>\u00c9 v\u00e1lido lembrar que o cuidado com os canteiros \u00e9 um dever de todos e todas.\u00a0 Caso presencie algum furto ou dano aos canteiros do munic\u00edpio, acione a Guarda Municipal, atrav\u00e9s do 153.<\/p>\n<p>\u00c9 importante ressaltar que todos os servi\u00e7os de zeladoria do munic\u00edpio fazem parte do Programa Boniteza. A programa\u00e7\u00e3o completa das atividades realizadas pela PJF pode ser consultada atrav\u00e9s da p\u00e1gina do Gabinete, pelo\u00a0<a href=\"https:\/\/www.pjf.mg.gov.br\/gabinetecomunitario\/#onde\"><strong>link<\/strong><\/a>.<\/p>\n","protected":false},"excerpt":{"rendered":"<p>Segundo informa\u00e7\u00e3o do site da Prefeitura de Juiz de Fora (PJF), a PJF intensificou os trabalhos de manuten\u00e7\u00e3o nos canteiros da cidade. Nos \u00faltimos dias, a Empresa Municipal de Pavimenta\u00e7\u00e3o e Urbanidades (Empav) est\u00e1 realizando os replantios necess\u00e1rios das flores e plantas ornamentais cultivadas, al\u00e9m da reposi\u00e7\u00e3o de terra preparada com nutrientes para que as [&hellip;]<\/p>\n","protected":false},"author":246,"featured_media":219952,"comment_status":"closed","ping_status":"closed","sticky":false,"template":"","format":"standard","meta":{"footnotes":""},"categories":[253,436,439],"tags":[],"class_list":["post-219951","post","type-post","status-publish","format-standard","has-post-thumbnail","hentry","category-cidade","category-destaque-da-semana","category-ultima-hora"],"_links":{"self":[{"href":"https:\/\/diarioregionaldigital.com.br\/index.php?rest_route=\/wp\/v2\/posts\/219951","targetHints":{"allow":["GET"]}}],"collection":[{"href":"https:\/\/diarioregionaldigital.com.br\/index.php?rest_route=\/wp\/v2\/posts"}],"about":[{"href":"https:\/\/diarioregionaldigital.com.br\/index.php?rest_route=\/wp\/v2\/types\/post"}],"author":[{"embeddable":true,"href":"https:\/\/diarioregionaldigital.com.br\/index.php?rest_route=\/wp\/v2\/users\/246"}],"replies":[{"embeddable":true,"href":"https:\/\/diarioregionaldigital.com.br\/index.php?rest_route=%2Fwp%2Fv2%2Fcomments&post=219951"}],"version-history":[{"count":1,"href":"https:\/\/diarioregionaldigital.com.br\/index.php?rest_route=\/wp\/v2\/posts\/219951\/revisions"}],"predecessor-version":[{"id":219953,"href":"https:\/\/diarioregionaldigital.com.br\/index.php?rest_route=\/wp\/v2\/posts\/219951\/revisions\/219953"}],"wp:featuredmedia":[{"embeddable":true,"href":"https:\/\/diarioregionaldigital.com.br\/index.php?rest_route=\/wp\/v2\/media\/219952"}],"wp:attachment":[{"href":"https:\/\/diarioregionaldigital.com.br\/index.php?rest_route=%2Fwp%2Fv2%2Fmedia&parent=219951"}],"wp:term":[{"taxonomy":"category","embeddable":true,"href":"https:\/\/diarioregionaldigital.com.br\/index.php?rest_route=%2Fwp%2Fv2%2Fcategories&post=219951"},{"taxonomy":"post_tag","embeddable":true,"href":"https:\/\/diarioregionaldigital.com.br\/index.php?rest_route=%2Fwp%2Fv2%2Ftags&post=219951"}],"curies":[{"name":"wp","href":"https:\/\/api.w.org\/{rel}","templated":true}]}}