{"id":219948,"date":"2023-12-12T20:08:54","date_gmt":"2023-12-12T23:08:54","guid":{"rendered":"https:\/\/diarioregionaldigital.com.br\/?p=219948"},"modified":"2023-12-12T20:08:54","modified_gmt":"2023-12-12T23:08:54","slug":"caminhando-pela-historia-leva-integrantes-do-programa-de-preparacao-para-aposentadoria-a-pontos-turisticos-da-cidade","status":"publish","type":"post","link":"https:\/\/diarioregionaldigital.com.br\/?p=219948","title":{"rendered":"Caminhando pela Hist\u00f3ria leva integrantes do Programa de Prepara\u00e7\u00e3o para Aposentadoria a pontos tur\u00edsticos da cidade"},"content":{"rendered":"<p>Segundo informa\u00e7\u00e3o do site da Prefeitura de Juiz de Fora (PJF), nesta ter\u00e7a-feira, 12, ex-servidores da Prefeitura de Juiz de Fora (PJF) que fazem parte do Programa de Prepara\u00e7\u00e3o para Aposentadoria (PPAP), participaram do projeto \u201cCaminhando pela Hist\u00f3ria\u201d. A atividade proporcionou uma volta no tempo que gerou conhecimento mais aprofundado sobre os pontos tur\u00edsticos da cidade. Durante tr\u00eas horas, foram realizadas visitas ao Museu do Cr\u00e9dito Real, Cine-Theatro Central e Forum da Cultura. A a\u00e7\u00e3o foi executada pela Secretaria de Turismo (Setur) e teve como objetivo fortalecer o turismo dom\u00e9stico.<\/p>\n<p>O passeio se iniciou no pr\u00e9dio onde est\u00e3o preservados materiais do primeiro banco de Minas Gerais, inaugurado em 1889. Guiado pelo historiador Roberto Dilly, o p\u00fablico teve a oportunidade de conhecer a hist\u00f3ria do cen\u00e1rio banc\u00e1rio desde o per\u00edodo colonial at\u00e9 1997, quando o banco foi privatizado. A caminhada tamb\u00e9m percorreu as instala\u00e7\u00f5es do Cine-Theatro Central, um dos\u00a0principais bens do patrim\u00f4nio cultural de Juiz de Fora e tombado pelo Instituto do Patrim\u00f4nio Hist\u00f3rico e Art\u00edstico Nacional (Iphan). Bolsistas do teatro explicaram as pinturas no teto e nas paredes feitas pelo artista italiano Angelo Biggi. O teatro foi inaugurado em 1929.<\/p>\n<p>O roteiro terminou no Forum da Cultura, onde est\u00e1 em exibi\u00e7\u00e3o a tradicional exposi\u00e7\u00e3o de pres\u00e9pios natalinos. Ao entrarem, os visitantes puderam explorar diversas representa\u00e7\u00f5es do nascimento de Jesus Cristo. Com o t\u00edtulo &#8220;Tocam os Sinos&#8221;, a mostra foi inspirada nas badaladas caracter\u00edsticas desta \u00e9poca do ano.<\/p>\n<p>Em sua fala,\u00a0no museu do Cr\u00e9dito Real,\u00a0Roberto Dilly destacou que a parceria entre a Setur e os museus \u00e9 crucial. \u201cO \u201cCaminhando pela Hist\u00f3ria\u201d \u00e9 importante para promover o turismo e estimular o conhecimento sobre o rico patrim\u00f4nio preservado em Juiz de Fora que, muitas vezes, n\u00e3o \u00e9 ensinado nas escolas. Essa iniciativa revela uma parte importante da hist\u00f3ria local e surpreende as pessoas que descobrem a grandeza cultural dos 22 museus que existem na cidade\u201d, disse o historiador.<\/p>\n<p>A ex-professora da rede municipal, L\u00facia da Silva Germano, ficou encantada com o passeio. \u201cConheci a hist\u00f3ria cultural de Juiz de Fora, algo que geralmente muitas pessoas desconhecem, especialmente sobre o Museu do Cr\u00e9dito Real e o Cine Central. Passeios como esse, que agregam experi\u00eancias e informa\u00e7\u00f5es valiosas, contribuem significativamente na educa\u00e7\u00e3o. Recomendo que os professores ativos participem desse projeto para ajudar no crescimento cultural das crian\u00e7as\u201d, salientou L\u00facia.<\/p>\n","protected":false},"excerpt":{"rendered":"<p>Segundo informa\u00e7\u00e3o do site da Prefeitura de Juiz de Fora (PJF), nesta ter\u00e7a-feira, 12, ex-servidores da Prefeitura de Juiz de Fora (PJF) que fazem parte do Programa de Prepara\u00e7\u00e3o para Aposentadoria (PPAP), participaram do projeto \u201cCaminhando pela Hist\u00f3ria\u201d. A atividade proporcionou uma volta no tempo que gerou conhecimento mais aprofundado sobre os pontos tur\u00edsticos da [&hellip;]<\/p>\n","protected":false},"author":246,"featured_media":219949,"comment_status":"closed","ping_status":"closed","sticky":false,"template":"","format":"standard","meta":{"footnotes":""},"categories":[253,436,440,439],"tags":[],"class_list":["post-219948","post","type-post","status-publish","format-standard","has-post-thumbnail","hentry","category-cidade","category-destaque-da-semana","category-destaques-do-dia","category-ultima-hora"],"_links":{"self":[{"href":"https:\/\/diarioregionaldigital.com.br\/index.php?rest_route=\/wp\/v2\/posts\/219948","targetHints":{"allow":["GET"]}}],"collection":[{"href":"https:\/\/diarioregionaldigital.com.br\/index.php?rest_route=\/wp\/v2\/posts"}],"about":[{"href":"https:\/\/diarioregionaldigital.com.br\/index.php?rest_route=\/wp\/v2\/types\/post"}],"author":[{"embeddable":true,"href":"https:\/\/diarioregionaldigital.com.br\/index.php?rest_route=\/wp\/v2\/users\/246"}],"replies":[{"embeddable":true,"href":"https:\/\/diarioregionaldigital.com.br\/index.php?rest_route=%2Fwp%2Fv2%2Fcomments&post=219948"}],"version-history":[{"count":1,"href":"https:\/\/diarioregionaldigital.com.br\/index.php?rest_route=\/wp\/v2\/posts\/219948\/revisions"}],"predecessor-version":[{"id":219950,"href":"https:\/\/diarioregionaldigital.com.br\/index.php?rest_route=\/wp\/v2\/posts\/219948\/revisions\/219950"}],"wp:featuredmedia":[{"embeddable":true,"href":"https:\/\/diarioregionaldigital.com.br\/index.php?rest_route=\/wp\/v2\/media\/219949"}],"wp:attachment":[{"href":"https:\/\/diarioregionaldigital.com.br\/index.php?rest_route=%2Fwp%2Fv2%2Fmedia&parent=219948"}],"wp:term":[{"taxonomy":"category","embeddable":true,"href":"https:\/\/diarioregionaldigital.com.br\/index.php?rest_route=%2Fwp%2Fv2%2Fcategories&post=219948"},{"taxonomy":"post_tag","embeddable":true,"href":"https:\/\/diarioregionaldigital.com.br\/index.php?rest_route=%2Fwp%2Fv2%2Ftags&post=219948"}],"curies":[{"name":"wp","href":"https:\/\/api.w.org\/{rel}","templated":true}]}}