{"id":219942,"date":"2023-12-12T19:54:24","date_gmt":"2023-12-12T22:54:24","guid":{"rendered":"https:\/\/diarioregionaldigital.com.br\/?p=219942"},"modified":"2023-12-12T19:54:24","modified_gmt":"2023-12-12T22:54:24","slug":"governo-de-minas-reconhece-destaques-do-esporte-mineiro-em-2023","status":"publish","type":"post","link":"https:\/\/diarioregionaldigital.com.br\/?p=219942","title":{"rendered":"Governo de Minas reconhece destaques do esporte mineiro em 2023"},"content":{"rendered":"<p>O\u00a0<a href=\"https:\/\/www.mg.gov.br\/\" target=\"_blank\" rel=\"noopener\">Governo de Minas Gerais<\/a>\u00a0est\u00e1 comprometido com o esporte, por meio de investimentos na \u00e1rea e no reconhecimento dos respons\u00e1veis por levar o nome do estado aos p\u00f3dios do Brasil e do mundo.<\/p>\n<p>Atletas, t\u00e9cnicos, educadores f\u00edsicos, representantes de clubes, prefeituras, entidades ligadas ao esporte, empresas apoiadoras, integrantes do Governo do Estado, al\u00e9m de convidados, se re\u00fanem nesta ter\u00e7a-feira (12\/12) em Belo Horizonte para a entrega do Pr\u00eamio do Esporte Mineiro (PEM) de 2023.<\/p>\n<p>A premia\u00e7\u00e3o detalha o investimento que tem sido feito\u00a0feito pelo Governo de Minas, por meio da\u00a0\u00a0<a href=\"https:\/\/social.mg.gov.br\/\" target=\"_blank\" rel=\"noopener\">Secretaria de Estado de Desenvolvimento Social de Minas Gerais (Sedese-MG)<\/a>\u00a0e da Subsecretaria de Esportes (Subesp).<\/p>\n<p>Um dos 40 homenageados da noite ser\u00e1 o nadador do Praia Clube, de Uberl\u00e2ndia, no Tri\u00e2ngulo Mineiro, Gabriel Bandeira, que conquistou cinco medalhas de ouro e cinco recordes sul-americanos no Parapan-Americano de Santiago, no Chile, realizado em novembro.<\/p>\n<p>Bandeira competiu na classe S14, para nadadores com defici\u00eancia intelectual, e vai ser homenageado com o pr\u00eamio Bolsa Destaque Paratleta, j\u00e1 que ele \u00e9 um dos desportistas que recebe a ajuda de custo por meio do programa Bolsa Atleta.<\/p>\n<p>\u201cFico muito feliz de ganhar esse pr\u00eamio. Minha campanha no Parapan-Americano foi espetacular, com 100% de aproveitamento, cinco medalhas de ouro e cinco recordes em cinco provas nadadas. Consegui aproveitar ao m\u00e1ximo. Na competi\u00e7\u00e3o fui surpreendido com meus tempos porque a temporada foi um pouco dif\u00edcil, por isso estava meio desacreditado\u201d, explicou.<\/p>\n<p>\u201cQueria agradecer o meu patroc\u00ednio do Governo de Minas, porque sem ele eu n\u00e3o teria esses resultados. Queria agradecer ao Praia Clube e meus demais patrocinadores que sempre me apoiam e me incentivam\u201d, continuou o nadador.<\/p>\n<p>Al\u00e9m de Gabriel, mais de 200 atletas e paratletas de alto rendimento foram contemplados por este apoio, num total de mais de R$ 2 milh\u00f5es investidos pelo Governo de Minas somente em 2023.<\/p>\n<p>Este, inclusive, foi o maior valor j\u00e1 aplicado pela atual gest\u00e3o no programa, sendo que de 2019 at\u00e9 2022 o montante foi superior a R$ 6 milh\u00f5es.<\/p>\n<p>Agora Gabriel vive a expectativa por outro sonho: disputar as Paralimp\u00edadas de Paris, no ano que vem. \u201cA expectativa para Paris? Posso dizer que s\u00e3o as melhores. Eu vou buscar o m\u00e1ximo de medalhas poss\u00edvel, me divertir. Quem sabe n\u00e3o sai algum recorde?\u201d, conclui.<\/p>\n<p>Outra homenageada desta noite \u00e9 Vit\u00f3ria Miranda, de 15 anos, que vai receber o mesmo pr\u00eamio de Bandeira, mas na categoria feminina. Ela est\u00e1 em S\u00e3o Paulo, onde participa de treinamentos para seu esporte, o t\u00eanis em cadeira de rodas.<\/p>\n<p>\u201cA\u00a0premia\u00e7\u00e3o \u00e9 uma conquista, esse ano foi muito bom para mim. Estive presente no Parapan Jovem (disputado na Col\u00f4mbia), onde fui medalhista de ouro, estive presente tamb\u00e9m no US Open, tudo isso poss\u00edvel tamb\u00e9m pelo apoio do Bolsa Atleta\u201d, resumiu.<\/p>\n<p>Quem tamb\u00e9m vive o sonho de chegar bem a Paris \u00e9 o colega de treinos de Gabriel no Praia Clube, Samuel Oliveira, que tamb\u00e9m \u00e9 bolsista no programa do governo estadual.<\/p>\n<p>Aos 18 anos e em sua primeira participa\u00e7\u00e3o nos Jogos Parapan-Americanos ele surpreendeu ao conquistar sete medalhas de ouro em sete provas disputadas.<\/p>\n<p>\u201cFoi meu primeiro Parapan, competi em sete provas e ganhei sete medalhas de ouro. E ano que vem tem Paris, vai ser minha primeira vez participando de uma Paralimp\u00edada e esse Parapan foi mais uma prepara\u00e7\u00e3o para eu saber como funciona. Se Deus quiser, vou para Paris trazer mais medalhas para o Brasil\u201d, disse.<\/p>\n<p>Oliveira agradeceu aos patrocinadores e tamb\u00e9m falou sobre as possibilidades oferecidas pelo Bolsa Atleta.<\/p>\n<p>\u201cO programa \u00e9 muito importante para todos os atletas para ajudar, para ter uma motiva\u00e7\u00e3o. \u00c9 para ajudar tamb\u00e9m na compra de nossos equipamentos de treino, de competi\u00e7\u00e3o, ent\u00e3o eu quero agradecer a todos os respons\u00e1veis por este apoio\u201d, completou.<\/p>\n<p>Tamb\u00e9m bolsista do programa, mas como t\u00e9cnico, Alexandre Vieira, do Praia Clube receber\u00e1 o pr\u00eamio Bolsa T\u00e9cnico Paral\u00edmpico nesta ter\u00e7a. Para ele, o programa do Governo de Minas \u00e9 de extrema import\u00e2ncia.<\/p>\n<p>\u201c\u00c9 fundamental na nossa prepara\u00e7\u00e3o visando as principais competi\u00e7\u00f5es do calend\u00e1rio, visto que os custos para manter um atleta de alto rendimento s\u00e3o muito elevados. E podemos usar o recurso da bolsa para investir ainda mais na nossa prepara\u00e7\u00e3o, garantindo um excelente resultado\u201d, frisou.<\/p>\n<p><strong>Mais investimentos<\/strong><\/p>\n<p>Os exemplos de Gabriel, Samuel, Vit\u00f3ria e Alexandre s\u00e3o apenas alguns relacionados a um dos programas esportivos apoiados pelo Governo de Minas por meio da Sedese. No entanto, h\u00e1 v\u00e1rios outros que mostram o comprometimento da gest\u00e3o estadual\u00a0com a \u00e1rea esportiva.<\/p>\n<p>Al\u00e9m do Bolsa Atleta e Bolsa T\u00e9cnico, cujo investimento de 2019 para c\u00e1 superou os R$ 8 milh\u00f5es, h\u00e1 a Lei Estadual de Incentivo ao Esporte que, desde 2019, j\u00e1 investiu mais de R$ 109 milh\u00f5es e beneficiou quase 150 mil pessoas.<\/p>\n<p>Outra fonte de recurso para a \u00e1rea \u00e9 o ICMS Esportivo, que nesses cinco anos repassou mais de R$ 60 milh\u00f5es, atendendo a mais de 2,6 milh\u00f5es de pessoas.<\/p>\n<p>Na \u00e1rea acad\u00eamica h\u00e1 o Observat\u00f3rio do Esporte, que realiza pesquisas e parcerias com institui\u00e7\u00f5es de ensino superior, cujo investimento de 2019 at\u00e9 aqui foi de R$ 234 mil, atingindo quase 400 mil usu\u00e1rios no site.<\/p>\n<p>Tamb\u00e9m fazem parte das pol\u00edticas p\u00fablicas do estado a\u00e7\u00f5es voltadas para crian\u00e7as, adolescentes e pessoas idosas.<\/p>\n<p>O Gera\u00e7\u00e3o Esporte contempla pessoas de 6 a 17 anos, com ou sem defici\u00eancia, para pr\u00e1ticas de atividades f\u00edsicas, esportes e lazer com foco educacional. De 2022 para c\u00e1 foram atendidas quase 10 mil crian\u00e7as e adolescentes, com um investimento superior aos R$ 15,8 milh\u00f5es.<\/p>\n<p>No Melhor Gera\u00e7\u00e3o, focado nos idosos, o valor aplicado pelo estado foi de mais de R$ 1,5 milh\u00e3o, com mais de 3,3 mil atendidos.<\/p>\n<p>As pessoas com defici\u00eancia tamb\u00e9m s\u00e3o contempladas pelo trabalho do Governo de Minas gra\u00e7as aos N\u00facleos de Fomento ao Paradesporto.<\/p>\n<p>At\u00e9 2022 foram investidos mais de R$ 2 milh\u00f5es, com mais de 1,6 mil. O edital de 2023 ainda est\u00e1 em andamento e a expectativa \u00e9 de celebrar 17 conv\u00eanios para atender 595 pessoas, com um total de R$ 1,580 milh\u00e3o.<\/p>\n<p>\u201cNosso compromisso \u00e9 com o esporte em todos os n\u00edveis, de alto rendimento ao lazer, e tamb\u00e9m para todos os mineiros, desde crian\u00e7as, adolescentes, jovens e idosos, com ou sem alguma defici\u00eancia. Sabemos que o esporte \u00e9 um transformador de vidas e us\u00e1-lo como ferramenta de inclus\u00e3o social, al\u00e9m de uma alternativa de lazer saud\u00e1vel, \u00e9 fundamental para o desenvolvimento de Minas Gerais\u201d, ressaltou a secret\u00e1ria de Desenvolvimento Social, Elizabeth Juc\u00e1.<\/p>\n<p><strong>Competi\u00e7\u00f5es<\/strong><\/p>\n<p>Al\u00e9m dos programas destinados a p\u00fablicos espec\u00edficos, o Governo de Minas ainda promove competi\u00e7\u00f5es como os Jogos Escolares de Minas Gerais (Jemg), os Jogos do Interior de Minas (Jimi) e os Jogos do Interior de Minas Paradesporto (JimiP).<\/p>\n<p>Em decorr\u00eancia da pandemia de covid-19, a Subesp ainda criou o e-Jemg, competi\u00e7\u00e3o que foi realizada entre 2020 e 2022 voltada para jogos eletr\u00f4nicos.<\/p>\n<p>Em rela\u00e7\u00e3o ao Jemg e e-Jemg, o investimento da atual gest\u00e3o foi de mais de R$ 25 milh\u00f5es, com cerca de 68 mil estudantes beneficiados.<\/p>\n<p>J\u00e1 o Jimi que volta a ser disputado presencialmente em 2024 vai atender cerca de 3,6 mil participantes, cujo investimento ser\u00e1 de mais de R$ 550 mil.<\/p>\n<p>Ainda foi criado o JimiP, cuja primeira edi\u00e7\u00e3o foi em 2022. Nos dois anos em que foi executada, a competi\u00e7\u00e3o atendeu a 638 benefici\u00e1rios no total, com um investimento de mais de R$ 1,6 milh\u00e3o.<\/p>\n<p>H\u00e1 ainda outros dois programas, o esporte Led, que consiste em oferecer ilumina\u00e7\u00e3o a espa\u00e7os esportivos. O or\u00e7amento, somente em 2023, foi de R$ 7,5 milh\u00f5es. O Sedia Minas \u00e9 uma forma de incentivar a realiza\u00e7\u00e3o de eventos esportivos no estado e teve or\u00e7amento de R$ 1 milh\u00e3o este ano.<\/p>\n<p><span style=\"font-weight: 400;\">Fonte: Ag\u00eancia Minas <\/span><\/p>\n","protected":false},"excerpt":{"rendered":"<p>O\u00a0Governo de Minas Gerais\u00a0est\u00e1 comprometido com o esporte, por meio de investimentos na \u00e1rea e no reconhecimento dos respons\u00e1veis por levar o nome do estado aos p\u00f3dios do Brasil e do mundo. Atletas, t\u00e9cnicos, educadores f\u00edsicos, representantes de clubes, prefeituras, entidades ligadas ao esporte, empresas apoiadoras, integrantes do Governo do Estado, al\u00e9m de convidados, se [&hellip;]<\/p>\n","protected":false},"author":246,"featured_media":219943,"comment_status":"closed","ping_status":"closed","sticky":false,"template":"","format":"standard","meta":{"footnotes":""},"categories":[436,440,257,439],"tags":[],"class_list":["post-219942","post","type-post","status-publish","format-standard","has-post-thumbnail","hentry","category-destaque-da-semana","category-destaques-do-dia","category-esporte","category-ultima-hora"],"_links":{"self":[{"href":"https:\/\/diarioregionaldigital.com.br\/index.php?rest_route=\/wp\/v2\/posts\/219942","targetHints":{"allow":["GET"]}}],"collection":[{"href":"https:\/\/diarioregionaldigital.com.br\/index.php?rest_route=\/wp\/v2\/posts"}],"about":[{"href":"https:\/\/diarioregionaldigital.com.br\/index.php?rest_route=\/wp\/v2\/types\/post"}],"author":[{"embeddable":true,"href":"https:\/\/diarioregionaldigital.com.br\/index.php?rest_route=\/wp\/v2\/users\/246"}],"replies":[{"embeddable":true,"href":"https:\/\/diarioregionaldigital.com.br\/index.php?rest_route=%2Fwp%2Fv2%2Fcomments&post=219942"}],"version-history":[{"count":1,"href":"https:\/\/diarioregionaldigital.com.br\/index.php?rest_route=\/wp\/v2\/posts\/219942\/revisions"}],"predecessor-version":[{"id":219944,"href":"https:\/\/diarioregionaldigital.com.br\/index.php?rest_route=\/wp\/v2\/posts\/219942\/revisions\/219944"}],"wp:featuredmedia":[{"embeddable":true,"href":"https:\/\/diarioregionaldigital.com.br\/index.php?rest_route=\/wp\/v2\/media\/219943"}],"wp:attachment":[{"href":"https:\/\/diarioregionaldigital.com.br\/index.php?rest_route=%2Fwp%2Fv2%2Fmedia&parent=219942"}],"wp:term":[{"taxonomy":"category","embeddable":true,"href":"https:\/\/diarioregionaldigital.com.br\/index.php?rest_route=%2Fwp%2Fv2%2Fcategories&post=219942"},{"taxonomy":"post_tag","embeddable":true,"href":"https:\/\/diarioregionaldigital.com.br\/index.php?rest_route=%2Fwp%2Fv2%2Ftags&post=219942"}],"curies":[{"name":"wp","href":"https:\/\/api.w.org\/{rel}","templated":true}]}}