{"id":219939,"date":"2023-12-12T19:43:20","date_gmt":"2023-12-12T22:43:20","guid":{"rendered":"https:\/\/diarioregionaldigital.com.br\/?p=219939"},"modified":"2023-12-12T19:43:20","modified_gmt":"2023-12-12T22:43:20","slug":"iniciativa-em-belo-horizonte-faz-parte-do-natal-da-mineiridade-e-conta-com-presepio-exposicao-e-musica","status":"publish","type":"post","link":"https:\/\/diarioregionaldigital.com.br\/?p=219939","title":{"rendered":"Iniciativa em Belo Horizonte faz parte do Natal da Mineiridade e conta com pres\u00e9pio, exposi\u00e7\u00e3o e m\u00fasica"},"content":{"rendered":"<p>Foi inaugurado, na noite dessa segunda-feira (11\/12), o passeio natalino do Pal\u00e1cio da Liberdade, na regi\u00e3o Centro-Sul de Belo Horizonte, programa\u00e7\u00e3o especial que abrange pres\u00e9pio, exposi\u00e7\u00e3o, decora\u00e7\u00e3o e m\u00fasica, convidando o p\u00fablico a circular pelo interior e pelos jardins do espa\u00e7o.<\/p>\n<p>A iniciativa, que faz parte da segunda edi\u00e7\u00e3o do Natal da Mineiridade, \u00e9 do\u00a0<a href=\"https:\/\/www.mg.gov.br\/\" target=\"_blank\" rel=\"noopener\">Governo de Minas<\/a>, por meio da\u00a0<a href=\"https:\/\/www.secult.mg.gov.br\/\" target=\"_blank\" rel=\"noopener\">Secretaria de Estado de Cultura e Turismo (Secult)<\/a>\u00a0e da\u00a0<a href=\"https:\/\/fcs.mg.gov.br\/\" target=\"_blank\" rel=\"noopener\">Funda\u00e7\u00e3o Cl\u00f3vis Salgado (FCS)<\/a>, com patroc\u00ednio da Cemig e produ\u00e7\u00e3o da Casulo Cultura e Full Produ\u00e7\u00f5es.<\/p>\n<p>Para visitar o passeio natalino do Pal\u00e1cio da Liberdade, a entrada \u00e9 permitida de quarta a sexta-feira, das 12h \u00e0s 17h30 (\u00faltima entrada \u00e0s 17h), e aos s\u00e1bados e domingos, das 10h \u00e0s 17h (\u00faltima entrada \u00e0s 16h30).<\/p>\n<p>O visitante que chegar ao pal\u00e1cio ser\u00e1 recebido por um tapete vermelho que o conduzir\u00e1 \u00e0 escadaria principal onde est\u00e1 instalada uma interven\u00e7\u00e3o art\u00edstica, que reproduz o cen\u00e1rio do nascimento de Jesus.<\/p>\n<p>Na sequ\u00eancia, o p\u00fablico \u00e9 convidado a entrar no espa\u00e7o pela lateral direita. No caminho, visitantes ser\u00e3o conduzidos pela reprodu\u00e7\u00e3o do toque dos sinos das igrejas de Minas Gerais, express\u00e3o que \u00e9 reconhecida como patrim\u00f4nio hist\u00f3rico.<\/p>\n<p>Seguindo os passos at\u00e9 o hall principal, encontrar\u00e1 a representa\u00e7\u00e3o do Menino Jesus na manjedoura, em escala real, com uma ilumina\u00e7\u00e3o espec\u00edfica, dando as boas-vindas.<\/p>\n<p>A imagem pertence \u00e0 Igreja de Nossa Senhora da Boa Viagem e poder\u00e1 ser vista pelo no local at\u00e9 24\/12, quando retornar\u00e1 \u00e0 par\u00f3quia em raz\u00e3o da Missa do Galo. A cerim\u00f4nia de inaugura\u00e7\u00e3o teve a presen\u00e7a de dom Nivaldo dos Santos Ferreira, Bispo Auxiliar da Arquidiocese de Belo Horizonte, que aben\u00e7oou o pres\u00e9pio.<\/p>\n<p>O secret\u00e1rio de Estado de Cultura e Turismo de Minas Gerais, Le\u00f4nidas de Oliveira, comemorou a inaugura\u00e7\u00e3o da programa\u00e7\u00e3o tem\u00e1tica no Pal\u00e1cio da Liberdade.<\/p>\n<p>\u201c\u00c9 o primeiro ano que trazemos, de forma mais contundente, o Natal da Mineiridade para o Pal\u00e1cio da Liberdade. Estou muito feliz por isso. O turismo em Minas Gerais cresce acima da m\u00e9dia nacional desde abril e o turismo da f\u00e9 \u00e9 muito importante\u201d, comentou.<\/p>\n<p>\u201cEssa \u00e1rvore de Natal do Pal\u00e1cio da Liberdade ser\u00e1 uma das mais vistas de Belo Horizonte, visto que a pra\u00e7a \u00e9 o lugar que recebe mais fluxo de visitantes. Ter, agora, no lugar mais simb\u00f3lico de Minas Gerais, o menino Jesus \u00e9 muito bonito. Minas Gerais respeita a tradi\u00e7\u00e3o e o tema fundamental do Natal \u00e9 o nascimento de Jesus\u201d, disse o secret\u00e1rio.<\/p>\n<p><strong>Exposi\u00e7\u00e3o celebra H\u00e9lio Faria e o Natal<\/strong><\/p>\n<p>Na sala ao lado do hall principal, est\u00e1 montada a exposi\u00e7\u00e3o \u201c\u00c9 noite de Natal: pinturas do artista H\u00e9lio Faria\u201d, que celebra o encontro entre a tradi\u00e7\u00e3o natalina e a cultura mineira.<\/p>\n<p>A mostra tem curadoria da FCS e re\u00fane nove quadros que trazem releituras da festividade por meio de refer\u00eancias \u00e0s montanhas, serras, igrejas, comunidades de Minas Gerais e ao povo negro.<\/p>\n<p>O itiner\u00e1rio continua at\u00e9 os jardins, onde est\u00e1 a \u00e1rvore de Natal e a tenda, na qual haver\u00e1 uma s\u00e9rie de shows do projeto Mistura Minas, com artistas mineiros, a partir de sexta-feira (15\/12), e ao lado tamb\u00e9m um espa\u00e7o de descanso.<\/p>\n<p>Al\u00e9m disso, a tenda, que receber\u00e1 diversos artistas, como Dea Trancoso, Regina Machado, Pedro Morais, Luiza Brina e Let\u00edcia Bertelli, estar\u00e1 decorada com figuras da arte do Oriente M\u00e9dio.<\/p>\n<p>Al\u00e9m dos shows, est\u00e3o previstas cantatas, que se somar\u00e3o \u00e0s diversas atra\u00e7\u00f5es em cartaz ao longo deste m\u00eas e at\u00e9 6\/1\/2024, quando se encerrar\u00e1 o Natal da Mineiridade.<\/p>\n<p>\u201c\u00c9 uma programa\u00e7\u00e3o que une a tradi\u00e7\u00e3o e a contemporaneidade no Circuito Liberdade, que integra neste momento Belo Horizonte a mais de 400 munic\u00edpios, que participam do Natal da Mineiridade, consolidando Minas Gerais como um destino cultural e tur\u00edstico das celebra\u00e7\u00f5es de fim de ano\u201d, completa Oliveira.<\/p>\n<p>Ao longo do per\u00edodo, tamb\u00e9m haver\u00e1 a\u00e7\u00e3o com influenciadores, que ser\u00e3o convidados a conhecer o itiner\u00e1rio natalino.<\/p>\n<p>A segunda edi\u00e7\u00e3o do Natal da Mineiridade integra BH a mais de 400 munic\u00edpios. A expectativa \u00e9 que o per\u00edodo de fim de ano em Minas Gerais registre uma movimenta\u00e7\u00e3o tur\u00edstica de 3,2 milh\u00f5es de pessoas, o que representa um crescimento de mais de 20% em rela\u00e7\u00e3o ao ano passado.<\/p>\n<p>S\u00f3 na capital, segundo a C\u00e2mara de Dirigentes Lojistas de Belo Horizonte (CDL\/BH), o per\u00edodo de Natal ser\u00e1 respons\u00e1vel por movimentar cerca de R$ 2,5 bilh\u00f5es.<\/p>\n<p><span style=\"font-weight: 400;\">Fonte: Ag\u00eancia Minas <\/span><\/p>\n","protected":false},"excerpt":{"rendered":"<p>Foi inaugurado, na noite dessa segunda-feira (11\/12), o passeio natalino do Pal\u00e1cio da Liberdade, na regi\u00e3o Centro-Sul de Belo Horizonte, programa\u00e7\u00e3o especial que abrange pres\u00e9pio, exposi\u00e7\u00e3o, decora\u00e7\u00e3o e m\u00fasica, convidando o p\u00fablico a circular pelo interior e pelos jardins do espa\u00e7o. A iniciativa, que faz parte da segunda edi\u00e7\u00e3o do Natal da Mineiridade, \u00e9 do\u00a0Governo [&hellip;]<\/p>\n","protected":false},"author":246,"featured_media":219940,"comment_status":"closed","ping_status":"closed","sticky":false,"template":"","format":"standard","meta":{"footnotes":""},"categories":[436,254,439],"tags":[],"class_list":["post-219939","post","type-post","status-publish","format-standard","has-post-thumbnail","hentry","category-destaque-da-semana","category-politica","category-ultima-hora"],"_links":{"self":[{"href":"https:\/\/diarioregionaldigital.com.br\/index.php?rest_route=\/wp\/v2\/posts\/219939","targetHints":{"allow":["GET"]}}],"collection":[{"href":"https:\/\/diarioregionaldigital.com.br\/index.php?rest_route=\/wp\/v2\/posts"}],"about":[{"href":"https:\/\/diarioregionaldigital.com.br\/index.php?rest_route=\/wp\/v2\/types\/post"}],"author":[{"embeddable":true,"href":"https:\/\/diarioregionaldigital.com.br\/index.php?rest_route=\/wp\/v2\/users\/246"}],"replies":[{"embeddable":true,"href":"https:\/\/diarioregionaldigital.com.br\/index.php?rest_route=%2Fwp%2Fv2%2Fcomments&post=219939"}],"version-history":[{"count":1,"href":"https:\/\/diarioregionaldigital.com.br\/index.php?rest_route=\/wp\/v2\/posts\/219939\/revisions"}],"predecessor-version":[{"id":219941,"href":"https:\/\/diarioregionaldigital.com.br\/index.php?rest_route=\/wp\/v2\/posts\/219939\/revisions\/219941"}],"wp:featuredmedia":[{"embeddable":true,"href":"https:\/\/diarioregionaldigital.com.br\/index.php?rest_route=\/wp\/v2\/media\/219940"}],"wp:attachment":[{"href":"https:\/\/diarioregionaldigital.com.br\/index.php?rest_route=%2Fwp%2Fv2%2Fmedia&parent=219939"}],"wp:term":[{"taxonomy":"category","embeddable":true,"href":"https:\/\/diarioregionaldigital.com.br\/index.php?rest_route=%2Fwp%2Fv2%2Fcategories&post=219939"},{"taxonomy":"post_tag","embeddable":true,"href":"https:\/\/diarioregionaldigital.com.br\/index.php?rest_route=%2Fwp%2Fv2%2Ftags&post=219939"}],"curies":[{"name":"wp","href":"https:\/\/api.w.org\/{rel}","templated":true}]}}