{"id":219935,"date":"2023-12-12T19:39:37","date_gmt":"2023-12-12T22:39:37","guid":{"rendered":"https:\/\/diarioregionaldigital.com.br\/?p=219935"},"modified":"2023-12-12T19:40:00","modified_gmt":"2023-12-12T22:40:00","slug":"governo-de-minas-conclui-ciclo-2023-do-programa-de-desenvolvimento-de-liderancas","status":"publish","type":"post","link":"https:\/\/diarioregionaldigital.com.br\/?p=219935","title":{"rendered":"Governo de Minas conclui ciclo 2023 do Programa de Desenvolvimento de Lideran\u00e7as"},"content":{"rendered":"<p>O <a href=\"https:\/\/www.mg.gov.br\/\" target=\"_blank\" rel=\"noopener\">Governo de Minas<\/a>\u00a0encerrou, nesta ter\u00e7a-feira (12\/12), mais um ciclo do Programa de Desenvolvimento de Lideran\u00e7as (PDL), que buscou aperfei\u00e7oar as compet\u00eancias de 325 gestores do Estado ao longo de 2023.<\/p>\n<div class=\"clear \">\n<p>A iniciativa \u00e9 da\u00a0<a href=\"https:\/\/www.mg.gov.br\/planejamento\" target=\"_blank\" rel=\"noopener\">Secretaria de Estado de Planejamento e Gest\u00e3o (Seplag-MG)<\/a>, por meio do programa Transforma Minas, em parceria com a\u00a0<a href=\"https:\/\/fjp.mg.gov.br\/\" target=\"_blank\" rel=\"noopener\">Funda\u00e7\u00e3o Jo\u00e3o Pinheiro (FJP)<\/a>.<\/p>\n<p>O encerramento do ciclo foi celebrado no evento Conex\u00e3o PDL, que contou com a participa\u00e7\u00e3o do governador Romeu Zema, da secret\u00e1ria de Planejamento e Gest\u00e3o, Lu\u00edsa Barreto, e do presidente da Funda\u00e7\u00e3o Jo\u00e3o Pinheiro, Helger Marra, al\u00e9m de todo o p\u00fablico alvo do PDL e respectivas chefias.<\/p>\n<p>O evento teve como objetivo fortalecer os la\u00e7os entre os l\u00edderes governamentais e assinalar as conquistas alcan\u00e7adas neste ano.<\/p>\n<p>O governador Romeu Zema destacou a import\u00e2ncia de as chefias trabalharem em sintonia com os servidores para que os servi\u00e7os p\u00fablicos sejam entregues com qualidade e efici\u00eancia.<\/p>\n<p>\u201cDurante mais de 30 anos, o que eu mais fiz foi estar cara a cara com quem trabalhava comigo. O contato visual faz com que a transmiss\u00e3o de conhecimento aconte\u00e7a com mais fluidez. Essa consci\u00eancia faz com que o Estado tenha uma gest\u00e3o consistente e \u00e9 isso que estamos fazendo\u201d, disse.<\/p>\n<p><strong>Habilidades\u00a0<\/strong><\/p>\n<p>O PDL \u00e9 dividido em tr\u00eas programas, sendo um voltado para 61 subsecret\u00e1rios do Governo de Minas, um para 55 superintendentes ou equivalentes e outro para 209 lideran\u00e7as regionais selecionadas pelo Transforma Minas.<\/p>\n<p>O programa visa aprimorar as habilidades de gest\u00e3o e lideran\u00e7a dos gestores e promover o alinhamento estrat\u00e9gico para as demandas da sociedade.<\/p>\n<p>\u201c\u00c9 muito bom ver lideran\u00e7as de diferentes \u00f3rg\u00e3os se integrando para trazer mais qualidade na presta\u00e7\u00e3o dos servi\u00e7os p\u00fablicos. O Transforma Minas \u00e9 um programa refer\u00eancia em desenvolvimento de profissionais&#8221;, afirmou a secret\u00e1ria de Planejamento e Gest\u00e3o de Minas Gerais, Lu\u00edsa Barreto.<\/p>\n<p>A secret\u00e1ria refor\u00e7ou ainda a import\u00e2ncia de ter a consci\u00eancia de que desenvolver lideran\u00e7as \u00e9 fundamental para alcan\u00e7ar seguran\u00e7a e confian\u00e7a na presta\u00e7\u00e3o dos servi\u00e7os p\u00fablicos. &#8221; Aperfei\u00e7oar compet\u00eancias necess\u00e1rias para que o gestor gerencie suas equipes garante resultados efetivos\u201d, enfatizou Lu\u00edsa Barreto.<\/p>\n<p><strong>Desenvolvimento de lideran\u00e7as<\/strong><\/p>\n<p>Ao longo de 2023, foram promovidas, pelo PDL, 60 horas de encontros voltados para o desenvolvimento de compet\u00eancias de lideran\u00e7as.<\/p>\n<p>Papel do Gestor, Implementa\u00e7\u00e3o de Estrat\u00e9gias Organizacionais, Gest\u00e3o de Pessoas e Equipes, Inova\u00e7\u00e3o e Tecnologia Gerencial, Avalia\u00e7\u00e3o de Pol\u00edticas P\u00fablicas, entre outros, foram alguns dos m\u00f3dulos trabalhados.<\/p>\n<p>Os encontros tamb\u00e9m permitiram que as lideran\u00e7as compartilhassem aprendizados nas compet\u00eancias escolhidas para desenvolver.<\/p>\n<p>O presidente da FJP, Helger Marra, destacou a parceria junto \u00e0 Seplag-MG para o engajamento nas entregas de resultados.<\/p>\n<p>\u201cEsse evento \u00e9 uma oportunidade de novas conex\u00f5es. Estabelecer rela\u00e7\u00f5es de confian\u00e7a muda o dia a dia no trabalho e produzir esses processos \u00e9 uma demonstra\u00e7\u00e3o de engajamento do Governo de Minas junto aos servidores e aos cidad\u00e3os do estado\u201d, pontuou.<\/p>\n<p>O evento tamb\u00e9m contou com uma palestra sobre como estabelecer e fortalecer rela\u00e7\u00f5es de confian\u00e7a, engajamento e trabalho em rede em prol de melhores resultados, ministrada pela coordenadora-geral no Minist\u00e9rio da Gest\u00e3o e da Inova\u00e7\u00e3o em Servi\u00e7os P\u00fablicos, Marizaura Cam\u00f5es.<\/p>\n<p><strong>Consolida\u00e7\u00e3o\u00a0<\/strong><\/p>\n<p>O PDL foi lan\u00e7ado em novembro de 2019 como parte do programa Transforma Minas, um dos principais projetos estrat\u00e9gicos do Governo do Estado na \u00e1rea de gest\u00e3o de pessoas.<\/p>\n<p>O programa \u00e9 estruturado em atividades voltadas para a valoriza\u00e7\u00e3o e o desenvolvimento de compet\u00eancias espec\u00edficas para cargos de lideran\u00e7a, como a orienta\u00e7\u00e3o para resultados, o engajamento e a comunica\u00e7\u00e3o, sendo configurado de acordo com as especificidades de cada p\u00fablico. S\u00e3o utilizadas diferentes estrat\u00e9gias metodol\u00f3gicas para promover a articula\u00e7\u00e3o em rede dessas lideran\u00e7as.<\/p>\n<p>O ciclo de 2023 teve in\u00edcio em abril com a inclus\u00e3o dos superintendentes. No segundo semestre, al\u00e9m dos subsecret\u00e1rios, o projeto retomou o desenvolvimento das lideran\u00e7as regionais, com a posse de 188 gestores selecionados por meio do Transforma Minas no m\u00eas de outubro.<\/p>\n<p><span style=\"font-weight: 400;\">Fonte: Ag\u00eancia Minas <\/span><\/p>\n<\/div>\n<p>&nbsp;<\/p>\n","protected":false},"excerpt":{"rendered":"<p>O Governo de Minas\u00a0encerrou, nesta ter\u00e7a-feira (12\/12), mais um ciclo do Programa de Desenvolvimento de Lideran\u00e7as (PDL), que buscou aperfei\u00e7oar as compet\u00eancias de 325 gestores do Estado ao longo de 2023. A iniciativa \u00e9 da\u00a0Secretaria de Estado de Planejamento e Gest\u00e3o (Seplag-MG), por meio do programa Transforma Minas, em parceria com a\u00a0Funda\u00e7\u00e3o Jo\u00e3o Pinheiro (FJP). [&hellip;]<\/p>\n","protected":false},"author":246,"featured_media":219936,"comment_status":"closed","ping_status":"closed","sticky":false,"template":"","format":"standard","meta":{"footnotes":""},"categories":[436,440,254,439],"tags":[],"class_list":["post-219935","post","type-post","status-publish","format-standard","has-post-thumbnail","hentry","category-destaque-da-semana","category-destaques-do-dia","category-politica","category-ultima-hora"],"_links":{"self":[{"href":"https:\/\/diarioregionaldigital.com.br\/index.php?rest_route=\/wp\/v2\/posts\/219935","targetHints":{"allow":["GET"]}}],"collection":[{"href":"https:\/\/diarioregionaldigital.com.br\/index.php?rest_route=\/wp\/v2\/posts"}],"about":[{"href":"https:\/\/diarioregionaldigital.com.br\/index.php?rest_route=\/wp\/v2\/types\/post"}],"author":[{"embeddable":true,"href":"https:\/\/diarioregionaldigital.com.br\/index.php?rest_route=\/wp\/v2\/users\/246"}],"replies":[{"embeddable":true,"href":"https:\/\/diarioregionaldigital.com.br\/index.php?rest_route=%2Fwp%2Fv2%2Fcomments&post=219935"}],"version-history":[{"count":2,"href":"https:\/\/diarioregionaldigital.com.br\/index.php?rest_route=\/wp\/v2\/posts\/219935\/revisions"}],"predecessor-version":[{"id":219938,"href":"https:\/\/diarioregionaldigital.com.br\/index.php?rest_route=\/wp\/v2\/posts\/219935\/revisions\/219938"}],"wp:featuredmedia":[{"embeddable":true,"href":"https:\/\/diarioregionaldigital.com.br\/index.php?rest_route=\/wp\/v2\/media\/219936"}],"wp:attachment":[{"href":"https:\/\/diarioregionaldigital.com.br\/index.php?rest_route=%2Fwp%2Fv2%2Fmedia&parent=219935"}],"wp:term":[{"taxonomy":"category","embeddable":true,"href":"https:\/\/diarioregionaldigital.com.br\/index.php?rest_route=%2Fwp%2Fv2%2Fcategories&post=219935"},{"taxonomy":"post_tag","embeddable":true,"href":"https:\/\/diarioregionaldigital.com.br\/index.php?rest_route=%2Fwp%2Fv2%2Ftags&post=219935"}],"curies":[{"name":"wp","href":"https:\/\/api.w.org\/{rel}","templated":true}]}}