{"id":219931,"date":"2023-12-12T19:11:16","date_gmt":"2023-12-12T22:11:16","guid":{"rendered":"https:\/\/diarioregionaldigital.com.br\/?p=219931"},"modified":"2023-12-12T19:11:16","modified_gmt":"2023-12-12T22:11:16","slug":"emater-incentiva-producao-de-alho-na-zona-da-mata-mineira","status":"publish","type":"post","link":"https:\/\/diarioregionaldigital.com.br\/?p=219931","title":{"rendered":"Emater incentiva produ\u00e7\u00e3o de alho na Zona da Mata mineira"},"content":{"rendered":"<p>A\u00a0<a href=\"http:\/\/www.emater.mg.gov.br\/\" target=\"_blank\" rel=\"noopener\">Emater-MG<\/a> tem incentivado o plantio de alho na Zona da Mata mineira. Em sete munic\u00edpios, a empresa tem mobilizado agricultores familiares a investir na cultura, com o objetivo de comercializar o produto para escolas, por meio do Programa Nacional de Alimenta\u00e7\u00e3o Escolar (Pnae).<\/p>\n<p>As a\u00e7\u00f5es englobam os munic\u00edpios de Astolfo Dutra, Cataguases, Dona Euz\u00e9bia, Itamarati de Minas, Rodeiro, Rio Pomba e Rio Novo. O trabalho de mobiliza\u00e7\u00e3o dos produtores incluiu reuni\u00f5es, eventos e visitas t\u00e9cnicas. A partir da\u00ed, 15 fam\u00edlias de agricultores fizeram a compra conjunta de alho-semente livre de v\u00edrus, o que garantiu melhor\u00a0pre\u00e7o.\u00a0O grupo adquiriu 60 quilos de alho-semente de uma propriedade credenciada pela Embrapa Hortali\u00e7as.<\/p>\n<p>O plantio ocorrer\u00e1, nos munic\u00edpios, em abril de 2024. Segundo a coordenadora regional da Emater-MG em Cataguases,\u00a0Luciene Aparecida de Oliveira, ser\u00e1 utilizada a variedade Amarante, que possui maior sanidade fisiol\u00f3gica e se diferencia das demais por apresentar dentes maiores e em menor n\u00famero.\u00a0\u201cO alho \u00e9 uma planta que necessita de frio para que ocorra a forma\u00e7\u00e3o do bulbo (\u201ccabe\u00e7a&#8221;). Na Zona da Mata, o cultivo s\u00f3 \u00e9 vi\u00e1vel a partir de abril, quando as temperaturas ficam mais amenas. Nestes munic\u00edpios h\u00e1 regi\u00f5es prop\u00edcias\u201d, diz a coordenadora.<\/p>\n<p>A colheita deve ocorrer de\u00a0agosto\u00a0a setembro de 2024. A expectativa \u00e9 que sejam colhidos 900 quilos de alho numa\u00a0\u00e1rea de\u00a0600 m\u00b2. Para a pr\u00f3xima safra, espera-se que novos agricultores possam investir na atividade, aumentando a produ\u00e7\u00e3o e a \u00e1rea cultivada nos munic\u00edpios. De acordo com Luciene de Oliveira, as lavouras ser\u00e3o utilizadas como unidades demonstrativas\u00a0para a realiza\u00e7\u00e3o de eventos e divulga\u00e7\u00e3o da atividade na regi\u00e3o.<\/p>\n<p><b>De olho no Pnae<\/b><\/p>\n<p>Para garantir espa\u00e7o no mercado institucional, a Emater-MG tem orientando os produtores sobre todos os procedimentos t\u00e9cnicos e documenta\u00e7\u00e3o necess\u00e1ria para que eles possam participar do Pnae, em 2024. O programa do governo federal, estabelecido pela Lei n\u00ba11.947, garante que 30% dos recursos para a merenda escolar sejam destinados \u00e0 compra de g\u00eaneros aliment\u00edcios produzidos pela agricultura familiar.<\/p>\n<p>De acordo com a coordenadora, Luciene de Oliveira, a demanda das escolas da regi\u00e3o por alho \u00e9 maior que a oferta. \u201cSe armazenar (o alho)\u00a0de maneira correta, \u00e9 poss\u00edvel a oferta durante todo ano. Isso ir\u00e1 gerar renda extra ao agricultor familiar\u201d, explicou.<\/p>\n<p>Cinco das fam\u00edlias que adquiriram as sementes pertencem \u00e0 Associa\u00e7\u00e3o dos Remanescentes Quilombolas Atingidos da Barragem da Comunidade dos Coelhos de Rio Pomba. Elas ir\u00e3o trabalhar em conjunto no cultivo de 10 quilos de alho, seguindo os princ\u00edpios agroecol\u00f3gicos. De acordo com o t\u00e9cnico da Emater-MG em Rio Pomba, Bruno Sant\u2019Anna, a produ\u00e7\u00e3o ser\u00e1 destinada ao Pnae. \u201c O programa \u00e9 imprescind\u00edvel para que as fam\u00edlias tenham um retorno pelo o trabalho que est\u00e3o iniciando. Devido \u00e0 grande demanda por parte das escolas, o alho tem sido bem valorizado nas compras do Pnae\u201d, diz.<\/p>\n<p>A presidente da associa\u00e7\u00e3o, Maria Natalina Martins Aparecida, desde 2013, comercializa hortali\u00e7as e feij\u00e3o por meio do programa. A partir de sua experi\u00eancia, ela acredita que a venda de alho para as escolas dar\u00e1 bons resultados para as fam\u00edlias. \u201c\u00c9 uma \u00f3tima oportunidade\u201d, diz.<\/p>\n<p><span style=\"font-weight: 400;\"><br \/>\n<\/span><span style=\"font-weight: 400;\">Fonte: Ag\u00eancia Minas <\/span><\/p>\n","protected":false},"excerpt":{"rendered":"<p>A\u00a0Emater-MG tem incentivado o plantio de alho na Zona da Mata mineira. Em sete munic\u00edpios, a empresa tem mobilizado agricultores familiares a investir na cultura, com o objetivo de comercializar o produto para escolas, por meio do Programa Nacional de Alimenta\u00e7\u00e3o Escolar (Pnae). As a\u00e7\u00f5es englobam os munic\u00edpios de Astolfo Dutra, Cataguases, Dona Euz\u00e9bia, Itamarati [&hellip;]<\/p>\n","protected":false},"author":246,"featured_media":219932,"comment_status":"closed","ping_status":"closed","sticky":false,"template":"","format":"standard","meta":{"footnotes":""},"categories":[436,261,439],"tags":[],"class_list":["post-219931","post","type-post","status-publish","format-standard","has-post-thumbnail","hentry","category-destaque-da-semana","category-economia","category-ultima-hora"],"_links":{"self":[{"href":"https:\/\/diarioregionaldigital.com.br\/index.php?rest_route=\/wp\/v2\/posts\/219931","targetHints":{"allow":["GET"]}}],"collection":[{"href":"https:\/\/diarioregionaldigital.com.br\/index.php?rest_route=\/wp\/v2\/posts"}],"about":[{"href":"https:\/\/diarioregionaldigital.com.br\/index.php?rest_route=\/wp\/v2\/types\/post"}],"author":[{"embeddable":true,"href":"https:\/\/diarioregionaldigital.com.br\/index.php?rest_route=\/wp\/v2\/users\/246"}],"replies":[{"embeddable":true,"href":"https:\/\/diarioregionaldigital.com.br\/index.php?rest_route=%2Fwp%2Fv2%2Fcomments&post=219931"}],"version-history":[{"count":1,"href":"https:\/\/diarioregionaldigital.com.br\/index.php?rest_route=\/wp\/v2\/posts\/219931\/revisions"}],"predecessor-version":[{"id":219933,"href":"https:\/\/diarioregionaldigital.com.br\/index.php?rest_route=\/wp\/v2\/posts\/219931\/revisions\/219933"}],"wp:featuredmedia":[{"embeddable":true,"href":"https:\/\/diarioregionaldigital.com.br\/index.php?rest_route=\/wp\/v2\/media\/219932"}],"wp:attachment":[{"href":"https:\/\/diarioregionaldigital.com.br\/index.php?rest_route=%2Fwp%2Fv2%2Fmedia&parent=219931"}],"wp:term":[{"taxonomy":"category","embeddable":true,"href":"https:\/\/diarioregionaldigital.com.br\/index.php?rest_route=%2Fwp%2Fv2%2Fcategories&post=219931"},{"taxonomy":"post_tag","embeddable":true,"href":"https:\/\/diarioregionaldigital.com.br\/index.php?rest_route=%2Fwp%2Fv2%2Ftags&post=219931"}],"curies":[{"name":"wp","href":"https:\/\/api.w.org\/{rel}","templated":true}]}}