{"id":219920,"date":"2023-12-11T22:42:36","date_gmt":"2023-12-12T01:42:36","guid":{"rendered":"https:\/\/diarioregionaldigital.com.br\/?p=219920"},"modified":"2023-12-11T22:42:36","modified_gmt":"2023-12-12T01:42:36","slug":"transito-proximo-a-praca-antonio-carlos-sera-desviado-para-realizacao-da-missa-do-impossivel-nesta-terca-12","status":"publish","type":"post","link":"https:\/\/diarioregionaldigital.com.br\/?p=219920","title":{"rendered":"Tr\u00e2nsito pr\u00f3ximo \u00e0 Pra\u00e7a Ant\u00f4nio Carlos ser\u00e1 desviado para realiza\u00e7\u00e3o da Missa do Imposs\u00edvel nesta ter\u00e7a, 12"},"content":{"rendered":"<p>Segundo informa\u00e7\u00f5es do site da Prefeitura de Juiz de Fora (PJF), a PJF informa que a Travessa Dr. Prisco e a Rua Paulo de Frontin, no Centro, ser\u00e3o interditadas nesta ter\u00e7a-feira, 12, para a realiza\u00e7\u00e3o da \u201cMissa do Imposs\u00edvel\u201d, na Pra\u00e7a Ant\u00f4nio Carlos (PAC).O hor\u00e1rio previsto para o fechamento \u00e9 \u00e0s 17h30 e segue at\u00e9 o t\u00e9rmino do evento, por\u00e9m, dependendo da quantidade de p\u00fablico que estiver no local, a interdi\u00e7\u00e3o pode ser antecipada. Os motoristas podem desviar pelo trajeto que tamb\u00e9m ser\u00e1 utilizado pelas linhas de \u00f4nibus 101-102-103-105-107-109-110-116-150-155: \u201c&#8230;Av. Get\u00falio Vargas, Rua da Bahia, Rua \u00c2ngelo Falci, Avenida Francisco Bernardino\u2026\u201d.<\/p>\n<p>As outras linhas que passam no local seguir\u00e3o outros trajetos. Confira abaixo cada desvio:<\/p>\n<p>Linhas 400-408-413-420-423-425-426-427-428-429-435-436<\/p>\n<p>Sentido Centro\/Bairro:&#8230;Av. Get\u00falio Vargas, Av. Pres. Itamar Franco, Viaduto Augusto Franco, Av. Brasil (Margem Esquerda)&#8230;<\/p>\n<p>Ponto de parada: Av. Get\u00falio Vargas.<br \/>\nLinhas 519-523-529-543-545-546-549<\/p>\n<p>Sentido Bairro\/Centro:&#8230;,Av. Pres. Itamar Franco, Rua Esp\u00edrito Santo, Rua da Bahia, Rua \u00c2ngelo Falci, Av. Francisco Bernardino, Rua S\u00e3o Sebasti\u00e3o&#8230;<\/p>\n<p>Pontos de parada: Av. Pres. Itamar Franco, 885 (Stella Matutina) e Pra\u00e7a da Esta\u00e7\u00e3o.<br \/>\nLinhas 532-534-535-547<\/p>\n<p>Sentido Bairro\/Centro:&#8230;Av. Pres. Itamar Franco, Rua Esp\u00edrito Santo, Rua da Bahia, Rua \u00c2ngelo Falci, Av. Francisco Bernardino, Rua Benjamin Constant, Av. Rio Branco (pista lateral), Rua Silva Jardim, Av. Francisco Bernardino, Av. Bar\u00e3o de Cataguases&#8230;<\/p>\n<p>Pontos de parada: Av. Pres. Itamar Franco 885 (Stella Matutina) e Pra\u00e7a da Esta\u00e7\u00e3o.<br \/>\nLinhas 516-530-533-538-540-542-555<\/p>\n<p>Sentido Centro\/Bairro:&#8230;,Av. Get\u00falio Vargas, Rua Esp\u00edrito Santo, Rua da Bahia, Rua \u00c2ngelo Falci, Av. Francisco Bernardino, Rua Benjamin Constant, Av. Rio Branco (pista lateral), Rua Silva Jardim, Av. Francisco Bernardino, Av. Bar\u00e3o de Cataguases, Av. dos Andradas&#8230;<\/p>\n<p>Pontos de parada: Av. Pres. Itamar Franco, 885 (Stella Matutina) e Pra\u00e7a da Esta\u00e7\u00e3o.<br \/>\nLinhas: 603-604-605-606-607-608-609-610-613-614-615-616-618-621<\/p>\n<p>Sentido Centro\/Bairro:&#8230;Av. Get\u00falio Vargas, Rua Esp\u00edrito Santo, Rua da Bahia, Rua \u00c2ngelo Falci, Av. Francisco Bernardino, Rua Benjamin Constant, Av. Rio Branco (pista lateral), Rua Silva Jardim, Av. Francisco Bernardino, Av. Bar\u00e3o de Cataguases, Av. dos Andradas&#8230;<\/p>\n<p>Ponto de parada: Apenas na Av. Get\u00falio Vargas.<br \/>\nLinhas 700-701-702-704-705-709-720-737<\/p>\n<p>Sentido Centro\/Bairro:&#8230;Av. Get\u00falio Vargas, Rua Esp\u00edrito Santo, Rua da Bahia, Rua \u00c2ngelo Falci, Av. Francisco Bernardino, Rua Benjamin Constant, Av. Rio Branco (pista lateral), Rua Silva Jardim, Av. Francisco Bernardino, Av. Bar\u00e3o de Cataguases, Av. dos Andradas&#8230;<\/p>\n<p>Ponto de parada: Apenas Av. Get\u00falio Vargas.<br \/>\nLinhas 708-753-758<\/p>\n<p>Sentido Manoel Hon\u00f3rio \/ Centro:&#8230;,Av. Brasil, Al\u00e7a do Viaduto Augusto Franco, Av. Francisco Bernardino&#8230;<\/p>\n<p>Ponto de Parada alternativo: Pra\u00e7a da Esta\u00e7\u00e3o.<\/p>\n<p>Linhas 703-706-707-710-711-712-713-714-715-716-717-718-719-721-722-723-725-726-727-728-729-730-731-732-733-734-735-736-738-739-740-741-742-743-744-745-746-747-748-749-751-752-757-767<\/p>\n<p>Sentido Centro \/ Bairro:&#8230;Av. Get\u00falio Vargas, Av. Pres. Itamar Franco, Viaduto Augusto Franco, Ponte N\u00e9lson Silva, Av. Brasil (Margem Esquerda) &#8230;<\/p>\n<p>Ponto de parada: Apenas na Av. Get\u00falio Vargas.<\/p>\n","protected":false},"excerpt":{"rendered":"<p>Segundo informa\u00e7\u00f5es do site da Prefeitura de Juiz de Fora (PJF), a PJF informa que a Travessa Dr. Prisco e a Rua Paulo de Frontin, no Centro, ser\u00e3o interditadas nesta ter\u00e7a-feira, 12, para a realiza\u00e7\u00e3o da \u201cMissa do Imposs\u00edvel\u201d, na Pra\u00e7a Ant\u00f4nio Carlos (PAC).O hor\u00e1rio previsto para o fechamento \u00e9 \u00e0s 17h30 e segue at\u00e9 [&hellip;]<\/p>\n","protected":false},"author":246,"featured_media":219921,"comment_status":"closed","ping_status":"closed","sticky":false,"template":"","format":"standard","meta":{"footnotes":""},"categories":[253,436,439],"tags":[],"class_list":["post-219920","post","type-post","status-publish","format-standard","has-post-thumbnail","hentry","category-cidade","category-destaque-da-semana","category-ultima-hora"],"_links":{"self":[{"href":"https:\/\/diarioregionaldigital.com.br\/index.php?rest_route=\/wp\/v2\/posts\/219920","targetHints":{"allow":["GET"]}}],"collection":[{"href":"https:\/\/diarioregionaldigital.com.br\/index.php?rest_route=\/wp\/v2\/posts"}],"about":[{"href":"https:\/\/diarioregionaldigital.com.br\/index.php?rest_route=\/wp\/v2\/types\/post"}],"author":[{"embeddable":true,"href":"https:\/\/diarioregionaldigital.com.br\/index.php?rest_route=\/wp\/v2\/users\/246"}],"replies":[{"embeddable":true,"href":"https:\/\/diarioregionaldigital.com.br\/index.php?rest_route=%2Fwp%2Fv2%2Fcomments&post=219920"}],"version-history":[{"count":1,"href":"https:\/\/diarioregionaldigital.com.br\/index.php?rest_route=\/wp\/v2\/posts\/219920\/revisions"}],"predecessor-version":[{"id":219922,"href":"https:\/\/diarioregionaldigital.com.br\/index.php?rest_route=\/wp\/v2\/posts\/219920\/revisions\/219922"}],"wp:featuredmedia":[{"embeddable":true,"href":"https:\/\/diarioregionaldigital.com.br\/index.php?rest_route=\/wp\/v2\/media\/219921"}],"wp:attachment":[{"href":"https:\/\/diarioregionaldigital.com.br\/index.php?rest_route=%2Fwp%2Fv2%2Fmedia&parent=219920"}],"wp:term":[{"taxonomy":"category","embeddable":true,"href":"https:\/\/diarioregionaldigital.com.br\/index.php?rest_route=%2Fwp%2Fv2%2Fcategories&post=219920"},{"taxonomy":"post_tag","embeddable":true,"href":"https:\/\/diarioregionaldigital.com.br\/index.php?rest_route=%2Fwp%2Fv2%2Ftags&post=219920"}],"curies":[{"name":"wp","href":"https:\/\/api.w.org\/{rel}","templated":true}]}}