{"id":219908,"date":"2023-12-11T22:07:59","date_gmt":"2023-12-12T01:07:59","guid":{"rendered":"https:\/\/diarioregionaldigital.com.br\/?p=219908"},"modified":"2023-12-11T22:07:59","modified_gmt":"2023-12-12T01:07:59","slug":"governo-de-minas-vistoria-servicos-que-ampliam-e-descentralizam-o-acesso-a-saude-no-norte-do-estado","status":"publish","type":"post","link":"https:\/\/diarioregionaldigital.com.br\/?p=219908","title":{"rendered":"Governo de Minas vistoria servi\u00e7os que ampliam e descentralizam o acesso \u00e0 sa\u00fade no Norte do estado"},"content":{"rendered":"<p>O governador Romeu Zema acompanhou, neste s\u00e1bado (9\/12), em Janu\u00e1ria, no m\u00e9dio S\u00e3o Francisco, tratativas da habilita\u00e7\u00e3o do munic\u00edpio para o atendimento em hemodi\u00e1lise.<\/p>\n<p>Na oportunidade o chefe do Executivo mineiro conheceu o anexo constru\u00eddo junto ao hospital municipal de Janu\u00e1ria que foi reformado e equipado para sediar a unidade que vai oferecer o procedimento para pacientes em tratamento renal.<\/p>\n<p>\u201cEssa entrega est\u00e1 dentro do nosso plano, de descentralizar a sa\u00fade em Minas Gerais. Como governador do Estado, n\u00e3o quero ningu\u00e9m viajando tr\u00eas, quatro, cinco horas para fazer um tratamento, cirurgia e muito menos um procedimento cont\u00ednuo, como hemodi\u00e1lise. Ent\u00e3o, o investimento realizado aqui representa um avan\u00e7o para a regi\u00e3o Norte de Minas\u201d, destacou o governador Romeu Zema.<\/p>\n<p>Com investimentos estaduais na ordem de R$ 1 milh\u00e3o &#8211; e contrapartida municipal de R$ 755 mil &#8211; est\u00e3o previstas 24 m\u00e1quinas e poltronas de hemodi\u00e1lise para atender cerca de 101 pacientes por dia.<\/p>\n<p>O servi\u00e7o de hemodi\u00e1lise \u00e9 uma demanda antiga de Janu\u00e1ria e regi\u00e3o e vai ampliar o acesso da popula\u00e7\u00e3o a atendimentos de m\u00e9dia e alta complexidade, beneficiando cerca de 175 mil pessoas.<\/p>\n<p><strong>Al\u00edvio\u00a0<\/strong><\/p>\n<p>Atualmente, os pacientes da regi\u00e3o precisam se deslocar at\u00e9 Bras\u00edlia de Minas para o atendimento.<\/p>\n<p>Como \u00e9 o caso de Ivonaldo Reinaldo Alves, 62 anos, morador do munic\u00edpio de Janu\u00e1ria, que h\u00e1 8 anos precisa se deslocar tr\u00eas vezes por semana para fazer a hemodi\u00e1lise. Para ele, a viagem \u00e9 bastante cansativa e toma grande parte do seu tempo.<\/p>\n<p>\u201c\u00c9 muito tempo neste calor\u00e3o dentro da van. A gente sofre porque a viagem \u00e9 puxada e cada sess\u00e3o de hemodi\u00e1lise dura quatro horas. A gente \u00a0chega em casa bastante cansado\u201d contou.<\/p>\n<p><strong>Mais acesso \u00e0 sa\u00fade<\/strong><\/p>\n<p>O\u00a0<a href=\"https:\/\/www.mg.gov.br\/\" target=\"_blank\" rel=\"noopener\">Governo de Minas<\/a>\u00a0vem investindo para descentralizar o acesso aos servi\u00e7os de sa\u00fade, levando atendimento e tratamentos para o interior, em todas as regi\u00f5es do estado.<\/p>\n<p>Entre as estrat\u00e9gias da gest\u00e3o estadual est\u00e1 o repasse de recursos aos munic\u00edpios para a aquisi\u00e7\u00e3o de equipamentos modernos de diagn\u00f3stico como mam\u00f3grafos, tom\u00f3grafos, al\u00e9m de fomentar a amplia\u00e7\u00e3o da presta\u00e7\u00e3o de servi\u00e7os de sa\u00fade de m\u00e9dia e alta complexidade onde h\u00e1 vazios assistenciais.<\/p>\n<p>Os investimentos no fomento para habilita\u00e7\u00e3o de estabelecimentos em Aten\u00e7\u00e3o Especializada em Doen\u00e7a Renal Cr\u00f4nica (DRC) nas microrregi\u00f5es de sa\u00fade j\u00e1 superam os R$ 30 milh\u00f5es.<\/p>\n<p><strong>Hemodi\u00e1lise em Janu\u00e1ria e em Minas<\/strong><\/p>\n<p>O Hospital Municipal de Janu\u00e1ria \u00e9 contemplado pelo Valora Minas e j\u00e1 recebeu R$ 6,8 milh\u00f5es.<\/p>\n<p>A partir do in\u00edcio da hemodi\u00e1lise, esse recurso poder\u00e1 ser usado para custear o servi\u00e7o.<\/p>\n<p>No estado, em 2021, o Governo de Minas repassou R$ 29 milh\u00f5es para 59 munic\u00edpios que j\u00e1 prestavam servi\u00e7os de hemodi\u00e1lise. O recurso foi utilizado para aquisi\u00e7\u00e3o de novos equipamentos e amplia\u00e7\u00e3o do atendimento.<\/p>\n<p>Em 2022, foi publicada resolu\u00e7\u00e3o que prev\u00ea incentivo para aquisi\u00e7\u00e3o de equipamentos de hemodi\u00e1lise e reforma de estabelecimentos em regi\u00f5es que n\u00e3o possuem o servi\u00e7o. O recurso para a reforma do Hospital Municipal de Janu\u00e1ria \u00e9 por meio dessa resolu\u00e7\u00e3o.<\/p>\n<p><strong>Impacto<\/strong><\/p>\n<p>Prefeito de Janu\u00e1ria, Maur\u00edcio Almeida do Nascimento destaca a implanta\u00e7\u00e3o do servi\u00e7o no munic\u00edpio como um marco hist\u00f3rico para a regi\u00e3o. E lembra que a instala\u00e7\u00e3o do servi\u00e7o ser\u00e1 poss\u00edvel gra\u00e7as ao aumento do investimento em sa\u00fade feito pelo Governo de Minas.<\/p>\n<p>\u201cPens\u00e1vamos que essa transforma\u00e7\u00e3o na \u00e1rea da sa\u00fade estava longe de acontecer, mas, com o apoio do Governo de Minas, a realiza\u00e7\u00e3o desse sonho est\u00e1 sendo poss\u00edvel: ter nossa popula\u00e7\u00e3o atendida e evitar o que ocorre hoje, a popula\u00e7\u00e3o ter que percorrer 400 quil\u00f4metros para fazer esse tipo de tratamento\u201d pontuou.<\/p>\n<p>Al\u00e9m de Janu\u00e1ria, outros tr\u00eas munic\u00edpios j\u00e1 foram contemplados com recursos dessa resolu\u00e7\u00e3o. Jo\u00e3o Pinheiro recebeu R$ 1 milh\u00e3o, S\u00e3o Jo\u00e3o Nepomuceno R$ 863,8 mil e S\u00e3o Gotardo R$ 1 milh\u00e3o.<\/p>\n<p>A resolu\u00e7\u00e3o prev\u00ea investimento de at\u00e9 R$ 4 milh\u00f5es por munic\u00edpio. Est\u00e3o previstos repasses para outros 11 munic\u00edpios. S\u00e3o eles: Vespasiano, Lagoa da Prata, Almenara, Taiobeiras, Serro, Al\u00e9m Para\u00edba, Nanuque, \u00c1guas Formosas, C\u00e1ssia, Piumhi e Guanh\u00e3es.<\/p>\n<p><strong>Inaugura\u00e7\u00e3o<\/strong><\/p>\n<p>Ainda na regi\u00e3o, o governador Romeu Zema vistoriou, em Itacarambi, o novo bloco cir\u00fargico do Hospital Gerson Dias, inaugurado durante solenidade realizada na sexta-feira (8\/12).<\/p>\n<p>Durante o acompanhamento, o governador Romeu Zema lembrou todos os investimentos em sa\u00fade que o Estado realizou at\u00e9 o momento, e destacou tamb\u00e9m o pprojeto da atual gest\u00e3o de descentralizar os atendimentos \u00e0 sa\u00fade, facilitando a vida da popula\u00e7\u00e3o de Minas Gerais.<\/p>\n<p>\u201cEstamos trabalhando para descentralizar o acesso \u00e0 sa\u00fade. At\u00e9 h\u00e1 pouco tempo, muitos procedimentos de alta complexidade s\u00f3 eram oferecidos em Belo Horizonte. Hoje, h\u00e1 tratamento, inclusive para queimados, regionalmente. \u00c9 um absurdo algu\u00e9m sair de sua cidade e ser transferido para a capital. Estamos melhorando a sa\u00fade no interior do estado para que todos tenham acesso a tratamentos de qualidade, em todas as regi\u00f5es mineiras\u201d, disse o governador.<\/p>\n<p>Prefeita de Itacarambi, N\u00edvea Maria agradeceu ao governador Romeu Zema por quitar d\u00edvidas deixadas por governos anteriores.<\/p>\n<p>\u201cS\u00f3 tenho a agradecer ao governador. Eu acreditei nele desde o in\u00edcio e ele est\u00e1 pagando os recursos que haviam sido retidos. Hoje, estamos conseguindo aplicar esses valores para melhorar a vida da popula\u00e7\u00e3o do munic\u00edpio. H\u00e1 mais de dez anos n\u00e3o faz\u00edamos cirurgias aqui em nosso mun\u00edcipio. Neste novo bloco, vamos realizar cirurgias de catarata, por exemplo, e os moradores de Itacarambi n\u00e3o v\u00e3o mais precisar viajar para fazer cirurgia\u201d, comemorou.<\/p>\n<p><span style=\"font-weight: 400;\">Fonte: Ag\u00eancia Minas <\/span><\/p>\n","protected":false},"excerpt":{"rendered":"<p>O governador Romeu Zema acompanhou, neste s\u00e1bado (9\/12), em Janu\u00e1ria, no m\u00e9dio S\u00e3o Francisco, tratativas da habilita\u00e7\u00e3o do munic\u00edpio para o atendimento em hemodi\u00e1lise. Na oportunidade o chefe do Executivo mineiro conheceu o anexo constru\u00eddo junto ao hospital municipal de Janu\u00e1ria que foi reformado e equipado para sediar a unidade que vai oferecer o procedimento [&hellip;]<\/p>\n","protected":false},"author":246,"featured_media":219909,"comment_status":"closed","ping_status":"closed","sticky":false,"template":"","format":"standard","meta":{"footnotes":""},"categories":[436,254,439],"tags":[],"class_list":["post-219908","post","type-post","status-publish","format-standard","has-post-thumbnail","hentry","category-destaque-da-semana","category-politica","category-ultima-hora"],"_links":{"self":[{"href":"https:\/\/diarioregionaldigital.com.br\/index.php?rest_route=\/wp\/v2\/posts\/219908","targetHints":{"allow":["GET"]}}],"collection":[{"href":"https:\/\/diarioregionaldigital.com.br\/index.php?rest_route=\/wp\/v2\/posts"}],"about":[{"href":"https:\/\/diarioregionaldigital.com.br\/index.php?rest_route=\/wp\/v2\/types\/post"}],"author":[{"embeddable":true,"href":"https:\/\/diarioregionaldigital.com.br\/index.php?rest_route=\/wp\/v2\/users\/246"}],"replies":[{"embeddable":true,"href":"https:\/\/diarioregionaldigital.com.br\/index.php?rest_route=%2Fwp%2Fv2%2Fcomments&post=219908"}],"version-history":[{"count":1,"href":"https:\/\/diarioregionaldigital.com.br\/index.php?rest_route=\/wp\/v2\/posts\/219908\/revisions"}],"predecessor-version":[{"id":219910,"href":"https:\/\/diarioregionaldigital.com.br\/index.php?rest_route=\/wp\/v2\/posts\/219908\/revisions\/219910"}],"wp:featuredmedia":[{"embeddable":true,"href":"https:\/\/diarioregionaldigital.com.br\/index.php?rest_route=\/wp\/v2\/media\/219909"}],"wp:attachment":[{"href":"https:\/\/diarioregionaldigital.com.br\/index.php?rest_route=%2Fwp%2Fv2%2Fmedia&parent=219908"}],"wp:term":[{"taxonomy":"category","embeddable":true,"href":"https:\/\/diarioregionaldigital.com.br\/index.php?rest_route=%2Fwp%2Fv2%2Fcategories&post=219908"},{"taxonomy":"post_tag","embeddable":true,"href":"https:\/\/diarioregionaldigital.com.br\/index.php?rest_route=%2Fwp%2Fv2%2Ftags&post=219908"}],"curies":[{"name":"wp","href":"https:\/\/api.w.org\/{rel}","templated":true}]}}