{"id":219901,"date":"2023-12-11T21:58:50","date_gmt":"2023-12-12T00:58:50","guid":{"rendered":"https:\/\/diarioregionaldigital.com.br\/?p=219901"},"modified":"2023-12-11T21:58:50","modified_gmt":"2023-12-12T00:58:50","slug":"postos-do-sine-em-minas-tem-mais-de-146-mil-vagas-de-emprego-disponiveis","status":"publish","type":"post","link":"https:\/\/diarioregionaldigital.com.br\/?p=219901","title":{"rendered":"Postos do Sine em Minas t\u00eam mais de 14,6 mil vagas de emprego dispon\u00edveis"},"content":{"rendered":"<p>Os postos do Sistema Nacional de Emprego (Sine) em Minas Gerais disponibilizam 14.618 vagas de trabalho nesta segunda-feira (11\/12), segundo o\u00a0<a href=\"https:\/\/app.powerbi.com\/view?r=eyJrIjoiODdjNTk0MDctOWNlMy00NmExLWIzNTQtMTEyODRkYmIzZGFiIiwidCI6ImMwZTY1MzllLThjZGUtNDZlNy1hOTc4LWI1YTNmZTlmMGMzOSJ9&amp;pageName=ReportSection\" target=\"_blank\" rel=\"noopener\">Painel de Informa\u00e7\u00f5es<\/a>.<\/p>\n<p>Por meio da p\u00e1gina, administrada pela\u00a0<a href=\"https:\/\/social.mg.gov.br\/\" target=\"_blank\" rel=\"noopener\">Secretaria de Estado de Desenvolvimento Social (Sedese)<\/a>, o trabalhador pode ter acesso \u00e0s oportunidades dispon\u00edveis em todas as unidades do Sine no estado. Para facilitar a pesquisa, h\u00e1 filtros por regi\u00e3o, munic\u00edpio, ocupa\u00e7\u00f5es e unidades.<\/p>\n<p>Do total de vagas dispon\u00edveis nesta segunda, 231 s\u00e3o para pessoas com defici\u00eancia.<\/p>\n<p>Nesta segunda-feira, alimentador de linha de produ\u00e7\u00e3o \u00e9 a ocupa\u00e7\u00e3o com o maior n\u00famero de vagas, 1.195. Em seguida vem operador de telemarketing ativo e receptivo, com 1.149, e servente de obras, com 751.<\/p>\n<p>Entre as unidades, o Sine Uberl\u00e2ndia lidera entre as oportunidades, com 3.490, seguido pelo Sine Pedro Leopoldo, com 1.236, o Sine Arax\u00e1, com 782, e o Sine BH Central de Vagas, com 759.<\/p>\n<p><strong>Como se candidatar<\/strong><\/p>\n<p>Todas as vagas de emprego est\u00e3o dispon\u00edveis no\u00a0<a href=\"https:\/\/empregabrasil.mte.gov.br\/\" target=\"_blank\" rel=\"noopener\">Portal Emprega Brasil<\/a>. Interessados tamb\u00e9m podem se cadastrar no aplicativo Sine F\u00e1cil, dispon\u00edvel para os aparelhos celulares com sistemas operacionais Android ou iOS. O atendimento presencial de intermedia\u00e7\u00e3o de m\u00e3o de obra nas unidades \u00e9 feito por meio de\u00a0<a href=\"https:\/\/www.mg.gov.br\/servico\/encontrar-uma-vaga-de-emprego-modalidade-virtual\" target=\"_blank\" rel=\"noopener\">agendamento pela internet<\/a>.<\/p>\n<p><span style=\"font-weight: 400;\">Fonte: Ag\u00eancia Minas <\/span><\/p>\n","protected":false},"excerpt":{"rendered":"<p>Os postos do Sistema Nacional de Emprego (Sine) em Minas Gerais disponibilizam 14.618 vagas de trabalho nesta segunda-feira (11\/12), segundo o\u00a0Painel de Informa\u00e7\u00f5es. Por meio da p\u00e1gina, administrada pela\u00a0Secretaria de Estado de Desenvolvimento Social (Sedese), o trabalhador pode ter acesso \u00e0s oportunidades dispon\u00edveis em todas as unidades do Sine no estado. Para facilitar a pesquisa, [&hellip;]<\/p>\n","protected":false},"author":246,"featured_media":219902,"comment_status":"closed","ping_status":"closed","sticky":false,"template":"","format":"standard","meta":{"footnotes":""},"categories":[436,261,439],"tags":[],"class_list":["post-219901","post","type-post","status-publish","format-standard","has-post-thumbnail","hentry","category-destaque-da-semana","category-economia","category-ultima-hora"],"_links":{"self":[{"href":"https:\/\/diarioregionaldigital.com.br\/index.php?rest_route=\/wp\/v2\/posts\/219901","targetHints":{"allow":["GET"]}}],"collection":[{"href":"https:\/\/diarioregionaldigital.com.br\/index.php?rest_route=\/wp\/v2\/posts"}],"about":[{"href":"https:\/\/diarioregionaldigital.com.br\/index.php?rest_route=\/wp\/v2\/types\/post"}],"author":[{"embeddable":true,"href":"https:\/\/diarioregionaldigital.com.br\/index.php?rest_route=\/wp\/v2\/users\/246"}],"replies":[{"embeddable":true,"href":"https:\/\/diarioregionaldigital.com.br\/index.php?rest_route=%2Fwp%2Fv2%2Fcomments&post=219901"}],"version-history":[{"count":1,"href":"https:\/\/diarioregionaldigital.com.br\/index.php?rest_route=\/wp\/v2\/posts\/219901\/revisions"}],"predecessor-version":[{"id":219903,"href":"https:\/\/diarioregionaldigital.com.br\/index.php?rest_route=\/wp\/v2\/posts\/219901\/revisions\/219903"}],"wp:featuredmedia":[{"embeddable":true,"href":"https:\/\/diarioregionaldigital.com.br\/index.php?rest_route=\/wp\/v2\/media\/219902"}],"wp:attachment":[{"href":"https:\/\/diarioregionaldigital.com.br\/index.php?rest_route=%2Fwp%2Fv2%2Fmedia&parent=219901"}],"wp:term":[{"taxonomy":"category","embeddable":true,"href":"https:\/\/diarioregionaldigital.com.br\/index.php?rest_route=%2Fwp%2Fv2%2Fcategories&post=219901"},{"taxonomy":"post_tag","embeddable":true,"href":"https:\/\/diarioregionaldigital.com.br\/index.php?rest_route=%2Fwp%2Fv2%2Ftags&post=219901"}],"curies":[{"name":"wp","href":"https:\/\/api.w.org\/{rel}","templated":true}]}}