{"id":219893,"date":"2023-12-10T06:00:03","date_gmt":"2023-12-10T09:00:03","guid":{"rendered":"https:\/\/diarioregionaldigital.com.br\/?p=219893"},"modified":"2023-12-09T01:39:19","modified_gmt":"2023-12-09T04:39:19","slug":"michel-temer-no-rio","status":"publish","type":"post","link":"https:\/\/diarioregionaldigital.com.br\/?p=219893","title":{"rendered":"Michel Temer no Rio"},"content":{"rendered":"<p>A convite de Jos\u00e9 Roberto Tadros e Jos\u00e9 Bernardo Cabral, dirigentes da Confedera\u00e7\u00e3o Nacional do Com\u00e9rcio de Bens, Servi\u00e7os e Turismo, o ex-presidente Michel Temer esteve em visita ao Conselho de Not\u00e1veis, onde falou sobre a atualidade pol\u00edtica brasileira.<\/p>\n<p>Come\u00e7ou afirmando que a vontade do povo est\u00e1 na Constitui\u00e7\u00e3o da Rep\u00fablica \u2013 e isso deve sempre ser respeitado. Ressaltou como \u00e9 importante relembrar obviedades, como o fato de que a democracia envolve o debate de id\u00e9ias, \u201cmas \u00e9 conden\u00e1vel a disputa de corpora\u00e7\u00f5es.\u201d<\/p>\n<p>Condenou a exist\u00eancia de uma guerra entre o Senado e o Supremo Tribunal Federal, mas anotou um dado positivo: o grande movimento do capital estrangeiro para investir no Brasil, apesar da \u201cnossa cultura centralizadora\u201d. Condenou as mexidas no sistema educacional e lembrou que aumentar a carga hor\u00e1ria de\u00a0 Portugu\u00eas e Matem\u00e1tica no ensino m\u00e9dio j\u00e1 era uma preocupa\u00e7\u00e3o do seu governo.<\/p>\n<p>Defendeu os princ\u00edpios da Revolu\u00e7\u00e3o Francesa (Liberdade, Igualdade e\u00a0 Fraternidade) e a maior harmoniza\u00e7\u00e3o nas rela\u00e7\u00f5es entre empregos e empregadores. Precisamos de tranquilidade interna para cumprir adequadamente a Constitui\u00e7\u00e3o (\u201cComo n\u00e3o tenho hoje fun\u00e7\u00f5es p\u00fablicas, eu me divirto fazendo essas prega\u00e7\u00f5es\u201d). Com a disciplina que o caracteriza, Temer se considera um constitucionalista, muito grato e reconhecido \u00e0 afirma\u00e7\u00e3o de Bernardo Cabral que o considerou \u201cum homem muito sensato\u201d.<\/p>\n<p>Ao receber um livro das m\u00e3os do Conselheiro Aur\u00e9lio Wander Bastos foi mais uma vez elogiado na reuni\u00e3o do Conselho de Not\u00e1veis: \u201cMichel Temer trouxe o Brasil da volta \u00e0 normalidade democr\u00e1tica.\u201d<\/p>\n<p>Quando passou por mim, no evento, lembrou que recebeu uma posi\u00e7\u00e3o feroz, quando quis promover a reforma do ensino m\u00e9dio e, na verdade, sou testemunha de que isso ocorreu, para tristeza de n\u00f3s todos. At\u00e9 hoje, em consequ\u00eancia desse clima adverso, ainda se discute o destino da nossa educa\u00e7\u00e3o m\u00e9dia, que patina de forma lament\u00e1vel, enquanto milh\u00f5es de jovens comp\u00f5em a gera\u00e7\u00e3o nem-nem, dos que nem estudam, nem trabalham. At\u00e9 quando?<\/p>\n","protected":false},"excerpt":{"rendered":"<p>A convite de Jos\u00e9 Roberto Tadros e Jos\u00e9 Bernardo Cabral, dirigentes da Confedera\u00e7\u00e3o Nacional do Com\u00e9rcio de Bens, Servi\u00e7os e Turismo, o ex-presidente Michel Temer esteve em visita ao Conselho de Not\u00e1veis, onde falou sobre a atualidade pol\u00edtica brasileira. Come\u00e7ou afirmando que a vontade do povo est\u00e1 na Constitui\u00e7\u00e3o da Rep\u00fablica \u2013 e isso deve [&hellip;]<\/p>\n","protected":false},"author":96,"featured_media":0,"comment_status":"closed","ping_status":"closed","sticky":false,"template":"","format":"standard","meta":{"footnotes":""},"categories":[275],"tags":[],"class_list":["post-219893","post","type-post","status-publish","format-standard","hentry","category-arnaldo-niskier"],"_links":{"self":[{"href":"https:\/\/diarioregionaldigital.com.br\/index.php?rest_route=\/wp\/v2\/posts\/219893","targetHints":{"allow":["GET"]}}],"collection":[{"href":"https:\/\/diarioregionaldigital.com.br\/index.php?rest_route=\/wp\/v2\/posts"}],"about":[{"href":"https:\/\/diarioregionaldigital.com.br\/index.php?rest_route=\/wp\/v2\/types\/post"}],"author":[{"embeddable":true,"href":"https:\/\/diarioregionaldigital.com.br\/index.php?rest_route=\/wp\/v2\/users\/96"}],"replies":[{"embeddable":true,"href":"https:\/\/diarioregionaldigital.com.br\/index.php?rest_route=%2Fwp%2Fv2%2Fcomments&post=219893"}],"version-history":[{"count":1,"href":"https:\/\/diarioregionaldigital.com.br\/index.php?rest_route=\/wp\/v2\/posts\/219893\/revisions"}],"predecessor-version":[{"id":219894,"href":"https:\/\/diarioregionaldigital.com.br\/index.php?rest_route=\/wp\/v2\/posts\/219893\/revisions\/219894"}],"wp:attachment":[{"href":"https:\/\/diarioregionaldigital.com.br\/index.php?rest_route=%2Fwp%2Fv2%2Fmedia&parent=219893"}],"wp:term":[{"taxonomy":"category","embeddable":true,"href":"https:\/\/diarioregionaldigital.com.br\/index.php?rest_route=%2Fwp%2Fv2%2Fcategories&post=219893"},{"taxonomy":"post_tag","embeddable":true,"href":"https:\/\/diarioregionaldigital.com.br\/index.php?rest_route=%2Fwp%2Fv2%2Ftags&post=219893"}],"curies":[{"name":"wp","href":"https:\/\/api.w.org\/{rel}","templated":true}]}}