{"id":219891,"date":"2023-12-10T06:00:23","date_gmt":"2023-12-10T09:00:23","guid":{"rendered":"https:\/\/diarioregionaldigital.com.br\/?p=219891"},"modified":"2023-12-09T01:40:07","modified_gmt":"2023-12-09T04:40:07","slug":"o-ser-humano-como-corpo","status":"publish","type":"post","link":"https:\/\/diarioregionaldigital.com.br\/?p=219891","title":{"rendered":"O ser Humano como Corpo"},"content":{"rendered":"<p>O corpo \u00e9 a terceira parte constitutiva do ser humano, nossa dimens\u00e3o tang\u00edvel na qual alma e esp\u00edrito residem.<\/p>\n<p>O conceito de corpo refere-se \u00e0 parte f\u00edsica e material dos organismos vivos. \u00c9 a estrutura que abriga os sistemas e os \u00f3rg\u00e3os vitais e que permite a intera\u00e7\u00e3o com o ambiente.<\/p>\n<p>O corpo tamb\u00e9m desempenha um importante papel na identidade pessoal. A apar\u00eancia, as caracter\u00edsticas corporais e as habilidades f\u00edsicas podem influenciar a forma como uma pessoa \u00e9 percebida e como ela se relaciona com os semelhantes. Tais aspectos determinam muito do que a pessoa \u00e9 em si mesma, mas acima de tudo interfere na maneira como \u00e9 percebida socialmente.<\/p>\n<p>No cristianismo, o corpo \u00e9 considerado uma cria\u00e7\u00e3o de Deus e \u00e9 tido como algo positivo e sagrado. A vis\u00e3o crist\u00e3 do corpo \u00e9 baseada na cren\u00e7a de que os seres humanos foram criados \u00e0 imagem de Deus e que o corpo \u00e9 o templo do Esp\u00edrito Santo.<\/p>\n<p>Por\u00e9m, a doutrina do pecado original ensina que a humanidade est\u00e1 condicionada a uma natureza ca\u00edda e propensa ao erro. Neste contexto, o corpo pode se tornar o reino das sensa\u00e7\u00f5es que afetam tanto a alma quanto o esp\u00edrito. Por isso, o corpo, embora n\u00e3o demonizado, requer aten\u00e7\u00e3o. Ele \u00e9 a fronteira do nosso ser total em rela\u00e7\u00e3o ao mundo, por isso est\u00e1 sujeito a todas ordens de tenta\u00e7\u00e3o que operam atrav\u00e9s de sensa\u00e7\u00f5es e emo\u00e7\u00f5es.<\/p>\n<p>A dor e o prazer s\u00e3o experi\u00eancias sensoriais que passam pelo corpo para atingir a alma. Naturalmente, tendemos a evitar o primeiro e perseguir o segundo, ou seja, se somos governados por rea\u00e7\u00f5es e instintos, como qualquer outra criatura, sempre buscaremos maximizar o prazer imediato e evitar qualquer forma de dor. Consequentemente, deixado \u00e0 pr\u00f3pria sorte, o corpo tende a inclinar-se sempre para o desfrute imediato, o que gera riscos concretos para a santidade, pois agir bem uma implica muitas vezes em renunciar o deleite presente em vista de um benef\u00edcio futuro, requerendo autocontrole para proceder algum n\u00edvel de conten\u00e7\u00e3o a fim de alcan\u00e7ar metas de car\u00e1ter moral.<\/p>\n<p>O corpo opera por mecanismos sensoriais que despertam emo\u00e7\u00f5es, consequentemente nos debates travados no cora\u00e7\u00e3o, sua posi\u00e7\u00e3o n\u00e3o est\u00e1 inclinada a se interessar pelo que \u00e9 certo, mas pelo que produz satisfa\u00e7\u00e3o. Por isso, quando se trata dos desafios de santidade, ele precisa ser constantemente disciplinado, domado pelo esp\u00edrito regenerado:<\/p>\n<p>1 Tessalonicenses 4: 4. <em>Cada um saiba controlar o pr\u00f3prio corpo de maneira santa e honrosa, 5. n\u00e3o com a paix\u00e3o de desejo desenfreado, como os pag\u00e3os que desconhecem a Deus. <\/em>&#8211; B\u00edblia NVI<\/p>\n<p>Reiterando: n\u00e3o significa que o corpo seja uma \u201cparte maligna\u201d, significa que ele opera na fronteira entre alma e o enredo ca\u00eddo, consequentemente, est\u00e1 submetido \u00e0s primeiras incurs\u00f5es desviantes, al\u00e9m disso, sua linguagem \u00e9 sin\u00e1ptica, o corpo tende aos sinais nervosos imediatamente mais agrad\u00e1veis.<\/p>\n<p>O mesmo corpo que pode servir ao mal, pode servir para a obra de Deus .O ap\u00f3stolo Paulo escreveu:<\/p>\n<p>Romanos 6: 12. <em>N\u00e3o reine, portanto, o pecado em vosso corpo mortal, para lhe obedecerdes em suas concupisc\u00eancias; 13. nem tampouco apresenteis os vossos membros ao pecado por instrumentos de iniquidade; mas apresentai-vos a Deus, como vivos dentre mortos, e os vossos membros a Deus, como instrumentos de justi\u00e7a.<\/em> &#8211; B\u00edblia ARC<\/p>\n<p>Essa passagem destaca a responsabilidade dos crist\u00e3os em cuidar do corpo e us\u00e1-lo de maneira que honre a Deus. O corpo desempenha um papel fundamental na reden\u00e7\u00e3o, pois \u00e9 atrav\u00e9s dos sentidos do corpo que a pessoa come\u00e7a a ser aproximar de Deus. Explicando, se a f\u00e9 vem por ouvir da Palavra, a audi\u00e7\u00e3o ocupa um lugar na justifica\u00e7\u00e3o:<\/p>\n<p>Romanos 10: 17. <em>Conseq\u00fcentemente, a f\u00e9 vem por ouvir a mensagem, e a mensagem \u00e9 ouvida mediante a palavra de Cristo.<\/em> &#8211; B\u00edblia NVI<\/p>\n<p>Se as Escrituras s\u00e3o a fonte de sabedoria, precisamos dedicar nossa vis\u00e3o \u00e0 leitura dos textos b\u00edblicos:<\/p>\n<p>2 Tim\u00f3teo 3: 16. <em>Toda a Escritura \u00e9 inspirada por Deus e \u00fatil para o ensino, para a repreens\u00e3o, para a corre\u00e7\u00e3o e para a instru\u00e7\u00e3o na justi\u00e7a, 17. para que o homem de Deus seja apto e plenamente preparado para toda boa obra. <\/em>&#8211; B\u00edblia NVI<\/p>\n<p>A prega\u00e7\u00e3o envolve o falar, logo, v\u00ea-se outra fun\u00e7\u00e3o objetiva do corpo em acordo com os des\u00edgnios santos:<\/p>\n<p>Josu\u00e9 1: 8. <em>N\u00e3o deixe de falar as palavras deste Livro da Lei e de meditar nelas de dia e de noite, para que voc\u00ea cumpra fielmente tudo o que nele est\u00e1 escrito. S\u00f3 ent\u00e3o os seus caminhos prosperar\u00e3o e voc\u00ea ser\u00e1 bem sucedido.<\/em> &#8211; B\u00edblia NVI<\/p>\n<p>A passagem de Romanos a seguir resume bem as fun\u00e7\u00f5es corporais no processo de salva\u00e7\u00e3o:<\/p>\n<p>Romanos 10: 12. <em>N\u00e3o h\u00e1 diferen\u00e7a entre judeus e gentios, pois o mesmo Senhor \u00e9 Senhor de todos e aben\u00e7oa ricamente todos os que o invocam, 13. porque &#8220;todo aquele que invocar o nome do Senhor ser\u00e1 salvo&#8221;. 14. Como, pois, invocar\u00e3o aquele em quem n\u00e3o creram? E como crer\u00e3o naquele de quem n\u00e3o ouviram falar? E como ouvir\u00e3o, se n\u00e3o houver quem pregue? 15. E como pregar\u00e3o, se n\u00e3o forem enviados? Como est\u00e1 escrito: &#8220;Como s\u00e3o belos os p\u00e9s dos que anunciam boas novas! &#8221; <\/em>&#8211; B\u00edblia NVI<\/p>\n<p>Invocar com a boca, captar a Palavra com os ouvidos, pregar depende de voz e ouvidos, e o contato depende dos p\u00e9s mission\u00e1rios. O corpo possui uma fun\u00e7\u00e3o premente na santifica\u00e7\u00e3o de todo o ser. Nele se operam as armadilhas e \u00e9 nele que se inicia a regenera\u00e7\u00e3o.<\/p>\n","protected":false},"excerpt":{"rendered":"<p>O corpo \u00e9 a terceira parte constitutiva do ser humano, nossa dimens\u00e3o tang\u00edvel na qual alma e esp\u00edrito residem. O conceito de corpo refere-se \u00e0 parte f\u00edsica e material dos organismos vivos. \u00c9 a estrutura que abriga os sistemas e os \u00f3rg\u00e3os vitais e que permite a intera\u00e7\u00e3o com o ambiente. O corpo tamb\u00e9m desempenha [&hellip;]<\/p>\n","protected":false},"author":96,"featured_media":0,"comment_status":"closed","ping_status":"closed","sticky":false,"template":"","format":"standard","meta":{"footnotes":""},"categories":[1244],"tags":[],"class_list":["post-219891","post","type-post","status-publish","format-standard","hentry","category-oleg-abramov"],"_links":{"self":[{"href":"https:\/\/diarioregionaldigital.com.br\/index.php?rest_route=\/wp\/v2\/posts\/219891","targetHints":{"allow":["GET"]}}],"collection":[{"href":"https:\/\/diarioregionaldigital.com.br\/index.php?rest_route=\/wp\/v2\/posts"}],"about":[{"href":"https:\/\/diarioregionaldigital.com.br\/index.php?rest_route=\/wp\/v2\/types\/post"}],"author":[{"embeddable":true,"href":"https:\/\/diarioregionaldigital.com.br\/index.php?rest_route=\/wp\/v2\/users\/96"}],"replies":[{"embeddable":true,"href":"https:\/\/diarioregionaldigital.com.br\/index.php?rest_route=%2Fwp%2Fv2%2Fcomments&post=219891"}],"version-history":[{"count":2,"href":"https:\/\/diarioregionaldigital.com.br\/index.php?rest_route=\/wp\/v2\/posts\/219891\/revisions"}],"predecessor-version":[{"id":219895,"href":"https:\/\/diarioregionaldigital.com.br\/index.php?rest_route=\/wp\/v2\/posts\/219891\/revisions\/219895"}],"wp:attachment":[{"href":"https:\/\/diarioregionaldigital.com.br\/index.php?rest_route=%2Fwp%2Fv2%2Fmedia&parent=219891"}],"wp:term":[{"taxonomy":"category","embeddable":true,"href":"https:\/\/diarioregionaldigital.com.br\/index.php?rest_route=%2Fwp%2Fv2%2Fcategories&post=219891"},{"taxonomy":"post_tag","embeddable":true,"href":"https:\/\/diarioregionaldigital.com.br\/index.php?rest_route=%2Fwp%2Fv2%2Ftags&post=219891"}],"curies":[{"name":"wp","href":"https:\/\/api.w.org\/{rel}","templated":true}]}}