{"id":219880,"date":"2023-12-08T20:35:45","date_gmt":"2023-12-08T23:35:45","guid":{"rendered":"https:\/\/diarioregionaldigital.com.br\/?p=219880"},"modified":"2023-12-08T20:35:45","modified_gmt":"2023-12-08T23:35:45","slug":"cantata-do-gente-em-primeiro-lugar-leva-a-magia-do-natal-ao-museu-mariano-procopio","status":"publish","type":"post","link":"https:\/\/diarioregionaldigital.com.br\/?p=219880","title":{"rendered":"Cantata do Gente em Primeiro Lugar leva a magia do Natal ao Museu Mariano Proc\u00f3pio"},"content":{"rendered":"<p>Segundo informa\u00e7\u00f5es do site da Prefeitura de Juiz de Fora (PJF), cerca de cem alunos das oficinas culturais de canto coral, viol\u00e3o, percuss\u00e3o e teclado do Centro Cultural Dnar Rocha participam da Cantata de Natal do Programa Gente em Primeiro Lugar, que acontece na pr\u00f3xima ter\u00e7a-feira, 12, a partir das 19h. Neste ano, o espa\u00e7o escolhido para a apresenta\u00e7\u00e3o \u00e9 o Museu Mariano Proc\u00f3pio, que, pela primeira vez, recebe ilumina\u00e7\u00e3o natalina. Com entrada franca e livre para todos os p\u00fablicos, a Cantata do Gente acontecer\u00e1 na fachada do pr\u00e9dio hist\u00f3rico do Mariano Proc\u00f3pio. O acesso ser\u00e1 feito exclusivamente pelo port\u00e3o da Rua Dom Pedro II.<\/p>\n<p>O repert\u00f3rio foi cuidadosamente escolhido para a noite festiva e inclui cl\u00e1ssicos como\u00a0 \u201cVem que est\u00e1 chegando o Natal\u201d, \u201cOde Alegria\u201d, \u201cNoite Feliz\u201d, \u201cEnt\u00e3o, \u00e9 Natal\u201d e \u201cMarcas do que se Foi\u201d, entre outras can\u00e7\u00f5es. A dire\u00e7\u00e3o da cantata \u00e9 de Jaqueline Fonseca, e a produ\u00e7\u00e3o de Diego Alexandre, Igor Campos, Jackson do Pandeiro e L\u00e9o Miroudo.<\/p>\n<p>De acordo com o coordenador-geral do Programa Gente em Primeiro Lugar, Fernando Val\u00e9rio, o evento \u00e9 uma chance de proporcionar um momento de integra\u00e7\u00e3o, socializa\u00e7\u00e3o e confraterniza\u00e7\u00e3o entre os participantes das oficinas, al\u00e9m de mostrar os resultados do trabalho desenvolvido durante todo o ano. \u201c\u00c9 uma oportunidade valiosa para os alunos apresentarem a evolu\u00e7\u00e3o alcan\u00e7ada em seus respectivos instrumentos\u201d.<br \/>\n.<br \/>\nO Centro Cultural Dnar Rocha e o Programa Gente em Primeiro Lugar s\u00e3o mantidos pela Prefeitura de Juiz de Fora (PJF), com gerenciamento da Funda\u00e7\u00e3o Cultural Alfredo Ferreira Lage (Funalfa) e presta\u00e7\u00e3o de servi\u00e7os da Associa\u00e7\u00e3o Municipal de Apoio Comunit\u00e1rio (Amac). Primeiro museu de Minas Gerais, o Mariano Proc\u00f3pio tamb\u00e9m \u00e9 um equipamento cultural mantido pela PJF, com gest\u00e3o compartilhada com o Conselho de Amigos do Museu.<\/p>\n","protected":false},"excerpt":{"rendered":"<p>Segundo informa\u00e7\u00f5es do site da Prefeitura de Juiz de Fora (PJF), cerca de cem alunos das oficinas culturais de canto coral, viol\u00e3o, percuss\u00e3o e teclado do Centro Cultural Dnar Rocha participam da Cantata de Natal do Programa Gente em Primeiro Lugar, que acontece na pr\u00f3xima ter\u00e7a-feira, 12, a partir das 19h. Neste ano, o espa\u00e7o [&hellip;]<\/p>\n","protected":false},"author":246,"featured_media":219881,"comment_status":"closed","ping_status":"closed","sticky":false,"template":"","format":"standard","meta":{"footnotes":""},"categories":[253,436,439],"tags":[],"class_list":["post-219880","post","type-post","status-publish","format-standard","has-post-thumbnail","hentry","category-cidade","category-destaque-da-semana","category-ultima-hora"],"_links":{"self":[{"href":"https:\/\/diarioregionaldigital.com.br\/index.php?rest_route=\/wp\/v2\/posts\/219880","targetHints":{"allow":["GET"]}}],"collection":[{"href":"https:\/\/diarioregionaldigital.com.br\/index.php?rest_route=\/wp\/v2\/posts"}],"about":[{"href":"https:\/\/diarioregionaldigital.com.br\/index.php?rest_route=\/wp\/v2\/types\/post"}],"author":[{"embeddable":true,"href":"https:\/\/diarioregionaldigital.com.br\/index.php?rest_route=\/wp\/v2\/users\/246"}],"replies":[{"embeddable":true,"href":"https:\/\/diarioregionaldigital.com.br\/index.php?rest_route=%2Fwp%2Fv2%2Fcomments&post=219880"}],"version-history":[{"count":1,"href":"https:\/\/diarioregionaldigital.com.br\/index.php?rest_route=\/wp\/v2\/posts\/219880\/revisions"}],"predecessor-version":[{"id":219882,"href":"https:\/\/diarioregionaldigital.com.br\/index.php?rest_route=\/wp\/v2\/posts\/219880\/revisions\/219882"}],"wp:featuredmedia":[{"embeddable":true,"href":"https:\/\/diarioregionaldigital.com.br\/index.php?rest_route=\/wp\/v2\/media\/219881"}],"wp:attachment":[{"href":"https:\/\/diarioregionaldigital.com.br\/index.php?rest_route=%2Fwp%2Fv2%2Fmedia&parent=219880"}],"wp:term":[{"taxonomy":"category","embeddable":true,"href":"https:\/\/diarioregionaldigital.com.br\/index.php?rest_route=%2Fwp%2Fv2%2Fcategories&post=219880"},{"taxonomy":"post_tag","embeddable":true,"href":"https:\/\/diarioregionaldigital.com.br\/index.php?rest_route=%2Fwp%2Fv2%2Ftags&post=219880"}],"curies":[{"name":"wp","href":"https:\/\/api.w.org\/{rel}","templated":true}]}}