{"id":219877,"date":"2023-12-08T20:30:14","date_gmt":"2023-12-08T23:30:14","guid":{"rendered":"https:\/\/diarioregionaldigital.com.br\/?p=219877"},"modified":"2023-12-08T20:30:14","modified_gmt":"2023-12-08T23:30:14","slug":"vacinacao-de-nova-dose-da-bivalente-para-maiores-de-60-anos-e-imunossuprimidos-com-mais-de-12-anos-comeca-na-proxima-segunda-11","status":"publish","type":"post","link":"https:\/\/diarioregionaldigital.com.br\/?p=219877","title":{"rendered":"Vacina\u00e7\u00e3o de nova dose da bivalente para maiores de 60 anos e imunossuprimidos com mais de 12 anos come\u00e7a na pr\u00f3xima segunda, 11"},"content":{"rendered":"<p>Segundo informa\u00e7\u00f5es do site da Prefeitura de Juiz de Fora (PJF), a Prefeitura de Juiz de Fora (PJF) d\u00e1 prosseguimento \u00e0 imuniza\u00e7\u00e3o contra a Covid-19 no munic\u00edpio na pr\u00f3xima semana, dos dias 11 \u00e0 15, <strong>com uma novidade<\/strong>. Come\u00e7a, nesta segunda-feira, 11,\u00a0<strong>a vacina\u00e7\u00e3o da nova dose da vacina bivalente para as pessoas com 60 anos ou mais e imunossuprimidos a partir de 12 anos que tomaram a bivalente h\u00e1 seis meses ou mais.<\/strong><\/p>\n<div id=\"box_texto_noticia\">\n<p>Esse p\u00fablico recebe a nova dose da vacina bivalente contra Covid-19 nas Unidades B\u00e1sicas de Sa\u00fade (UBSs) espalhadas pelo munic\u00edpio<strong>, das 8h30 \u00e0s 10h30 e das 13h \u00e0s 16h. \u00c0s quintas-feiras, o hor\u00e1rio de vacina\u00e7\u00e3o na parte da tarde \u00e9 das 13h \u00e0s 14h30.\u00a0<\/strong>Os mesmos locais seguem aplicando a primeira dose para\u00a0<strong>as pessoas com 18 anos ou mais, imunossuprimidos com 12 anos ou mais, gr\u00e1vidas ou pu\u00e9rperas (at\u00e9 45 dias ap\u00f3s o parto), e as pessoas com comorbidades a partir de 12 anos.<\/strong><\/p>\n<p><strong>As gr\u00e1vidas e pu\u00e9rperas tamb\u00e9m podem buscar por esta vacina no Departamento de Sa\u00fade da Mulher, Gestante, Crian\u00e7a e do Adolescente (DSMGCA), na Rua S\u00e3o Sebasti\u00e3o, 772\/776, Centro, das 8h \u00e0s 11h30 e das 13h \u00e0s 16h.<\/strong><\/p>\n<p>O\u00a0<strong>Servi\u00e7o de Sa\u00fade do Idoso (Sasi)<\/strong>, na Rua Batista de Oliveira, 943, no bairro Granbery, oferece a vacina bivalente para\u00a0<strong>as pessoas com 60 anos ou mais e imunossuprimidos a partir de 12 anos que tomaram a bivalente h\u00e1 seis meses ou mais\u00a0<\/strong>que buscam pela nova dose, e para as pessoas com 18 anos ou mais. A imuniza\u00e7\u00e3o acontece das 8h \u00e0s 16h, sem pausa no hor\u00e1rio do almo\u00e7o.<\/p>\n<p><strong>Refor\u00e7amos o pedido para todos que ser\u00e3o vacinados levarem, impressa e preenchida, a Ficha de Vacina\u00e7\u00e3o, cujo modelo est\u00e1 dispon\u00edvel no anexo. Isso facilita no momento da triagem e agiliza o processo de vacina\u00e7\u00e3o.<\/strong><\/p>\n<p>Para receber a vacina bivalente, \u00e9 necess\u00e1rio que a pessoa esteja vacinada com\u00a0<strong>pelo menos duas doses dos imunizantes contra Covid-19, ap\u00f3s um intervalo de quatro meses de sua \u00faltima dose recebida<\/strong>.\u00a0<strong>Pacientes acamados, que pertencem ao p\u00fablico priorit\u00e1rio, em \u00e1reas descobertas por uma Unidade B\u00e1sica de Sa\u00fade (UBS), devem entrar em contato pelo telefone (32) 3214-4180<\/strong>. O novo imunizante oferece a prote\u00e7\u00e3o contra o v\u00edrus original da Covid-19, bem como a variante \u00d4micron.<\/p>\n<p>Para receber a vacina bivalente, a\u00a0<strong>pessoa imunossuprimida com 12 anos ou mais<\/strong>\u00a0precisa ser transplantada de \u00f3rg\u00e3o s\u00f3lido ou de medula \u00f3ssea; viver com HIV; com doen\u00e7as inflamat\u00f3rias imunomediadas em atividade e em uso de corticoides maior ou igual a 20 mg\/dia de prednisona, ou equivalente, por 14 ou mais dias; usar imunossupressores e\/ou imunobiol\u00f3gicos que levam \u00e0 imunossupress\u00e3o; com erros inatos de imunidade; com doen\u00e7a renal cr\u00f4nica em hemodi\u00e1lise; pacientes oncol\u00f3gicos que realizaram tratamento quimioter\u00e1pico ou radioter\u00e1pico nos \u00faltimos seis meses; e pessoas com neoplasias hematol\u00f3gicas.<\/p>\n<p><strong>Vacina\u00e7\u00e3o monovalente<\/strong><\/p>\n<p>A vacina\u00e7\u00e3o de primeiras, segundas e terceiras doses monovalentes para\u00a0<strong>as crian\u00e7as de seis meses de idade a menores de cinco anos<\/strong>\u00a0<strong>acontece<\/strong>\u00a0<strong>no Departamento de Sa\u00fade da Mulher, Gestante, Crian\u00e7a e do Adolescente, das 8h \u00e0s 11h30 e das 13h \u00e0s 16h. As crian\u00e7as de cinco a 11 anos, 11 meses e 29 dias de idade poder\u00e3o se imunizar em 20 UBSs e no DSMGCA.<\/strong><\/p>\n<p><strong>As pessoas maiores de 12 anos tamb\u00e9m podem ser imunizadas com a monovalente nessas mesmas 20 unidades, com os jovens de 12 anos a menores de 18 anos podendo tamb\u00e9m se vacinar no DSMGCA<\/strong>.\u00a0<strong>Confira os locais e hor\u00e1rios de vacina\u00e7\u00e3o abaixo.<\/strong><\/p>\n<p><strong>Rotina<\/strong><\/p>\n<p>Os imunizantes de rotina s\u00e3o aplicados nas Unidades B\u00e1sicas de Sa\u00fade (UBS) espalhadas pelo munic\u00edpio e no Servi\u00e7o de Sa\u00fade do Idoso (Sasi), exclusivamente para a popula\u00e7\u00e3o com 60 anos ou mais. As vacinas de rotina\u00a0<strong>podem ser recebidas conjuntamente com os imunizantes contra a Covid-19,\u00a0<\/strong>sem qualquer tipo de problema.<\/p>\n<p><strong>Documenta\u00e7\u00e3o<\/strong><\/p>\n<p>Aqueles que forem receber a primeira dose da vacina devem apresentar originais e c\u00f3pias de documento de identifica\u00e7\u00e3o com foto (como documento de identidade (RG) ou carteira de motorista) e o CPF, caso o n\u00famero do mesmo n\u00e3o conste na identidade, al\u00e9m da ficha de vacina\u00e7\u00e3o impressa e preenchida. Crian\u00e7as, pr\u00e9-adolescentes e adolescentes que n\u00e3o tiverem o documento de identidade podem apresentar a certid\u00e3o de nascimento.\u00a0<strong>A PJF pede que seja levada uma c\u00f3pia do comprovante de resid\u00eancia no nome dos pais ou respons\u00e1vel com endere\u00e7o em Juiz de Fora.\u00a0<\/strong>As crian\u00e7as com comorbidades ou imunossuprimidas, al\u00e9m destes documentos, devem<strong>\u00a0apresentar laudo ou atestado m\u00e9dico datado de, no m\u00e1ximo, 12 meses, comprovando a condi\u00e7\u00e3o.<\/strong><\/p>\n<p>As pessoas que v\u00e3o receber a D2 ou a dose de refor\u00e7o precisam apresentar apenas a ficha de vacina\u00e7\u00e3o, o cart\u00e3o de vacina e um documento de identifica\u00e7\u00e3o com foto, enquanto os imunossuprimidos, al\u00e9m destes documentos, devem apresentar laudo ou atestado m\u00e9dico datado de, no m\u00e1ximo, 12 meses, comprovando a condi\u00e7\u00e3o. N\u00e3o \u00e9 necess\u00e1ria a apresenta\u00e7\u00e3o de comprovante de resid\u00eancia.\u00a0<strong>As gr\u00e1vidas precisam apresentar o cart\u00e3o pr\u00e9-natal, e as pu\u00e9rperas, a certid\u00e3o de nascimento da crian\u00e7a.\u00a0<\/strong>As pessoas com defici\u00eancia de 12 anos ou mais precisam apresentar laudo ou atestado m\u00e9dico datado de, no m\u00e1ximo, 12 meses.<\/p>\n<p><strong>Confira o calend\u00e1rio de vacina\u00e7\u00e3o contra a Covid-19:<\/strong><\/p>\n<p><strong>Primeiras, segundas e terceiras doses de todas as crian\u00e7as de seis meses a menores de 18 anos com a monovalente<\/strong><\/p>\n<p>DSMGCA, das 8h \u00e0s 11h30 e das 13h \u00e0s 16h.<\/p>\n<p><strong>Primeiras, segundas e terceiras doses de todas as crian\u00e7as de cinco anos a menores de 12 anos com a monovalente<\/strong><\/p>\n<p>DSMGCA, das 8h \u00e0s 11h30 e das 13h \u00e0s 16h; e 20 UBSs, das 8h30 \u00e0s 10h30 e das 13h \u00e0s 16h (quintas, das 8h30 \u00e0s 10h30 e das 13h \u00e0s 14h30).<\/p>\n<p><strong>Vacina\u00e7\u00e3o para maiores de 12 anos com a monovalente<\/strong><\/p>\n<p>20 UBSs, das 8h30 \u00e0s 10h30 e das 13h \u00e0s 16h (quintas, das 8h30 \u00e0s 10h30 e das 13h \u00e0s 14h30).<\/p>\n<p><strong>Vacina\u00e7\u00e3o com a bivalente para pessoas com 18 anos ou mais, imunossuprimidos com 12 anos ou mais, pessoas com comorbidades de 12 anos ou mais, pessoas com defici\u00eancia permanente de 12 anos ou mais, ou gestantes e pu\u00e9rperas, que receberam a \u00faltima dose h\u00e1 4 meses ou antes<\/strong><\/p>\n<p><strong>UBSs<\/strong>, das 8h30 \u00e0s 10h30 e das 13h \u00e0s 16h (quintas, das 8h30 \u00e0s 10h30 e das 13h \u00e0s 14h30);<strong>\u00a0Sasi<\/strong>, das 8h \u00e0s 16h, para pessoas com 18 anos ou mais;\u00a0<strong>DSMGCA<\/strong>, das 8h \u00e0s 12h e das 13h \u00e0s 16h, para gr\u00e1vidas e pu\u00e9rperas.<\/p>\n<p><strong>Nova dose da bivalente para pessoas com 60 anos ou mais e imunossuprimidos a partir de 12 anos que tomaram a bivalente h\u00e1 seis meses ou mais<\/p>\n<p>UBSs<\/strong>, das 8h30 \u00e0s 10h30 e das 13h \u00e0s 16h (quintas, das 8h30 \u00e0s 10h30 e das 13h \u00e0s 14h30);<strong>\u00a0Sasi<\/strong>, das 8h \u00e0s 16h, para pessoas com 18 anos ou mais<\/p>\n<p><strong>Endere\u00e7os dos locais de vacina\u00e7\u00e3o<\/strong><\/p>\n<p><strong>Departamento de Sa\u00fade da Mulher, Gestante, Crian\u00e7a e do Adolescente (DSMGCA) \u2013 exclusivamente para crian\u00e7as e adolescentes com a monovalente (seis meses a 5 anos) e para gr\u00e1vidas e pu\u00e9rperas (45 dias ap\u00f3s o parto) com a bivalente \u2013 das 8h \u00e0s 11h30 e das 13h \u00e0s 16h (vacina\u00e7\u00e3o contra Covid) e das 8h \u00e0s 14h (demais vacinas de rotina)<\/strong><\/p>\n<p>Rua S\u00e3o Sebasti\u00e3o, 772\/776, Centro.<\/p>\n<p><strong>Servi\u00e7o de Sa\u00fade do Idoso (Sasi) &#8211; aplica\u00e7\u00e3o da vacina bivalente para as pessoas de 18 anos ou mais e imuniza\u00e7\u00e3o de rotina para pessoas com 60 anos ou mais &#8211; das 8h \u00e0s 16h<\/strong><\/p>\n<p>Rua Batista de Oliveira, 943, bairro Granbery.<\/p>\n<p><strong>UBSs que vacinam com a bivalente, das 8h30 \u00e0s 10h30 e das 13h \u00e0s 16h (quintas, das 8h30 \u00e0s 10h30 e das 13h \u00e0s 14h30):<\/strong><\/p>\n<p>1. UBS Jardim Natal<\/p>\n<p>2. UBS Milho Branco<\/p>\n<p>3. UBS Monte Castelo<\/p>\n<p>4. UBS Vale Verde<\/p>\n<p>5. UBS Nossa Senhora das Gra\u00e7as<\/p>\n<p>6. UBS Progresso<\/p>\n<p>7. UBS Bandeirantes<\/p>\n<p>8. UBS Furtado de Menezes<\/p>\n<p>9. UBS Santa Luzia<\/p>\n<p>10. UBS Benfica<\/p>\n<p>11. UBS S\u00e3o Pedro<\/p>\n<p>12. UBS Teixeiras<\/p>\n<p>13. UBS Santo Ant\u00f4nio<\/p>\n<p>14. UBS Igrejinha<\/p>\n<p>15. UBS Chap\u00e9u D&#8217;Uvas<\/p>\n<p>16. UBS Barreira do Triunfo (8h30 \u00e0s 10h30 e 13h \u00e0s 15h)<\/p>\n<p>17. UBS S\u00e3o Sebasti\u00e3o<\/p>\n<p>18. UBS Cidade do Sol<\/p>\n<p>19. UBS Alto Graja\u00fa (8h \u00e0s 10h30)<\/p>\n<p>20. UBS Cruzeiro do Sul<\/p>\n<p>21. UBS Dom Bosco<\/p>\n<p>22. UBS Esplanada<\/p>\n<p>23. UBS Filgueiras<\/p>\n<p>24. UBS Granjas Beth\u00e2nia (8h30 \u00e0s 10h30 e 13h \u00e0s 16h)<\/p>\n<p>25. UBS Bairro Industrial (8h30 \u00e0s 10h30)<\/p>\n<p>26. UBS Santos Dumont<\/p>\n<p>27. UBS Jardim da Lua<\/p>\n<p>28. UBS Jardim Esperan\u00e7a<\/p>\n<p>29. UBS S\u00e3o Benedito (13h \u00e0s 16h)<\/p>\n<p>30. UBS Parque Guarani<\/p>\n<p>31. UBS J\u00f3quei Clube II<\/p>\n<p>32. UBS Linhares<\/p>\n<p>33. UBS Marumbi<\/p>\n<p>34. UBS Nossa Senhora de Lourdes<\/p>\n<p>35. UBS Nova Era<\/p>\n<p>36. UBS Ipiranga (8h \u00e0s 10h30)<\/p>\n<p>37. UBS Santa Cec\u00edlia<\/p>\n<p>38.\u00a0 UBS Santa Cruz<\/p>\n<p>39. UBS Santa Efig\u00eania<\/p>\n<p>40. UBS Santa Rita<\/p>\n<p>41. UBS S\u00e3o Judas Tadeu<\/p>\n<p>42. UBS Valadares<\/p>\n<p>43. UBS Toledos<\/p>\n<p>44. Volante (Privil\u00e9gio, Pires, Buiei\u00e9, Palmital e Jacutinga)<\/p>\n<p>45. UBS Paula Lima<\/p>\n<p>46. UBS Pirapetinga<\/p>\n<p>47. UBS Penido<\/p>\n<p>48. UBS Ros\u00e1rio<\/p>\n<p>49. UBS Dias Tavares<\/p>\n<p>50. UBS Centro Sul<\/p>\n<p>51. UBS J\u00f3quei Clube I (13h \u00e0s 16h)<\/p>\n<p>52. UBS Nossa Senhora Aparecida<\/p>\n<p>53. UBS Borboleta (13h \u00e0s 16h)<\/p>\n<p>54. UBS Vila Olavo Costa<\/p>\n<p><strong>UBSs que vacinam pessoas maiores de cinco anos com a monovalente, das 8h30 \u00e0s 10h30 e das 13h \u00e0s 16h (quintas, das 8h30 \u00e0s 10h30 e das 13h \u00e0s 14h30):<\/strong><\/p>\n<p>1. UBS Benfica<\/p>\n<p>2. UBS Santa Cruz<\/p>\n<p>3. UBS Nova Era<\/p>\n<p>4. UBS Monte Castelo<\/p>\n<p>5. UBS Milho Branco<\/p>\n<p>6. UBS S\u00e3o Sebasti\u00e3o<\/p>\n<p>7. UBS Bandeirantes<\/p>\n<p>8. UBS Nossa Senhora das Gra\u00e7as<\/p>\n<p>9. UBS Marumbi<\/p>\n<p>10. UBS Linhares<\/p>\n<p>11. UBS Progresso<\/p>\n<p>12. UBS Grama (8h30 \u00e0s 10h30)<\/p>\n<p>13. UBS Santa Luzia<\/p>\n<p>14. UBS Santa Cec\u00edlia<\/p>\n<p>15. UBS Teixeiras<\/p>\n<p>16. UBS S\u00e3o Pedro<\/p>\n<p>17. UBS Santos Dumont<\/p>\n<p>18. UBS Nossa Senhora Aparecida<\/p>\n<p>19. UBS Bairro de Lourdes<\/p>\n<p>20. UBS Centro Sul<\/p>\n<p><strong>Ficha de Vacina\u00e7\u00e3o:<\/strong><\/p>\n<\/div>\n<p>&nbsp;<\/p>\n<div class=\"texto_anexo\"><img loading=\"lazy\" decoding=\"async\" src=\"https:\/\/www.pjf.mg.gov.br\/imagens\/clips.jpg\" width=\"22\" height=\"20\" \/>\u00a0<a href=\"https:\/\/www.pjf.mg.gov.br\/noticias\/anexo\/ficha_vacina(1)(1).pdf\" target=\"_blank\" rel=\"noopener\">Veja o anexo<\/a><\/div>\n","protected":false},"excerpt":{"rendered":"<p>Segundo informa\u00e7\u00f5es do site da Prefeitura de Juiz de Fora (PJF), a Prefeitura de Juiz de Fora (PJF) d\u00e1 prosseguimento \u00e0 imuniza\u00e7\u00e3o contra a Covid-19 no munic\u00edpio na pr\u00f3xima semana, dos dias 11 \u00e0 15, com uma novidade. Come\u00e7a, nesta segunda-feira, 11,\u00a0a vacina\u00e7\u00e3o da nova dose da vacina bivalente para as pessoas com 60 anos [&hellip;]<\/p>\n","protected":false},"author":246,"featured_media":219878,"comment_status":"closed","ping_status":"closed","sticky":false,"template":"","format":"standard","meta":{"footnotes":""},"categories":[253,436,440,439],"tags":[],"class_list":["post-219877","post","type-post","status-publish","format-standard","has-post-thumbnail","hentry","category-cidade","category-destaque-da-semana","category-destaques-do-dia","category-ultima-hora"],"_links":{"self":[{"href":"https:\/\/diarioregionaldigital.com.br\/index.php?rest_route=\/wp\/v2\/posts\/219877","targetHints":{"allow":["GET"]}}],"collection":[{"href":"https:\/\/diarioregionaldigital.com.br\/index.php?rest_route=\/wp\/v2\/posts"}],"about":[{"href":"https:\/\/diarioregionaldigital.com.br\/index.php?rest_route=\/wp\/v2\/types\/post"}],"author":[{"embeddable":true,"href":"https:\/\/diarioregionaldigital.com.br\/index.php?rest_route=\/wp\/v2\/users\/246"}],"replies":[{"embeddable":true,"href":"https:\/\/diarioregionaldigital.com.br\/index.php?rest_route=%2Fwp%2Fv2%2Fcomments&post=219877"}],"version-history":[{"count":1,"href":"https:\/\/diarioregionaldigital.com.br\/index.php?rest_route=\/wp\/v2\/posts\/219877\/revisions"}],"predecessor-version":[{"id":219879,"href":"https:\/\/diarioregionaldigital.com.br\/index.php?rest_route=\/wp\/v2\/posts\/219877\/revisions\/219879"}],"wp:featuredmedia":[{"embeddable":true,"href":"https:\/\/diarioregionaldigital.com.br\/index.php?rest_route=\/wp\/v2\/media\/219878"}],"wp:attachment":[{"href":"https:\/\/diarioregionaldigital.com.br\/index.php?rest_route=%2Fwp%2Fv2%2Fmedia&parent=219877"}],"wp:term":[{"taxonomy":"category","embeddable":true,"href":"https:\/\/diarioregionaldigital.com.br\/index.php?rest_route=%2Fwp%2Fv2%2Fcategories&post=219877"},{"taxonomy":"post_tag","embeddable":true,"href":"https:\/\/diarioregionaldigital.com.br\/index.php?rest_route=%2Fwp%2Fv2%2Ftags&post=219877"}],"curies":[{"name":"wp","href":"https:\/\/api.w.org\/{rel}","templated":true}]}}