{"id":219585,"date":"2023-11-26T06:00:03","date_gmt":"2023-11-26T09:00:03","guid":{"rendered":"https:\/\/diarioregionaldigital.com.br\/?p=219585"},"modified":"2023-11-28T05:20:48","modified_gmt":"2023-11-28T08:20:48","slug":"edital-de-convocacao-paraibuna-papeis-s-a-26-11-2023","status":"publish","type":"post","link":"https:\/\/diarioregionaldigital.com.br\/?p=219585","title":{"rendered":"Edital de Convoca\u00e7\u00e3o Paraibuna Pap\u00e9is S.A &#8211; 26\/11\/2023"},"content":{"rendered":"<p><img loading=\"lazy\" decoding=\"async\" class=\"aligncenter wp-image-219586\" src=\"https:\/\/diarioregionaldigital.com.br\/wp-content\/uploads\/2023\/11\/EDITAL-DE-CONVOCACAO-DE-ASSEMBLEIA.jpg\" alt=\"\" width=\"500\" height=\"450\" srcset=\"https:\/\/diarioregionaldigital.com.br\/wp-content\/uploads\/2023\/11\/EDITAL-DE-CONVOCACAO-DE-ASSEMBLEIA.jpg 1879w, https:\/\/diarioregionaldigital.com.br\/wp-content\/uploads\/2023\/11\/EDITAL-DE-CONVOCACAO-DE-ASSEMBLEIA-300x270.jpg 300w, https:\/\/diarioregionaldigital.com.br\/wp-content\/uploads\/2023\/11\/EDITAL-DE-CONVOCACAO-DE-ASSEMBLEIA-1024x922.jpg 1024w, https:\/\/diarioregionaldigital.com.br\/wp-content\/uploads\/2023\/11\/EDITAL-DE-CONVOCACAO-DE-ASSEMBLEIA-768x692.jpg 768w, https:\/\/diarioregionaldigital.com.br\/wp-content\/uploads\/2023\/11\/EDITAL-DE-CONVOCACAO-DE-ASSEMBLEIA-1536x1383.jpg 1536w, https:\/\/diarioregionaldigital.com.br\/wp-content\/uploads\/2023\/11\/EDITAL-DE-CONVOCACAO-DE-ASSEMBLEIA-360x324.jpg 360w\" sizes=\"auto, (max-width: 500px) 100vw, 500px\" \/><\/p>\n","protected":false},"excerpt":{"rendered":"","protected":false},"author":96,"featured_media":0,"comment_status":"closed","ping_status":"closed","sticky":false,"template":"","format":"standard","meta":{"footnotes":""},"categories":[307],"tags":[],"class_list":["post-219585","post","type-post","status-publish","format-standard","hentry","category-editais"],"_links":{"self":[{"href":"https:\/\/diarioregionaldigital.com.br\/index.php?rest_route=\/wp\/v2\/posts\/219585","targetHints":{"allow":["GET"]}}],"collection":[{"href":"https:\/\/diarioregionaldigital.com.br\/index.php?rest_route=\/wp\/v2\/posts"}],"about":[{"href":"https:\/\/diarioregionaldigital.com.br\/index.php?rest_route=\/wp\/v2\/types\/post"}],"author":[{"embeddable":true,"href":"https:\/\/diarioregionaldigital.com.br\/index.php?rest_route=\/wp\/v2\/users\/96"}],"replies":[{"embeddable":true,"href":"https:\/\/diarioregionaldigital.com.br\/index.php?rest_route=%2Fwp%2Fv2%2Fcomments&post=219585"}],"version-history":[{"count":1,"href":"https:\/\/diarioregionaldigital.com.br\/index.php?rest_route=\/wp\/v2\/posts\/219585\/revisions"}],"predecessor-version":[{"id":219587,"href":"https:\/\/diarioregionaldigital.com.br\/index.php?rest_route=\/wp\/v2\/posts\/219585\/revisions\/219587"}],"wp:attachment":[{"href":"https:\/\/diarioregionaldigital.com.br\/index.php?rest_route=%2Fwp%2Fv2%2Fmedia&parent=219585"}],"wp:term":[{"taxonomy":"category","embeddable":true,"href":"https:\/\/diarioregionaldigital.com.br\/index.php?rest_route=%2Fwp%2Fv2%2Fcategories&post=219585"},{"taxonomy":"post_tag","embeddable":true,"href":"https:\/\/diarioregionaldigital.com.br\/index.php?rest_route=%2Fwp%2Fv2%2Ftags&post=219585"}],"curies":[{"name":"wp","href":"https:\/\/api.w.org\/{rel}","templated":true}]}}