{"id":219583,"date":"2023-11-26T06:00:23","date_gmt":"2023-11-26T09:00:23","guid":{"rendered":"https:\/\/diarioregionaldigital.com.br\/?p=219583"},"modified":"2023-11-25T04:38:30","modified_gmt":"2023-11-25T07:38:30","slug":"inteligencia-artificial-na-berlinda","status":"publish","type":"post","link":"https:\/\/diarioregionaldigital.com.br\/?p=219583","title":{"rendered":"Intelig\u00eancia Artificial na Berlinda"},"content":{"rendered":"<p>A intelig\u00eancia artificial integra o que hoje chamamos de quinta gera\u00e7\u00e3o de neg\u00f3cios digitais. No Brasil, prepara-se um projeto de lei que ser\u00e1 o marco inicial da IA em \u00a0nosso pa\u00eds. O texto abordar\u00e1 quest\u00f5es como privacidade, respeito aos direitos humanos e prote\u00e7\u00e3o de dados. Resumindo, n\u00e3o \u00e9 pouco. Enquanto isso, amadurece\u00a0 a convic\u00e7\u00e3o de que a IA pode ser de extrema utilidade para a educa\u00e7\u00e3o brasileira, se conseguirmos livrar o seu campo das imprecis\u00f5es despropositadas.<\/p>\n<p>No meu passeio habitual pela Livraria Travessa, tenho a minha aten\u00e7\u00e3o despertada para um novo lan\u00e7amento da Globo Livros: \u201cSimples Intelig\u00eancia Artificial\u201d, com cap\u00edtulos muito interessantes: A Hist\u00f3ria da IA, A IA Estat\u00edstica, Mil e uma utilidades da IA, Filosofia da IA e Vivendo com IA (mito ou realidade?) Ao final do pequeno guia, as tr\u00eas leis de Asimov comp\u00f5em o que chamamos de \u00c9tica Integrada. Tudo parte de um cl\u00e1ssico pensamento do fil\u00f3sofo S\u00f3crates: \u201cEu sei que sou inteligente porque eu sei que nada sei.\u201d Trata-se de uma verdade com a qual custamos a nos acostumar.<\/p>\n<p>Quem deseja se aprofundar na mat\u00e9ria precisa conhecer as tr\u00eas leis de Asimov, para entender o que \u00e9 \u00c9tica Integrada. Isaac Asimov (1920-1992) formulou o que chamou de \u201cas tr\u00eas leis da Rob\u00f3tica\u201d, hoje fundamentais para conhecer o que se passa nesse mundo fascinante e inovador. A primeira lei de Asimov afirma que um rob\u00f4 n\u00e3o pode ferir um ser humano nem permitir, por ina\u00e7\u00e3o, que um ser humano seja ferido; a segunda lei estabelece que um rob\u00f4 deve obedecer \u00e0s ordens que lhe s\u00e3o dadas por seres humanos, exceto em situa\u00e7\u00f5es em que elas entrem em conflito com a primeira lei. E a terceira lei \u00e9 ainda mais simples: um rob\u00f4 deve proteger sua pr\u00f3pria exist\u00eancia, desde que essa prote\u00e7\u00e3o n\u00e3o entre em conflito nem com a primeira, nem com a segunda lei. Foi com essas considera\u00e7\u00f5es que Asimov escreveu os seus livros, apreciados no mundo inteiro.<\/p>\n<p>IAs deixadas sem regulamenta\u00e7\u00e3o podem ser a causa de grandes danos, como se teme hoje em dia. Assim, para evitar o alto risco, as Ias devem ser altamente reguladas, especialmente nos campos da seguran\u00e7a, da lei, do trabalho e, para nossa felicidade, no da educa\u00e7\u00e3o.<\/p>\n","protected":false},"excerpt":{"rendered":"<p>A intelig\u00eancia artificial integra o que hoje chamamos de quinta gera\u00e7\u00e3o de neg\u00f3cios digitais. No Brasil, prepara-se um projeto de lei que ser\u00e1 o marco inicial da IA em \u00a0nosso pa\u00eds. O texto abordar\u00e1 quest\u00f5es como privacidade, respeito aos direitos humanos e prote\u00e7\u00e3o de dados. Resumindo, n\u00e3o \u00e9 pouco. Enquanto isso, amadurece\u00a0 a convic\u00e7\u00e3o de [&hellip;]<\/p>\n","protected":false},"author":96,"featured_media":0,"comment_status":"closed","ping_status":"closed","sticky":false,"template":"","format":"standard","meta":{"footnotes":""},"categories":[275],"tags":[],"class_list":["post-219583","post","type-post","status-publish","format-standard","hentry","category-arnaldo-niskier"],"_links":{"self":[{"href":"https:\/\/diarioregionaldigital.com.br\/index.php?rest_route=\/wp\/v2\/posts\/219583","targetHints":{"allow":["GET"]}}],"collection":[{"href":"https:\/\/diarioregionaldigital.com.br\/index.php?rest_route=\/wp\/v2\/posts"}],"about":[{"href":"https:\/\/diarioregionaldigital.com.br\/index.php?rest_route=\/wp\/v2\/types\/post"}],"author":[{"embeddable":true,"href":"https:\/\/diarioregionaldigital.com.br\/index.php?rest_route=\/wp\/v2\/users\/96"}],"replies":[{"embeddable":true,"href":"https:\/\/diarioregionaldigital.com.br\/index.php?rest_route=%2Fwp%2Fv2%2Fcomments&post=219583"}],"version-history":[{"count":1,"href":"https:\/\/diarioregionaldigital.com.br\/index.php?rest_route=\/wp\/v2\/posts\/219583\/revisions"}],"predecessor-version":[{"id":219584,"href":"https:\/\/diarioregionaldigital.com.br\/index.php?rest_route=\/wp\/v2\/posts\/219583\/revisions\/219584"}],"wp:attachment":[{"href":"https:\/\/diarioregionaldigital.com.br\/index.php?rest_route=%2Fwp%2Fv2%2Fmedia&parent=219583"}],"wp:term":[{"taxonomy":"category","embeddable":true,"href":"https:\/\/diarioregionaldigital.com.br\/index.php?rest_route=%2Fwp%2Fv2%2Fcategories&post=219583"},{"taxonomy":"post_tag","embeddable":true,"href":"https:\/\/diarioregionaldigital.com.br\/index.php?rest_route=%2Fwp%2Fv2%2Ftags&post=219583"}],"curies":[{"name":"wp","href":"https:\/\/api.w.org\/{rel}","templated":true}]}}