{"id":219575,"date":"2023-11-24T20:32:28","date_gmt":"2023-11-24T23:32:28","guid":{"rendered":"https:\/\/diarioregionaldigital.com.br\/?p=219575"},"modified":"2023-11-24T20:32:28","modified_gmt":"2023-11-24T23:32:28","slug":"ultimo-mutirao-do-ano-atrai-mais-de-500-pessoas-em-busca-de-oportunidade-de-emprego","status":"publish","type":"post","link":"https:\/\/diarioregionaldigital.com.br\/?p=219575","title":{"rendered":"\u00daltimo mutir\u00e3o do ano atrai mais de 500 pessoas em busca de oportunidade de emprego"},"content":{"rendered":"<p>Segundo informa\u00e7\u00f5es do site da Prefeitura de Juiz de Fora (PJF), mais de 500 pessoas sa\u00edram de casa nesta sexta-feira, 24, em busca de uma vaga oferecida na \u00faltima edi\u00e7\u00e3o do projeto \u201cEspa\u00e7o Emprego JF\u201d em 2023. Desta vez, a a\u00e7\u00e3o teve como prioridade o atendimento do setor de Turismo nas festas de final de ano, e reuniu sete empresas, com a oferta de mais de 180 oportunidades de trabalho. A edi\u00e7\u00e3o tamb\u00e9m contou com o lan\u00e7amento de curso e est\u00e1gio na \u00e1rea de Gastronomia, oferecido pela Faculdade EnsinE em parceria com a empresa Dispropan.<\/p>\n<div id=\"box_texto_noticia\">\n<p>Para o gestor da empresa Recruta Talentos, Samuel Miquelito, os mutir\u00f5es s\u00e3o importantes para a capta\u00e7\u00e3o de curr\u00edculos, divulga\u00e7\u00e3o da consultoria e acesso da popula\u00e7\u00e3o \u00e0s vagas abertas. \u201cN\u00f3s participamos de tr\u00eas edi\u00e7\u00f5es neste ano, tivemos muito sucesso e conseguimos fechar v\u00e1rias vagas com curr\u00edculos captados nos mutir\u00f5es\u201d, afirma.<\/p>\n<p>Morador do bairro Milho Branco, o jovem Vitor Hugo Mendes, de 17 anos, saiu do evento encaminhado para uma vaga no Centro de Integra\u00e7\u00e3o Empresa Escola (CIEE). \u201cRecebi de uma amiga minha, ainda de madrugada. Fiquei at\u00e9 tr\u00eas da manh\u00e3 fazendo um curr\u00edculo. \u00c9 a primeira vez que participo e estava \u00e0 procura de uma vaga de aprendizagem, para iniciar a carreira. J\u00e1 sa\u00ed praticamente empregado\u201d, comemorou.<\/p>\n<p>Este foi o quinto mutir\u00e3o de empregos realizado no ano, o terceiro do projeto \u201cEspa\u00e7o Emprego JF\u201d, que oferece \u00e0s empresas a oportunidade de utilizar espa\u00e7os p\u00fablicos indicados pela Prefeitura de Juiz de Fora (PJF), de acordo com a necessidade, para oferta de postos de trabalho e recebimento de curr\u00edculos. Ao todo, foram oferecidas quase tr\u00eas mil vagas nos setores de Servi\u00e7os, Com\u00e9rcio, Ind\u00fastria e Constru\u00e7\u00e3o Civil.<\/p>\n<p>\u201cParte das a\u00e7\u00f5es do programa GerA\u00e7\u00e3o JF \u2013 Emprego, Renda e Neg\u00f3cios, o Espa\u00e7o Emprego e os mutir\u00f5es seguir\u00e3o em 2024, com o objetivo de promover a inser\u00e7\u00e3o de trabalhadores em vagas permanentes, tempor\u00e1rias, de aprendizes ou de est\u00e1gios, al\u00e9m de apoiar empregadores que necessitam contratar trabalhadores\u201d, afirma o secret\u00e1rio de Desenvolvimento Sustent\u00e1vel e Inclusivo, da Inova\u00e7\u00e3o e Competitividade, Ignacio Delgado.<\/p>\n<\/div>\n<p>&nbsp;<\/p>\n<div id=\"box_compartilhar\" align=\"right\"><\/div>\n","protected":false},"excerpt":{"rendered":"<p>Segundo informa\u00e7\u00f5es do site da Prefeitura de Juiz de Fora (PJF), mais de 500 pessoas sa\u00edram de casa nesta sexta-feira, 24, em busca de uma vaga oferecida na \u00faltima edi\u00e7\u00e3o do projeto \u201cEspa\u00e7o Emprego JF\u201d em 2023. Desta vez, a a\u00e7\u00e3o teve como prioridade o atendimento do setor de Turismo nas festas de final de [&hellip;]<\/p>\n","protected":false},"author":246,"featured_media":219576,"comment_status":"closed","ping_status":"closed","sticky":false,"template":"","format":"standard","meta":{"footnotes":""},"categories":[253,436,439],"tags":[],"class_list":["post-219575","post","type-post","status-publish","format-standard","has-post-thumbnail","hentry","category-cidade","category-destaque-da-semana","category-ultima-hora"],"_links":{"self":[{"href":"https:\/\/diarioregionaldigital.com.br\/index.php?rest_route=\/wp\/v2\/posts\/219575","targetHints":{"allow":["GET"]}}],"collection":[{"href":"https:\/\/diarioregionaldigital.com.br\/index.php?rest_route=\/wp\/v2\/posts"}],"about":[{"href":"https:\/\/diarioregionaldigital.com.br\/index.php?rest_route=\/wp\/v2\/types\/post"}],"author":[{"embeddable":true,"href":"https:\/\/diarioregionaldigital.com.br\/index.php?rest_route=\/wp\/v2\/users\/246"}],"replies":[{"embeddable":true,"href":"https:\/\/diarioregionaldigital.com.br\/index.php?rest_route=%2Fwp%2Fv2%2Fcomments&post=219575"}],"version-history":[{"count":1,"href":"https:\/\/diarioregionaldigital.com.br\/index.php?rest_route=\/wp\/v2\/posts\/219575\/revisions"}],"predecessor-version":[{"id":219577,"href":"https:\/\/diarioregionaldigital.com.br\/index.php?rest_route=\/wp\/v2\/posts\/219575\/revisions\/219577"}],"wp:featuredmedia":[{"embeddable":true,"href":"https:\/\/diarioregionaldigital.com.br\/index.php?rest_route=\/wp\/v2\/media\/219576"}],"wp:attachment":[{"href":"https:\/\/diarioregionaldigital.com.br\/index.php?rest_route=%2Fwp%2Fv2%2Fmedia&parent=219575"}],"wp:term":[{"taxonomy":"category","embeddable":true,"href":"https:\/\/diarioregionaldigital.com.br\/index.php?rest_route=%2Fwp%2Fv2%2Fcategories&post=219575"},{"taxonomy":"post_tag","embeddable":true,"href":"https:\/\/diarioregionaldigital.com.br\/index.php?rest_route=%2Fwp%2Fv2%2Ftags&post=219575"}],"curies":[{"name":"wp","href":"https:\/\/api.w.org\/{rel}","templated":true}]}}