{"id":219572,"date":"2023-11-24T20:28:40","date_gmt":"2023-11-24T23:28:40","guid":{"rendered":"https:\/\/diarioregionaldigital.com.br\/?p=219572"},"modified":"2023-11-24T20:28:40","modified_gmt":"2023-11-24T23:28:40","slug":"prefeita-anuncia-a-construcao-de-278-unidades-do-programa-minha-casa-minha-vida-em-juiz-de-fora","status":"publish","type":"post","link":"https:\/\/diarioregionaldigital.com.br\/?p=219572","title":{"rendered":"Prefeita anuncia a constru\u00e7\u00e3o de 278 unidades do programa \u201cMinha Casa Minha Vida\u201d em Juiz de Fora"},"content":{"rendered":"<p>Segundo informa\u00e7\u00f5es do site da Prefeitura de Juiz de Fora (PJF), a \u00a0prefeita Margarida Salom\u00e3o, juntamente com o Secret\u00e1rio de Planejamento Urbano (Sepur), Raphael Ribeiro, anunciaram nesta sexta-feira, 24, que todos os projetos apresentados pelo munic\u00edpio de Juiz de Fora ao programa \u201cMinha Casa Minha Vida\u201d Federal foram aceitos.<\/p>\n<p>\u201cEssas pessoas j\u00e1 vivem nesse universo de forma irregular, prec\u00e1ria, e pouco digna. N\u00f3s agora vamos construir essas casas no bairro onde as pessoas j\u00e1 moram. Ao inv\u00e9s de, como no passado, construirmos um grande pr\u00e9dio com cerca de 400 ou 500 unidades habitacionais, com pessoas de todos os lados da cidade, n\u00f3s iremos valorizar a territorialidade. As pessoas v\u00e3o ter as suas casas constru\u00eddas nos lugares onde elas j\u00e1 moram, compartilhar com seus vizinhos, e, nesse sentido, \u00e9 um avan\u00e7o muito grande\u201d, destacou Margarida.<\/p>\n<p>Ser\u00e3o constru\u00eddas 278 unidades habitacionais em diferentes bairros como: Santa L\u00facia, Bom Jardim, S\u00e3o Francisco de Paula, Amaz\u00f4nia 1, Amaz\u00f4nia 2, Jardim dos Alfineiros 1, Jardim dos Alfineiros 2, iniciando uma nova concep\u00e7\u00e3o do \u201cMinha Casa Minha Vida\u201d diferente do programa que prevaleceu anteriormente.<\/p>\n<p>Depois da aprova\u00e7\u00e3o, Juiz de Fora ter\u00e1 como pr\u00f3ximo passo iniciar o estudo dos projetos para contrata\u00e7\u00e3o das empresas que v\u00e3o realizar as obras. \u201c\u00c9 um novo \u2018Minha Casa Minha Vida\u2019, com uma nova roupagem. Vamos agora dar prioridade \u00e0quelas pessoas que n\u00e3o t\u00eam nenhuma moradia e que est\u00e3o em situa\u00e7\u00e3o de vulnerabilidade por algum desastre. Ser\u00e1 um novo equipamento que vai beneficiar todas essas regi\u00f5es\u201d, ressaltou Raphael Ribeiro.<\/p>\n<p>A prefeita argumentou que o Censo de Juiz de Fora, realizado pelo IBGE, mostrou uma realidade impressionante: 40 mil unidades habitacionais de Juiz de Fora est\u00e3o sem casa e sem morador. \u201cVamos ocupar essas unidades que j\u00e1 est\u00e3o prontas e vazias e construir nos mesmos lugares em que j\u00e1 est\u00e3o morando, muitas vezes irregularmente. N\u00f3s vamos, aproveitando esse grande programa do Governo Federal, resolver de vez a quest\u00e3o da casa delas.\u201d<\/p>\n","protected":false},"excerpt":{"rendered":"<p>Segundo informa\u00e7\u00f5es do site da Prefeitura de Juiz de Fora (PJF), a \u00a0prefeita Margarida Salom\u00e3o, juntamente com o Secret\u00e1rio de Planejamento Urbano (Sepur), Raphael Ribeiro, anunciaram nesta sexta-feira, 24, que todos os projetos apresentados pelo munic\u00edpio de Juiz de Fora ao programa \u201cMinha Casa Minha Vida\u201d Federal foram aceitos. \u201cEssas pessoas j\u00e1 vivem nesse universo [&hellip;]<\/p>\n","protected":false},"author":246,"featured_media":219573,"comment_status":"closed","ping_status":"closed","sticky":false,"template":"","format":"standard","meta":{"footnotes":""},"categories":[253,436,440,439],"tags":[],"class_list":["post-219572","post","type-post","status-publish","format-standard","has-post-thumbnail","hentry","category-cidade","category-destaque-da-semana","category-destaques-do-dia","category-ultima-hora"],"_links":{"self":[{"href":"https:\/\/diarioregionaldigital.com.br\/index.php?rest_route=\/wp\/v2\/posts\/219572","targetHints":{"allow":["GET"]}}],"collection":[{"href":"https:\/\/diarioregionaldigital.com.br\/index.php?rest_route=\/wp\/v2\/posts"}],"about":[{"href":"https:\/\/diarioregionaldigital.com.br\/index.php?rest_route=\/wp\/v2\/types\/post"}],"author":[{"embeddable":true,"href":"https:\/\/diarioregionaldigital.com.br\/index.php?rest_route=\/wp\/v2\/users\/246"}],"replies":[{"embeddable":true,"href":"https:\/\/diarioregionaldigital.com.br\/index.php?rest_route=%2Fwp%2Fv2%2Fcomments&post=219572"}],"version-history":[{"count":1,"href":"https:\/\/diarioregionaldigital.com.br\/index.php?rest_route=\/wp\/v2\/posts\/219572\/revisions"}],"predecessor-version":[{"id":219574,"href":"https:\/\/diarioregionaldigital.com.br\/index.php?rest_route=\/wp\/v2\/posts\/219572\/revisions\/219574"}],"wp:featuredmedia":[{"embeddable":true,"href":"https:\/\/diarioregionaldigital.com.br\/index.php?rest_route=\/wp\/v2\/media\/219573"}],"wp:attachment":[{"href":"https:\/\/diarioregionaldigital.com.br\/index.php?rest_route=%2Fwp%2Fv2%2Fmedia&parent=219572"}],"wp:term":[{"taxonomy":"category","embeddable":true,"href":"https:\/\/diarioregionaldigital.com.br\/index.php?rest_route=%2Fwp%2Fv2%2Fcategories&post=219572"},{"taxonomy":"post_tag","embeddable":true,"href":"https:\/\/diarioregionaldigital.com.br\/index.php?rest_route=%2Fwp%2Fv2%2Ftags&post=219572"}],"curies":[{"name":"wp","href":"https:\/\/api.w.org\/{rel}","templated":true}]}}