{"id":219569,"date":"2023-11-24T20:22:50","date_gmt":"2023-11-24T23:22:50","guid":{"rendered":"https:\/\/diarioregionaldigital.com.br\/?p=219569"},"modified":"2023-11-24T20:22:50","modified_gmt":"2023-11-24T23:22:50","slug":"brasil-e-eliminado-da-copa-do-mundo-de-futebol-sub-17","status":"publish","type":"post","link":"https:\/\/diarioregionaldigital.com.br\/?p=219569","title":{"rendered":"Brasil \u00e9 eliminado da Copa do Mundo de futebol sub-17"},"content":{"rendered":"<p>A sele\u00e7\u00e3o brasileira se despediu da Copa do Mundo de futebol sub-17. A elimina\u00e7\u00e3o do Brasil nas quartas de final da competi\u00e7\u00e3o disputada na Indon\u00e9sia veio ap\u00f3s derrota de 3 a 0 para a Argentina nesta sexta-feira (24) em Jacarta.<img decoding=\"async\" src=\"https:\/\/agenciabrasil.ebc.com.br\/ebc.png?id=1568827&amp;o=node\" \/><img decoding=\"async\" src=\"https:\/\/agenciabrasil.ebc.com.br\/ebc.gif?id=1568827&amp;o=node\" \/><\/p>\n<p>O triunfo da equipe argentina teve um destaque, o camisa 10 Echeverri, que marcou os tr\u00eas gols dos hermanos na partida. Com o rev\u00e9s a sele\u00e7\u00e3o brasileira cumpriu uma campanha com tr\u00eas vit\u00f3rias e duas derrotas.<\/p>\n<p>\u201cUm sentimento de tristeza muito grande. Precisamos reconhecer o m\u00e9rito que o advers\u00e1rio teve hoje. Sair de uma Copa do Mundo do jeito que foi, penso que n\u00e3o condiz com o que esses meninos fizeram ao longo desses dois anos. Deixo aqui que n\u00f3s temos a certeza de ter grandes jogadores. O futuro do futebol brasileiro pode esperar algo positivo\u201d, afirmou o t\u00e9cnico Phelipe Leal ap\u00f3s o rev\u00e9s.<\/p>\n<p><span style=\"font-weight: 400;\"><br \/>\n<\/span><span style=\"font-weight: 400;\">Fonte: Ag\u00eancia Brasil <\/span><\/p>\n","protected":false},"excerpt":{"rendered":"<p>A sele\u00e7\u00e3o brasileira se despediu da Copa do Mundo de futebol sub-17. A elimina\u00e7\u00e3o do Brasil nas quartas de final da competi\u00e7\u00e3o disputada na Indon\u00e9sia veio ap\u00f3s derrota de 3 a 0 para a Argentina nesta sexta-feira (24) em Jacarta. O triunfo da equipe argentina teve um destaque, o camisa 10 Echeverri, que marcou os [&hellip;]<\/p>\n","protected":false},"author":246,"featured_media":219570,"comment_status":"closed","ping_status":"closed","sticky":false,"template":"","format":"standard","meta":{"footnotes":""},"categories":[436,257,439],"tags":[],"class_list":["post-219569","post","type-post","status-publish","format-standard","has-post-thumbnail","hentry","category-destaque-da-semana","category-esporte","category-ultima-hora"],"_links":{"self":[{"href":"https:\/\/diarioregionaldigital.com.br\/index.php?rest_route=\/wp\/v2\/posts\/219569","targetHints":{"allow":["GET"]}}],"collection":[{"href":"https:\/\/diarioregionaldigital.com.br\/index.php?rest_route=\/wp\/v2\/posts"}],"about":[{"href":"https:\/\/diarioregionaldigital.com.br\/index.php?rest_route=\/wp\/v2\/types\/post"}],"author":[{"embeddable":true,"href":"https:\/\/diarioregionaldigital.com.br\/index.php?rest_route=\/wp\/v2\/users\/246"}],"replies":[{"embeddable":true,"href":"https:\/\/diarioregionaldigital.com.br\/index.php?rest_route=%2Fwp%2Fv2%2Fcomments&post=219569"}],"version-history":[{"count":1,"href":"https:\/\/diarioregionaldigital.com.br\/index.php?rest_route=\/wp\/v2\/posts\/219569\/revisions"}],"predecessor-version":[{"id":219571,"href":"https:\/\/diarioregionaldigital.com.br\/index.php?rest_route=\/wp\/v2\/posts\/219569\/revisions\/219571"}],"wp:featuredmedia":[{"embeddable":true,"href":"https:\/\/diarioregionaldigital.com.br\/index.php?rest_route=\/wp\/v2\/media\/219570"}],"wp:attachment":[{"href":"https:\/\/diarioregionaldigital.com.br\/index.php?rest_route=%2Fwp%2Fv2%2Fmedia&parent=219569"}],"wp:term":[{"taxonomy":"category","embeddable":true,"href":"https:\/\/diarioregionaldigital.com.br\/index.php?rest_route=%2Fwp%2Fv2%2Fcategories&post=219569"},{"taxonomy":"post_tag","embeddable":true,"href":"https:\/\/diarioregionaldigital.com.br\/index.php?rest_route=%2Fwp%2Fv2%2Ftags&post=219569"}],"curies":[{"name":"wp","href":"https:\/\/api.w.org\/{rel}","templated":true}]}}