{"id":219424,"date":"2023-11-19T06:00:58","date_gmt":"2023-11-19T09:00:58","guid":{"rendered":"https:\/\/diarioregionaldigital.com.br\/?p=219424"},"modified":"2023-11-18T00:55:49","modified_gmt":"2023-11-18T03:55:49","slug":"o-ser-humano-criacao-queda-e-redencao","status":"publish","type":"post","link":"https:\/\/diarioregionaldigital.com.br\/?p=219424","title":{"rendered":"O ser humano: cria\u00e7\u00e3o, queda e reden\u00e7\u00e3o"},"content":{"rendered":"<p>Empiricamente percebe-se que o ser humano \u00e9 uma criatura especial por diversas raz\u00f5es: s\u00f3 ele \u00e9 capaz de racioc\u00ednio l\u00f3gico, agir moralmente, produzir cultura, fazer hist\u00f3ria, transformar o seu meio e a si pr\u00f3prio. Em compara\u00e7\u00e3o com toda a exist\u00eancia (universo, natureza, seres vivos) n\u00e3o \u00e9 exagero afirmar que o ser humano \u00e9 um ente sobrenatural.<\/p>\n<p>Biblicamente h\u00e1 uma explica\u00e7\u00e3o essencial para tamanha singularidade: de acordo com o livro de G\u00eanesis, Deus nos criou \u00e0 Sua pr\u00f3pria imagem e semelhan\u00e7a (Gn 1:27). Isso significa que os homens t\u00eam uma natureza incompar\u00e1vel e \u00e9 exatamente por isso que este ser especial agrupa um conjunto de capacidades in\u00e9ditas n\u00e3o verificadas\u00a0 em qualquer outra criatura.<\/p>\n<p>Deus deu ao homem tamanha distin\u00e7\u00e3o com um prop\u00f3sito central: estabelecer uma rela\u00e7\u00e3o sincera com ele.<\/p>\n<p>\u201ctodas as coisas foram criadas por ele e para ele\u201d (Colossenses 1: 16c).<\/p>\n<p>Biblicamente, os atributos especiais do homem possuem esse objetivo especial: conhecer, amar e glorificar a Deus. A B\u00edblia ensina que fomos criados para ter um relacionamento \u00edntimo com Deus e viver de acordo com os Seus princ\u00edpios.<\/p>\n<p>Como sinal de confian\u00e7a n\u00e3o concedeu apenas exist\u00eancia com propriedades \u00fanicas, mas nos entregou autoridade e dom\u00ednio sobre toda a cria\u00e7\u00e3o (Gn 1:28). Uma b\u00ean\u00e7\u00e3o que implica tamb\u00e9m em enorme responsabilidade para cuidar e administrar o mundo criado, revestidos com a autoridade concedida do Alto.<\/p>\n<p>Mas o homem n\u00e3o honrou esse presente. Ao inv\u00e9s de aproveitar sua liberdade para fazer a escolha correta, isto \u00e9, corresponder ao seu proposito, decidiu livremente, ainda que sob o protesto do Pai, transgredir.<\/p>\n<p>Com a decis\u00e3o ad\u00e2mica em favor do mal, veio a desgra\u00e7a: a queda! Com a transgress\u00e3o original, o homem perdeu a autoridade e o Diabo assumiu o controle do mundo.<\/p>\n<p>Por\u00e9m, o Pai n\u00e3o abandonou a sua cria\u00e7\u00e3o especial. As Escrituras ensinam que Deus amou tanto o ser humano que enviou Seu Filho, Jesus Cristo, para morrer na Cruz e oferecer a salva\u00e7\u00e3o a todos que creem Nele (Jo 3.16). Essa oferta de reconcilia\u00e7\u00e3o \u00e9 exclusiva para os seres humanos, o que torna insofism\u00e1vel nossa import\u00e2ncia perante a face do Todo Poderoso.<\/p>\n<p>Existe agora uma oportunidade para que o ser humano tome o caminho de volta. A reconcilia\u00e7\u00e3o com Deus \u00e9 ao mesmo tempo a reconcilia\u00e7\u00e3o consigo mesmo, com seu prop\u00f3sito existencial. Para tanto, deve decidir conscientemente reestabelecer o relacionamento com a Deus que precisa ser pessoal, \u00edntimo e profundo. Isso envolve buscar ao Pai, estudar Sua Palavra, orar e ter comunh\u00e3o com Ele. Conhecer a Deus implica em entender quem Ele \u00e9, Suas caracter\u00edsticas, Seus planos e prop\u00f3sitos para nossas vidas.<\/p>\n<p>Uma vez conhecido, devemos am\u00e1-lo com todo o nosso ser, ou seja, de todo o cora\u00e7\u00e3o, alma, mente e for\u00e7a (Mc 12.30). Amar a Deus significa coloc\u00e1-Lo em primeiro lugar em nossas vidas, obedecer aos Seus mandamentos e buscar a Sua vontade em todas as \u00e1reas.<\/p>\n<p>Amando-o recebemos gl\u00f3rias em tudo o que fazemos. Isso significa viver de forma que nossas a\u00e7\u00f5es, palavras e pensamentos reflitam a gl\u00f3ria de Deus. Glorificar a Deus envolve viver uma vida de retid\u00e3o, bondade, amor e generosidade.<\/p>\n<p>Al\u00e9m disso, a B\u00edblia tamb\u00e9m ensina que fomos criados para desfrutar da comunh\u00e3o com outros seres humanos. Fomos chamados a amar e servir uns aos outros, compartilhar o amor de Deus com os semelhantes e ser bons administradores dos recursos que Deus nos confiou.<\/p>\n<p>As caracter\u00edsticas, prop\u00f3sitos e des\u00edgnios especiais do ser humano, bem como os desafios de santidades aos quais est\u00e1 confrontado, s\u00f3 podem ser adequadamente reconhecidos e trabalhados eficientemente quando descemos ao detalhe buscando entender mais sobre a nossa pr\u00f3pria natureza constitutiva. Ao faz\u00ea-lo, imediatamente nos deparamos com nossa tripla conforma\u00e7\u00e3o.<\/p>\n<p>De acordo com a B\u00edblia, o ser humano \u00e9 composto por tr\u00eas partes constitutivas ao mesmo tempo integradas e distintas: o esp\u00edrito, a alma e o corpo:<\/p>\n<p>\u201cE o mesmo Deus de paz vos santifique em tudo; e todo o vosso <u>esp\u00edrito<\/u>, e <u>alma<\/u>, e <u>corpo<\/u> sejam plenamente conservados irrepreens\u00edveis para a vinda de nosso Senhor Jesus Cristo\u201d (1 Tessalonicenses 5: 23).<\/p>\n<p>Os dois primeiros constituem nossa parte intang\u00edvel e eterna enquanto a terceira \u00e9 um instante f\u00edsico e mortal.<\/p>\n<p>Analisaremos em detalhe cada uma de nossas partes nos pr\u00f3ximos artigos.<\/p>\n","protected":false},"excerpt":{"rendered":"<p>Empiricamente percebe-se que o ser humano \u00e9 uma criatura especial por diversas raz\u00f5es: s\u00f3 ele \u00e9 capaz de racioc\u00ednio l\u00f3gico, agir moralmente, produzir cultura, fazer hist\u00f3ria, transformar o seu meio e a si pr\u00f3prio. Em compara\u00e7\u00e3o com toda a exist\u00eancia (universo, natureza, seres vivos) n\u00e3o \u00e9 exagero afirmar que o ser humano \u00e9 um ente [&hellip;]<\/p>\n","protected":false},"author":96,"featured_media":0,"comment_status":"closed","ping_status":"closed","sticky":false,"template":"","format":"standard","meta":{"footnotes":""},"categories":[1244],"tags":[],"class_list":["post-219424","post","type-post","status-publish","format-standard","hentry","category-oleg-abramov"],"_links":{"self":[{"href":"https:\/\/diarioregionaldigital.com.br\/index.php?rest_route=\/wp\/v2\/posts\/219424","targetHints":{"allow":["GET"]}}],"collection":[{"href":"https:\/\/diarioregionaldigital.com.br\/index.php?rest_route=\/wp\/v2\/posts"}],"about":[{"href":"https:\/\/diarioregionaldigital.com.br\/index.php?rest_route=\/wp\/v2\/types\/post"}],"author":[{"embeddable":true,"href":"https:\/\/diarioregionaldigital.com.br\/index.php?rest_route=\/wp\/v2\/users\/96"}],"replies":[{"embeddable":true,"href":"https:\/\/diarioregionaldigital.com.br\/index.php?rest_route=%2Fwp%2Fv2%2Fcomments&post=219424"}],"version-history":[{"count":1,"href":"https:\/\/diarioregionaldigital.com.br\/index.php?rest_route=\/wp\/v2\/posts\/219424\/revisions"}],"predecessor-version":[{"id":219425,"href":"https:\/\/diarioregionaldigital.com.br\/index.php?rest_route=\/wp\/v2\/posts\/219424\/revisions\/219425"}],"wp:attachment":[{"href":"https:\/\/diarioregionaldigital.com.br\/index.php?rest_route=%2Fwp%2Fv2%2Fmedia&parent=219424"}],"wp:term":[{"taxonomy":"category","embeddable":true,"href":"https:\/\/diarioregionaldigital.com.br\/index.php?rest_route=%2Fwp%2Fv2%2Fcategories&post=219424"},{"taxonomy":"post_tag","embeddable":true,"href":"https:\/\/diarioregionaldigital.com.br\/index.php?rest_route=%2Fwp%2Fv2%2Ftags&post=219424"}],"curies":[{"name":"wp","href":"https:\/\/api.w.org\/{rel}","templated":true}]}}