{"id":219417,"date":"2023-11-17T20:41:55","date_gmt":"2023-11-17T23:41:55","guid":{"rendered":"https:\/\/diarioregionaldigital.com.br\/?p=219417"},"modified":"2023-11-17T20:45:26","modified_gmt":"2023-11-17T23:45:26","slug":"juiz-de-fora-registra-40mm-de-chuva-em-uma-hora","status":"publish","type":"post","link":"https:\/\/diarioregionaldigital.com.br\/?p=219417","title":{"rendered":"Juiz de Fora registra 40mm de chuva em uma hora"},"content":{"rendered":"<p>Segundo informa\u00e7\u00f5es do site da Prefeitura de Juiz de Fora (PJF), na tarde desta quinta-feira, 16, Juiz de Fora registrou quase 40mm de volume de chuva em apenas uma hora. O maior volume foi registrado em Santa Efig\u00eania. De acordo com a Esta\u00e7\u00e3o Meteorol\u00f3gica do Inmet, os ventos atingiram quase 70 km\/h.<\/p>\n<p>O temporal causou queda de \u00e1rvores e ramagens, al\u00e9m de destelhamento de casas. A Empresa Municipal de Pavimenta\u00e7\u00e3o e Urbanidades (Empav) agiu prontamente nos recolhimentos em diversos bairros da cidade. Quatro equipes foram deslocadas, priorizando a desobstru\u00e7\u00e3o da via. Ainda durante a noite, a Empav atendeu 17 locais, liberando o acesso da popula\u00e7\u00e3o. Houve registro de queda de \u00e1rvores sobre a rede el\u00e9trica nos bairros Arco-\u00edris e Graminha. A Cemig j\u00e1 foi comunicada e, assim que a interven\u00e7\u00e3o da Companhia for conclu\u00edda, o recolhimento ser\u00e1 realizado. Os atendimentos seguem nesta sexta-feira, 17.<\/p>\n<p>O Departamento Municipal de Limpeza Urbana (Demlurb) atuou com raspagem e lava\u00e7\u00e3o em v\u00e1rios pontos do bairro Teixeiras, onde havia barro na via. A Defesa Civil registrou 16 ocorr\u00eancias em fun\u00e7\u00e3o da chuva e do vendaval desta quinta, foram elas: Destelhamento Parcial &#8211; Ipiranga;\u00a0 Queda de \u00c1rvore &#8211; Jardim Natal; Destelhamento Parcial &#8211; Borboleta; Destelhamento Parcial &#8211; Bairu; Queda de \u00c1rvore &#8211; Santa Cec\u00edlia; Destelhamento Total &#8211; Santa Luzia; Destelhamento Total &#8211; Santa Luzia; Destelhamento Parcial &#8211; Santa Rita de C\u00e1ssia; Destelhamento Total &#8211; Santa Luzia; Destelhamento Total &#8211; Bairu; Queda de \u00c1rvore &#8211; Rua Cirene Alves da Silva &#8211; Arco \u00cdris; Amea\u00e7a de Escorregamento de Talude &#8211; Jardim de Al\u00e1; Queda de \u00c1rvore &#8211; Santa Rita de C\u00e1ssia; Destelhamento Total &#8211; Santa Rita de C\u00e1ssia; Destelhamento Total &#8211; Santa Luzia; e Desabamento de muro de divisa &#8211; Vila Ideal.<br \/>\nAs a\u00e7\u00f5es contaram com o apoio\u00a0 da Guarda Municipal e da Secretaria de Mobilidade Urbana (SMU) no controle do fluxo de ve\u00edculos.<\/p>\n","protected":false},"excerpt":{"rendered":"<p>Segundo informa\u00e7\u00f5es do site da Prefeitura de Juiz de Fora (PJF), na tarde desta quinta-feira, 16, Juiz de Fora registrou quase 40mm de volume de chuva em apenas uma hora. O maior volume foi registrado em Santa Efig\u00eania. De acordo com a Esta\u00e7\u00e3o Meteorol\u00f3gica do Inmet, os ventos atingiram quase 70 km\/h. O temporal causou [&hellip;]<\/p>\n","protected":false},"author":246,"featured_media":219418,"comment_status":"closed","ping_status":"closed","sticky":false,"template":"","format":"standard","meta":{"footnotes":""},"categories":[253,436,439],"tags":[],"class_list":["post-219417","post","type-post","status-publish","format-standard","has-post-thumbnail","hentry","category-cidade","category-destaque-da-semana","category-ultima-hora"],"_links":{"self":[{"href":"https:\/\/diarioregionaldigital.com.br\/index.php?rest_route=\/wp\/v2\/posts\/219417","targetHints":{"allow":["GET"]}}],"collection":[{"href":"https:\/\/diarioregionaldigital.com.br\/index.php?rest_route=\/wp\/v2\/posts"}],"about":[{"href":"https:\/\/diarioregionaldigital.com.br\/index.php?rest_route=\/wp\/v2\/types\/post"}],"author":[{"embeddable":true,"href":"https:\/\/diarioregionaldigital.com.br\/index.php?rest_route=\/wp\/v2\/users\/246"}],"replies":[{"embeddable":true,"href":"https:\/\/diarioregionaldigital.com.br\/index.php?rest_route=%2Fwp%2Fv2%2Fcomments&post=219417"}],"version-history":[{"count":1,"href":"https:\/\/diarioregionaldigital.com.br\/index.php?rest_route=\/wp\/v2\/posts\/219417\/revisions"}],"predecessor-version":[{"id":219419,"href":"https:\/\/diarioregionaldigital.com.br\/index.php?rest_route=\/wp\/v2\/posts\/219417\/revisions\/219419"}],"wp:featuredmedia":[{"embeddable":true,"href":"https:\/\/diarioregionaldigital.com.br\/index.php?rest_route=\/wp\/v2\/media\/219418"}],"wp:attachment":[{"href":"https:\/\/diarioregionaldigital.com.br\/index.php?rest_route=%2Fwp%2Fv2%2Fmedia&parent=219417"}],"wp:term":[{"taxonomy":"category","embeddable":true,"href":"https:\/\/diarioregionaldigital.com.br\/index.php?rest_route=%2Fwp%2Fv2%2Fcategories&post=219417"},{"taxonomy":"post_tag","embeddable":true,"href":"https:\/\/diarioregionaldigital.com.br\/index.php?rest_route=%2Fwp%2Fv2%2Ftags&post=219417"}],"curies":[{"name":"wp","href":"https:\/\/api.w.org\/{rel}","templated":true}]}}