{"id":219411,"date":"2023-11-17T20:33:30","date_gmt":"2023-11-17T23:33:30","guid":{"rendered":"https:\/\/diarioregionaldigital.com.br\/?p=219411"},"modified":"2023-11-17T20:33:30","modified_gmt":"2023-11-17T23:33:30","slug":"parapan-brasil-mira-topo-do-quadro-de-medalhas-pela-5a-edicao-seguida","status":"publish","type":"post","link":"https:\/\/diarioregionaldigital.com.br\/?p=219411","title":{"rendered":"Parapan: Brasil mira topo do quadro de medalhas pela 5\u00aa edi\u00e7\u00e3o seguida"},"content":{"rendered":"<p>Os Jogos Parapan-Americanos de Santiago, no Chile, ser\u00e3o abertos oficialmente nesta sexta-feira (17), \u00e0s 20h30 (hor\u00e1rio de Bras\u00edlia), em cerim\u00f4nia no Est\u00e1dio Nacional. O evento re\u00fane 1.927 atletas de 33 pa\u00edses, competindo em 17 modalidades, at\u00e9 o pr\u00f3ximo dia 26 de novembro.<img decoding=\"async\" src=\"https:\/\/agenciabrasil.ebc.com.br\/ebc.png?id=1566981&amp;o=node\" \/><img decoding=\"async\" src=\"https:\/\/agenciabrasil.ebc.com.br\/ebc.gif?id=1566981&amp;o=node\" \/><\/p>\n<p>O Brasil defende uma hegemonia na lideran\u00e7a do quadro de medalhas do Parapan, iniciada em 2007, quando o Rio de Janeiro sediou o evento. Em Lima (Peru), h\u00e1 quatro anos, os brasileiros alcan\u00e7aram um recorde de 308 p\u00f3dios, sendo 124 deles dourados.<\/p>\n<p>\u201cO Parapan \u00e9 a primeira grande competi\u00e7\u00e3o de um atleta paral\u00edmpico. Tive o prazer de competir em quadro edi\u00e7\u00f5es e contribuir com medalhas em todas elas. Os 124 ouros de Lima ser\u00e3o o n\u00famero m\u00e1gico [para alcan\u00e7ar em Santiago]\u201d, afirmou o vice-presidente do Comit\u00ea Paral\u00edmpico Brasileiro (CPB), Yohansson Nascimento, \u00e0\u00a0<strong>Ag\u00eancia Brasil<\/strong>.<\/p>\n<p>Na delega\u00e7\u00e3o brasileira, 132 s\u00e3o estreantes em Parapan (aproximadamente 40% do total). A cearense T\u00e9rcia Figueiredo faz parte desse grupo. A tenente reformada, que perdeu a for\u00e7a e o equil\u00edbrio nas pernas por causa de um acidente de trabalho em 2011, integra a sele\u00e7\u00e3o de tiro com arco, modalidade que retorna ao evento ap\u00f3s ficar fora em 2019.<\/p>\n<p>\u201cSou uma pessoa que fala, inquieta, din\u00e2mica, o que n\u00e3o tem nada a ver com os tra\u00e7os de um excelente arqueiro [risos]. Uma coisa que aprendi no tiro com arco \u00e9 que ele se adapta a voc\u00ea. No momento que sentei no banco [para atirar], encontrei a modalidade que me fez sair de um quadro depressivo, que encaixei em minha nova vida\u201d, disse T\u00e9rcia \u00e0\u00a0<strong>Ag\u00eancia Brasil<\/strong>.<\/p>\n<p>No Chile, a atiradora tem a miss\u00e3o de ajudar o Brasil a garantir uma das vagas da modalidade \u00e0 Paralimp\u00edada de Paris (Fran\u00e7a) em 2024. Para isso T\u00e9rcia tem de chegar, ao menos, \u00e0 final do arco recurvo feminino.<\/p>\n<p>\u201cTenho de sentar l\u00e1 [para atirar] e me divertir, mas que essa divers\u00e3o seja com responsabilidade e profissionalismo, trazendo essa vaga para o Brasil. E no ano que vem treinar mais para que essa vaga conquistada seja minha\u201d, projetou a cearense.<\/p>\n<h2>Paris 2024<\/h2>\n<p>Ao todo, o Brasil disputar\u00e1 em Santiago vagas paral\u00edmpicas em oito modalidades. No tiro com arco, al\u00e9m do recurvo, os finalistas do arco composto e os ganhadores da classe W1 (atiradores com defici\u00eancias graves em tr\u00eas ou quadro membros do corpo) tamb\u00e9m garantem lugar em Paris aos respectivos pa\u00edses.<\/p>\n<p>No basquete em cadeira de rodas, as sele\u00e7\u00f5es campe\u00e3s masculina e feminina se classificam \u00e0 Paralimp\u00edada. Entre as mulheres, a equipe medalhista de prata vai para uma repescagem mundial, assim como os segundo e terceiro colocados do torneio dos homens. Nas duas seletivas, que ser\u00e3o disputadas no ano que vem, os tr\u00eas melhores se garantem em Paris.<\/p>\n<p>O Brasil n\u00e3o participa da Paralimp\u00edada na modalidade desde 2016, no Rio. A \u00faltima vez que uma sele\u00e7\u00e3o nacional foi aos Jogos sem ser o pa\u00eds-sede foi em Londres (Reino Unido), em 2012, com a equipe feminina, bronze no Parapan de Guadalajara (M\u00e9xico) um ano antes. J\u00e1 o time masculino n\u00e3o conquista a vaga paral\u00edmpica desde o bronze parapan-americano de 2007, que garantiu lugar aos brasileiros na edi\u00e7\u00e3o de Pequim (China) em 2008.<\/p>\n<p>\u201cTeremos que desbancar equipes como Estados Unidos, que s\u00e3o os melhores do mundo, Canad\u00e1, Argentina e Col\u00f4mbia. Na repescagem, s\u00e3o tr\u00eas vagas, mas contra o mundo inteiro. Ent\u00e3o, o Parapan ser\u00e1 a competi\u00e7\u00e3o mais importante para nossa vida\u201d, destacou Anderson Ferreira, da sele\u00e7\u00e3o brasileira masculina, \u00e0\u00a0Ag\u00eancia Brasil.<\/p>\n<p>Outro esporte no qual o Brasil tenta voltar \u00e0 Paralimp\u00edada \u00e9 o rugby em cadeira de rodas. A sele\u00e7\u00e3o verde e amarela, assim como no basquete, n\u00e3o compete no maior evento paradesportivo do planeta desde os Jogos do Rio, em 2016. Somente o t\u00edtulo parapan-americano d\u00e1 vaga direta para Paris. Os medalhistas de prata e bronze disputar\u00e3o uma seletiva mundial em 2024.<\/p>\n<p>No goalball, esporte para atletas com defici\u00eancia visual e \u00fanico da Paralimp\u00edada (e do Parapan) que n\u00e3o \u00e9 uma adapta\u00e7\u00e3o, o Brasil est\u00e1 garantido nos Jogos do ano que vem entre os homens, atuais tricampe\u00f5es mundiais e paral\u00edmpicos. A equipe feminina, contudo, precisa ser ouro em Santiago para se classificar a Paris.<\/p>\n<p>No t\u00eanis de mesa, os medalhistas de ouro das provas individuais asseguram vaga nominal \u00e0 Paralimp\u00edada. \u00c9 a mesma situa\u00e7\u00e3o do t\u00eanis em cadeira de rodas nas disputas de simples (masculina e feminina) da classe Open (tenistas com defici\u00eancias de membros inferiores).<\/p>\n<p>O tiro esportivo \u00e9 outra modalidade na qual os brasileiros tentar\u00e3o garantir lugar em Paris. Em quatro das provas, o campe\u00e3o se classifica. Tr\u00eas s\u00e3o da classe SH1 (atiradores que n\u00e3o requerem apoio para a arma): carabina de ar deitado mista e pistola de ar (masculina e feminina). A outra \u00e9 a carabina de ar mista em p\u00e9 da classe SH2 (atletas que n\u00e3o t\u00eam habilidade para suportar o peso da arma e necessitam de suporte).<\/p>\n<p>Por fim, na bocha uma das vagas paral\u00edmpicas ser\u00e1 do pa\u00eds campe\u00e3o na disputa por equipes mistas que re\u00fane as classes BC1 e BC2 (atletas que utilizam as m\u00e3os ou os p\u00e9s para arremessar). As demais s\u00e3o voltadas aos medalhistas de ouro nas disputas de pares, masculina e feminina das classes BC3 (jogadores com defici\u00eancias severas, que t\u00eam apoio de uma calha) e BC4 (lesionados medulares).<\/p>\n<p>\u201cDas 22 modalidades que estar\u00e3o presentes na Paralimp\u00edada de Paris, no pr\u00f3ximo ano, queremos muito que todas estejam representadas pelo Brasil\u201d, afirmou Yohansson.<\/p>\n<h2>A exce\u00e7\u00e3o<\/h2>\n<p>Entre os 17 esportes com disputa por medalha em Santiago, somente o futebol de paralisados cerebrais (ou futebol PC) n\u00e3o faz parte da Paralimp\u00edada, deixando o programa paral\u00edmpico ap\u00f3s 2016. Com isso, apesar de existir um Campeonato Mundial, o Parapan se tornou uma competi\u00e7\u00e3o fundamental para quem vive da modalidade no pa\u00eds.<\/p>\n<p>\u201cEstamos treinando muito forte h\u00e1 quatro anos. Hoje, nosso \u00e1pice \u00e9 o Parapan. Se Deus quiser, tudo dar\u00e1 certo. [Voltaremos] com o ouro novamente\u201d, declarou Moacir Fernando, goleiro da sele\u00e7\u00e3o de futebol PC, \u00e0\u00a0<strong>Ag\u00eancia Brasil<\/strong>.<\/p>\n<p>\u201cViemos de um terceiro lugar no Mundial [de 2022, em Salou, na Espanha], que foi important\u00edssimo, contra grandes equipes. Agora vamos tentar manter nossa hegemonia\u201d, completou o t\u00e9cnico Paulo Cabral, tamb\u00e9m \u00e0\u00a0<strong>Ag\u00eancia Brasil<\/strong>, lembrando que a sele\u00e7\u00e3o foi campe\u00e3 do Parapan nas tr\u00eas edi\u00e7\u00f5es anteriores nas quais a modalidade foi disputada no evento.<\/p>\n<h2>Bolsa Atleta<\/h2>\n<p>O Brasil est\u00e1 em Santiago com 324 esportistas, sendo que 288 integram o Bolsa Atleta, programa federal de patroc\u00ednio individual, o que representa 88,9% do total. A delega\u00e7\u00e3o conta ainda com dez atletas-guia do atletismo (que auxiliam corredores com defici\u00eancia visual), tr\u00eas calheiros da bocha (modalidade cujos esportistas possuem alto grau de comprometimento motor) e dois goleiros do futebol de cegos (\u00fanicos da equipe que enxergam).<\/p>\n<p><span style=\"font-weight: 400;\">Fonte: Ag\u00eancia Brasil <\/span><\/p>\n","protected":false},"excerpt":{"rendered":"<p>Os Jogos Parapan-Americanos de Santiago, no Chile, ser\u00e3o abertos oficialmente nesta sexta-feira (17), \u00e0s 20h30 (hor\u00e1rio de Bras\u00edlia), em cerim\u00f4nia no Est\u00e1dio Nacional. O evento re\u00fane 1.927 atletas de 33 pa\u00edses, competindo em 17 modalidades, at\u00e9 o pr\u00f3ximo dia 26 de novembro. O Brasil defende uma hegemonia na lideran\u00e7a do quadro de medalhas do Parapan, [&hellip;]<\/p>\n","protected":false},"author":246,"featured_media":219412,"comment_status":"closed","ping_status":"closed","sticky":false,"template":"","format":"standard","meta":{"footnotes":""},"categories":[436,257,439],"tags":[],"class_list":["post-219411","post","type-post","status-publish","format-standard","has-post-thumbnail","hentry","category-destaque-da-semana","category-esporte","category-ultima-hora"],"_links":{"self":[{"href":"https:\/\/diarioregionaldigital.com.br\/index.php?rest_route=\/wp\/v2\/posts\/219411","targetHints":{"allow":["GET"]}}],"collection":[{"href":"https:\/\/diarioregionaldigital.com.br\/index.php?rest_route=\/wp\/v2\/posts"}],"about":[{"href":"https:\/\/diarioregionaldigital.com.br\/index.php?rest_route=\/wp\/v2\/types\/post"}],"author":[{"embeddable":true,"href":"https:\/\/diarioregionaldigital.com.br\/index.php?rest_route=\/wp\/v2\/users\/246"}],"replies":[{"embeddable":true,"href":"https:\/\/diarioregionaldigital.com.br\/index.php?rest_route=%2Fwp%2Fv2%2Fcomments&post=219411"}],"version-history":[{"count":1,"href":"https:\/\/diarioregionaldigital.com.br\/index.php?rest_route=\/wp\/v2\/posts\/219411\/revisions"}],"predecessor-version":[{"id":219413,"href":"https:\/\/diarioregionaldigital.com.br\/index.php?rest_route=\/wp\/v2\/posts\/219411\/revisions\/219413"}],"wp:featuredmedia":[{"embeddable":true,"href":"https:\/\/diarioregionaldigital.com.br\/index.php?rest_route=\/wp\/v2\/media\/219412"}],"wp:attachment":[{"href":"https:\/\/diarioregionaldigital.com.br\/index.php?rest_route=%2Fwp%2Fv2%2Fmedia&parent=219411"}],"wp:term":[{"taxonomy":"category","embeddable":true,"href":"https:\/\/diarioregionaldigital.com.br\/index.php?rest_route=%2Fwp%2Fv2%2Fcategories&post=219411"},{"taxonomy":"post_tag","embeddable":true,"href":"https:\/\/diarioregionaldigital.com.br\/index.php?rest_route=%2Fwp%2Fv2%2Ftags&post=219411"}],"curies":[{"name":"wp","href":"https:\/\/api.w.org\/{rel}","templated":true}]}}