{"id":219408,"date":"2023-11-17T20:31:00","date_gmt":"2023-11-17T23:31:00","guid":{"rendered":"https:\/\/diarioregionaldigital.com.br\/?p=219408"},"modified":"2023-11-17T20:31:00","modified_gmt":"2023-11-17T23:31:00","slug":"brasil-bate-inglaterra-e-vai-as-oitavas-do-mundial-sub-17-de-futebol","status":"publish","type":"post","link":"https:\/\/diarioregionaldigital.com.br\/?p=219408","title":{"rendered":"Brasil bate Inglaterra e vai \u00e0s oitavas do Mundial Sub 17 de Futebol"},"content":{"rendered":"<p>O Brasil se classificou \u00e0s oitavas de final da Copa do Mundo Sub 17 ao ganhar por 2 a 1 da Inglaterra, na terceira e \u00faltima rodada da fase de grupos, em Jacarta (Indon\u00e9sia). Kau\u00e3 Elias e Da Matta marcaram para a sele\u00e7\u00e3o e Ndala descontou para os brit\u00e2nicos em cobran\u00e7a de p\u00eanalti, no Est\u00e1dio Internacional de Jacarta (Indon\u00e9sia), nesta sexta-feira (17).<img decoding=\"async\" src=\"https:\/\/agenciabrasil.ebc.com.br\/ebc.png?id=1567217&amp;o=node\" \/><img decoding=\"async\" src=\"https:\/\/agenciabrasil.ebc.com.br\/ebc.gif?id=1567217&amp;o=node\" \/><\/p>\n<p>Com o segundo triunfo seguido \u2013 o primeiro foi de 9 a 0 sobre Nova Caled\u00f4nia \u2013 o Brasil, comandado pelo t\u00e9cnico Phelipe Leal, concluiu a fase de grupo na vice-lideran\u00e7a da Chave C, com seis pontos, mesmo total da l\u00edder Inglaterra, com maior saldo de gols. O advers\u00e1rio da sele\u00e7\u00e3o nas oitavas ser\u00e1 o Equador, no pr\u00f3ximo s\u00e1bado (20), \u00e0s 5h30 (hor\u00e1rio de Bras\u00edlia), no\u00a0Est\u00e1dio Manahan, em Surakarta (Indon\u00e9sia). Os equatorianos (cinco pontos) avan\u00e7aram no Mundial em segundo lugar do Grupo A, atr\u00e1s da sele\u00e7\u00e3o de Marrocos (seis).<\/p>\n<p>O primeiro tempo foi bem movimentado, com ligeira vantagem do ataque brit\u00e2nico, que teve duas boas chances de abrir o placar com Warhurst. Aos\u00a019 minutos, ele arriscou um chute de voleio, mas a bola desviou no goleiro Phillipe Gabriel e foi no travess\u00e3o. Seis minutos depois, o brit\u00e2nico cabeceou na linha e mais uma vez Gabriel fez linda defesa. Do lado brasileiro, a melhor chance surgiu aos 32 minutos: o camisa 20 Est\u00eav\u00e3o disparou com a bola pela direita, se livrou dos marcadores e arriscou uma bomba da entrada da \u00e1rea, mas a bola explodiu na trave esquerda do goleiro Setford. Dez minutos depois, o Brasil inaugurou o marcador, ap\u00f3s mais uma infiltra\u00e7\u00e3o de Est\u00eav\u00e3o pela direita. Ele invadiu a grande \u00e1rea e chutou, mas a bola bateu na zaga e Kau\u00e3 Elias pegou o rebote e chutou firme para o fundo da rede. \u00a0Nos minutos finais, \u00a0Amo-Ameyaw desperdi\u00e7ou duas chances de a Inglaterra chegar ao empate. Na primeira finaliza\u00e7\u00e3o a bola tirou tinta da trave, e a segunda parou nas m\u00e3os do goleiro Phellipe Gabriel.<\/p>\n<p>Na volta do intervalo, os brit\u00e2nicos botaram press\u00e3o, mas foi o Brasil que levou a melhor, ampliando o placar aos nove minutos.\u00a0O zagueiro Da Matta aproveitou o cruzamento de Esquerdinha e cabeceou forte para o fundo da rede. Setford ainda tocou na bola ao tentar defend\u00ea-la, mas n\u00e3o conseguiu evitar o segundo gol brasileiro.\u00a0Aos 23 minutos, o VAR confirmou p\u00eanalti cometido pelo brasileiro Pedro Lima dentro da \u00e1rea. A falta foi em cima de Ndala, e ele pr\u00f3prio converteu a cobran\u00e7a e marcou o primeiro e \u00fanico gol da Inglaterra. \u00a0Antes do t\u00e9rmino, o Brasil enfileirou chances de fazer o terceiro gol. Aos 37 minutos, Luighi aproveitou cruzamento de Rayan para cabecear certeiro, mas Setford defendeu com firmeza. Seis minutos depois, o goleiro brit\u00e2nico agarrou um chute de canhota de Lohan e ainda teve durante os 15 minutos de acr\u00e9scimos outra bola venenosa de Lohan, desta vez disparada da intermedi\u00e1ria. De novo, Setford evitou espalmando para escanteio.<\/p>\n<p><span style=\"font-weight: 400;\">Fonte: Ag\u00eancia Brasil <\/span><\/p>\n","protected":false},"excerpt":{"rendered":"<p>O Brasil se classificou \u00e0s oitavas de final da Copa do Mundo Sub 17 ao ganhar por 2 a 1 da Inglaterra, na terceira e \u00faltima rodada da fase de grupos, em Jacarta (Indon\u00e9sia). Kau\u00e3 Elias e Da Matta marcaram para a sele\u00e7\u00e3o e Ndala descontou para os brit\u00e2nicos em cobran\u00e7a de p\u00eanalti, no Est\u00e1dio [&hellip;]<\/p>\n","protected":false},"author":246,"featured_media":219409,"comment_status":"closed","ping_status":"closed","sticky":false,"template":"","format":"standard","meta":{"footnotes":""},"categories":[436,440,257,439],"tags":[],"class_list":["post-219408","post","type-post","status-publish","format-standard","has-post-thumbnail","hentry","category-destaque-da-semana","category-destaques-do-dia","category-esporte","category-ultima-hora"],"_links":{"self":[{"href":"https:\/\/diarioregionaldigital.com.br\/index.php?rest_route=\/wp\/v2\/posts\/219408","targetHints":{"allow":["GET"]}}],"collection":[{"href":"https:\/\/diarioregionaldigital.com.br\/index.php?rest_route=\/wp\/v2\/posts"}],"about":[{"href":"https:\/\/diarioregionaldigital.com.br\/index.php?rest_route=\/wp\/v2\/types\/post"}],"author":[{"embeddable":true,"href":"https:\/\/diarioregionaldigital.com.br\/index.php?rest_route=\/wp\/v2\/users\/246"}],"replies":[{"embeddable":true,"href":"https:\/\/diarioregionaldigital.com.br\/index.php?rest_route=%2Fwp%2Fv2%2Fcomments&post=219408"}],"version-history":[{"count":1,"href":"https:\/\/diarioregionaldigital.com.br\/index.php?rest_route=\/wp\/v2\/posts\/219408\/revisions"}],"predecessor-version":[{"id":219410,"href":"https:\/\/diarioregionaldigital.com.br\/index.php?rest_route=\/wp\/v2\/posts\/219408\/revisions\/219410"}],"wp:featuredmedia":[{"embeddable":true,"href":"https:\/\/diarioregionaldigital.com.br\/index.php?rest_route=\/wp\/v2\/media\/219409"}],"wp:attachment":[{"href":"https:\/\/diarioregionaldigital.com.br\/index.php?rest_route=%2Fwp%2Fv2%2Fmedia&parent=219408"}],"wp:term":[{"taxonomy":"category","embeddable":true,"href":"https:\/\/diarioregionaldigital.com.br\/index.php?rest_route=%2Fwp%2Fv2%2Fcategories&post=219408"},{"taxonomy":"post_tag","embeddable":true,"href":"https:\/\/diarioregionaldigital.com.br\/index.php?rest_route=%2Fwp%2Fv2%2Ftags&post=219408"}],"curies":[{"name":"wp","href":"https:\/\/api.w.org\/{rel}","templated":true}]}}