{"id":219405,"date":"2023-11-17T20:22:52","date_gmt":"2023-11-17T23:22:52","guid":{"rendered":"https:\/\/diarioregionaldigital.com.br\/?p=219405"},"modified":"2023-11-17T20:22:52","modified_gmt":"2023-11-17T23:22:52","slug":"minas-gerais-defende-cuidado-com-a-saude-mental-de-criancas-e-adolescentes","status":"publish","type":"post","link":"https:\/\/diarioregionaldigital.com.br\/?p=219405","title":{"rendered":"Minas Gerais defende cuidado com a sa\u00fade mental de crian\u00e7as e adolescentes"},"content":{"rendered":"<p>Debater o cuidado com a sa\u00fade mental de crian\u00e7as e adolescentes tem se tornado cada vez mais urgente e imperativo. Para ampliar o conhecimento daqueles que\u00a0fazem interface com a\u00a0Rede de Aten\u00e7\u00e3o Psicossocial\u00a0(Raps) do Estado\u00a0e discutir o cuidado com o p\u00fablico infanto-juvenil, a\u00a0<a href=\"https:\/\/www.saude.mg.gov.br\/\" target=\"_blank\" rel=\"noopener\">Secretaria de Estado de Sa\u00fade de Minas Gerais (SES-MG)<\/a>\u00a0realizou, nesta sexta (17\/11), o III Encontro de Sa\u00fade Mental de Crian\u00e7a e Adolescente. Durante o evento, foram formados profissionais replicadores das formas de cuidado em sa\u00fade mental, sob a perspectiva da integralidade e da intersetorialidade, baseado nos preceitos da Pol\u00edtica Estadual de Sa\u00fade Mental, \u00c1lcool, e Outras Drogas, em conson\u00e2ncia com os princ\u00edpios do Sistema \u00danico de Sa\u00fade (SUS) e da Reforma Psiqui\u00e1trica Antimanicomial.<\/p>\n<p>A subsecret\u00e1ria de Redes de Aten\u00e7\u00e3o \u00e0 Sa\u00fade da SES-MG, Camila Moreira de Castro, destacou a import\u00e2ncia que as tem\u00e1ticas relacionadas \u00e0 sa\u00fade mental t\u00eam para a pasta e citou discuss\u00f5es realizadas nas \u00faltimas semanas, com o Minist\u00e9rio da Sa\u00fade e o Conselho Nacional de Secret\u00e1rios de Sa\u00fade (Conass) sobre o assunto.<\/p>\n<p>\u201cEssa tem sido uma semana intensa, porque o tema da sa\u00fade mental provoca todos n\u00f3s. Estamos muito engajados em tentar compreender e atuar, especialmente sob essa perspectiva de intersetoralidade e integralidade. Fazer esse semin\u00e1rio com tantos representantes, inclusive do Minist\u00e9rio P\u00fablico, e com o apoio da\u00a0<a href=\"http:\/\/www.esp.mg.gov.br\/\" target=\"_blank\" rel=\"noopener\">Escola de Sa\u00fade P\u00fablica<\/a>, \u00e9 muito importante. Vamos nos aprofundar no tema e pensar nos pr\u00f3ximos passos, para que tenhamos uma equa\u00e7\u00e3o cada vez mais qualificada, que consiga olhar para o usu\u00e1rio de forma integral, considerando todas as perspectivas que cada um pode trazer para a realidade de trabalho\u201d, disse.<\/p>\n<p>Para a promotora de Justi\u00e7a do Centro de Apoio Operacional das Promotorias de Justi\u00e7a e Defesa da Sa\u00fade do Minist\u00e9rio P\u00fablico de Minas Gerais (MPMG), Paola Domingues Botelho, o evento \u00e9 a concretiza\u00e7\u00e3o de a\u00e7\u00f5es pensadas entre as pastas da Sa\u00fade, Educa\u00e7\u00e3o e o Minist\u00e9rio P\u00fablico, desde 2021, para acolher \u00e0s demandas de atendimento a crian\u00e7as e adolescentes que apresentavam algum tipo de transtorno mental e que n\u00e3o eram direcionadas da maneira adequada.<\/p>\n<p>\u201cA proposta desse encontro \u00e9 que possamos ter diversos atores da rede de atendimento discutindo casos pr\u00e1ticos, e que isso possa se concretizar numa a\u00e7\u00e3o que mude a cultura dessa rede, para que se torne uma nova pr\u00e1tica. Queremos que os atendimentos \u00e0 sa\u00fade mental sejam mais eficientes, que atuem de forma mais humanizada e qualificativa, que \u00e9\u00a0tudo o que a gente quer na ponta\u201d, frisou.<\/p>\n<p>A porta de entrada para os atendimentos em sa\u00fade mental \u00e9 a Aten\u00e7\u00e3o Prim\u00e1ria \u00e0 Sa\u00fade (APS), que tem papel fundamental no cuidado das crian\u00e7as e adolescentes e na ado\u00e7\u00e3o de medidas de prote\u00e7\u00e3o, preven\u00e7\u00e3o e promo\u00e7\u00e3o da sa\u00fade mental nos territ\u00f3rios. Taynara Silva de Paula, coordenadora de Sa\u00fade Mental, \u00c1lcool e\u00a0Outras\u00a0Drogas da SES-MG,\u00a0explicou os objetivos do Encontro.<\/p>\n<p>\u201cEsse \u00e9 um evento focado na rede assistencial de sa\u00fade mental de crian\u00e7as e adolescentes e foi constru\u00eddo de forma colegiada com as\u00a0<a href=\"https:\/\/social.mg.gov.br\/\" target=\"_blank\" rel=\"noopener\">Secretaria de Estado de Desenvolvimento Social (Sedese-MG)<\/a>\u00a0e de\u00a0<a href=\"https:\/\/www.educacao.mg.gov.br\/\" target=\"_blank\" rel=\"noopener\">Educa\u00e7\u00e3o (SEE-MG)<\/a>, pensando nos profissionais que fazem esse atendimento. O objetivo \u00e9 provocar a discuss\u00e3o do cuidado em sa\u00fade mental das crian\u00e7as e adolescentes e formar profissionais multiplicadores para discutir essa pauta nos territ\u00f3rios de Minas\u201d, enfatizou.<\/p>\n<p>O conte\u00fado do III Encontro de Sa\u00fade Mental de Crian\u00e7a e Adolescente foi constru\u00eddo coletivamente por representantes da SES-MG, da Escola de Sa\u00fade P\u00fablica (ESP), da Sedese-MG, da SEE-MG e do MPMG. Ao longo do dia, foram realizadas cinco mesas de conversas, abordando temas como a aten\u00e7\u00e3o \u00e0 crise em sa\u00fade mental, uso abusivo de \u00e1lcool e outras drogas por crian\u00e7as e adolescentes; \u202fmedicaliza\u00e7\u00e3o\/patologiza\u00e7\u00e3o da inf\u00e2ncia e juventude; autismo e defici\u00eancia intelectual;\u00a0Rede de Aten\u00e7\u00e3o Psicossocial\u00a0(Raps) e a intersetorialidade com pol\u00edticas p\u00fablicas que envolvam crian\u00e7as e adolescentes; judicializa\u00e7\u00e3o na sa\u00fade mental e a oferta de cuidado ao adolescente em conflito com a lei.<\/p>\n<p><strong>Linha de cuidado<\/strong><\/p>\n<p>Minas Gerais possui uma Pol\u00edtica Estadual de Sa\u00fade Mental, \u00c1lcool\u00a0e Outras Drogas, que foi aprovada em inst\u00e2ncias deliberativas pelo Conselho Estadual de Sa\u00fade e Conselho de Secretarias Municipais de Sa\u00fade de Minas Gerais (Cosems-MG) e institu\u00edda em 2016. Segundo Taynara Silva de Paula, a pol\u00edtica estabelece as diretrizes para os profissionais que atuam na sa\u00fade mental, fortalece a Rede de Aten\u00e7\u00e3o Psicossocial (Raps) e cria mecanismos de avalia\u00e7\u00e3o, monitoramento e fiscaliza\u00e7\u00e3o dos pontos de aten\u00e7\u00e3o da Raps.<\/p>\n<p>\u201cA pol\u00edtica \u00e9 pautada nos fundamentos da reforma psiqui\u00e1trica brasileira, no cuidado e na liberdade, respeitando a singularidade e a subjetividade de cada indiv\u00edduo, uma vez que a SES-MG acredita que o cuidado em sa\u00fade mental se faz em liberdade\u201d, destaca a coordenadora de Sa\u00fade Mental, \u00c1lcool e outras drogas da SES-MG.<\/p>\n<p>Desde que a pol\u00edtica estadual foi institu\u00edda, houve amplia\u00e7\u00e3o dos servi\u00e7os oferecidos \u00e0 popula\u00e7\u00e3o e a desinstitucionaliza\u00e7\u00e3o psiqui\u00e1trica, ou seja, fechamento de hospitais psiqui\u00e1tricos e substitui\u00e7\u00e3o dessas institui\u00e7\u00f5es pelos Centro de Aten\u00e7\u00e3o Psicossocial (Caps), que s\u00e3o de gest\u00e3o municipal.<\/p>\n<p>A Raps \u00e9 composta por servi\u00e7os da Aten\u00e7\u00e3o Prim\u00e1ria \u00e0\u00a0Sa\u00fade, aten\u00e7\u00e3o secund\u00e1ria\u00a0e\u00a0hospitalar. Ela \u00e9 regionalizada no estado, com base territorial\u00a0e\u00a0comunit\u00e1ria, para estar mais pr\u00f3xima do usu\u00e1rio. Esses servi\u00e7os atuam de forma articulada e intersetorial para garantir o cuidado efetivo ao usu\u00e1rio em sofrimento ou transtorno\u00a0mental\u00a0ou que tenha necessidades de\u00a0sa\u00fade\u00a0decorrentes do uso de \u00e1lcool\u00a0e\u00a0drogas.<\/p>\n<p>Os Caps oferecem aten\u00e7\u00e3o especializada e possuem equipe multiprofissional. Prestam atendimento priorit\u00e1rio \u00e0s pessoas com sofrimento ou transtornos mentais graves\u00a0e\u00a0persistentes, em diversas modalidades, com atendimento integral, 24 horas por dia.\u00a0Em todo o estado, h\u00e1 51 Centros de Atendimento Psicossocial infanto-juvenis, que atendem a popula\u00e7\u00e3o de 266 munic\u00edpios mineiros. Esses Caps s\u00e3o destinados ao atendimento exclusivo de crian\u00e7as\u00a0e\u00a0adolescentes\u00a0em sofrimento\u00a0mental\u00a0grave\u00a0ou que fa\u00e7am uso abusivo de \u00e1lcool\u00a0e\u00a0outras drogas.<\/p>\n<p>De acordo com a Organiza\u00e7\u00e3o Pan Americana de Sa\u00fade (Opas), a estimativa \u00e9 que de 10% a 20% dos adolescentes em todo o mundo sofram com problemas de sa\u00fade mental, em alguma inst\u00e2ncia, mas sigam sem receber o tratamento adequado. Al\u00e9m disso, o levantamento aponta que os transtornos comportamentais na inf\u00e2ncia s\u00e3o a sexta maior causa de carga de doen\u00e7a entre adolescentes.\u00a0Dados da Funda\u00e7\u00e3o Oswaldo Cruz (Fiocruz), compilados em maio de 2022, apontam que\u00a075% dos transtornos mentais se iniciam na inf\u00e2ncia e adolesc\u00eancia, sendo que metade deles se manifestam at\u00e9 os 14 anos de idade.<\/p>\n<p><span style=\"font-weight: 400;\">Fonte: Ag\u00eancia Minas <\/span><\/p>\n","protected":false},"excerpt":{"rendered":"<p>Debater o cuidado com a sa\u00fade mental de crian\u00e7as e adolescentes tem se tornado cada vez mais urgente e imperativo. Para ampliar o conhecimento daqueles que\u00a0fazem interface com a\u00a0Rede de Aten\u00e7\u00e3o Psicossocial\u00a0(Raps) do Estado\u00a0e discutir o cuidado com o p\u00fablico infanto-juvenil, a\u00a0Secretaria de Estado de Sa\u00fade de Minas Gerais (SES-MG)\u00a0realizou, nesta sexta (17\/11), o III [&hellip;]<\/p>\n","protected":false},"author":246,"featured_media":219406,"comment_status":"closed","ping_status":"closed","sticky":false,"template":"","format":"standard","meta":{"footnotes":""},"categories":[436,254,439],"tags":[],"class_list":["post-219405","post","type-post","status-publish","format-standard","has-post-thumbnail","hentry","category-destaque-da-semana","category-politica","category-ultima-hora"],"_links":{"self":[{"href":"https:\/\/diarioregionaldigital.com.br\/index.php?rest_route=\/wp\/v2\/posts\/219405","targetHints":{"allow":["GET"]}}],"collection":[{"href":"https:\/\/diarioregionaldigital.com.br\/index.php?rest_route=\/wp\/v2\/posts"}],"about":[{"href":"https:\/\/diarioregionaldigital.com.br\/index.php?rest_route=\/wp\/v2\/types\/post"}],"author":[{"embeddable":true,"href":"https:\/\/diarioregionaldigital.com.br\/index.php?rest_route=\/wp\/v2\/users\/246"}],"replies":[{"embeddable":true,"href":"https:\/\/diarioregionaldigital.com.br\/index.php?rest_route=%2Fwp%2Fv2%2Fcomments&post=219405"}],"version-history":[{"count":1,"href":"https:\/\/diarioregionaldigital.com.br\/index.php?rest_route=\/wp\/v2\/posts\/219405\/revisions"}],"predecessor-version":[{"id":219407,"href":"https:\/\/diarioregionaldigital.com.br\/index.php?rest_route=\/wp\/v2\/posts\/219405\/revisions\/219407"}],"wp:featuredmedia":[{"embeddable":true,"href":"https:\/\/diarioregionaldigital.com.br\/index.php?rest_route=\/wp\/v2\/media\/219406"}],"wp:attachment":[{"href":"https:\/\/diarioregionaldigital.com.br\/index.php?rest_route=%2Fwp%2Fv2%2Fmedia&parent=219405"}],"wp:term":[{"taxonomy":"category","embeddable":true,"href":"https:\/\/diarioregionaldigital.com.br\/index.php?rest_route=%2Fwp%2Fv2%2Fcategories&post=219405"},{"taxonomy":"post_tag","embeddable":true,"href":"https:\/\/diarioregionaldigital.com.br\/index.php?rest_route=%2Fwp%2Fv2%2Ftags&post=219405"}],"curies":[{"name":"wp","href":"https:\/\/api.w.org\/{rel}","templated":true}]}}