{"id":219376,"date":"2023-11-17T01:25:39","date_gmt":"2023-11-17T04:25:39","guid":{"rendered":"https:\/\/diarioregionaldigital.com.br\/?p=219376"},"modified":"2023-11-17T01:26:36","modified_gmt":"2023-11-17T04:26:36","slug":"museu-mariano-procopio-lanca-programacao-para-o-novembro-negro","status":"publish","type":"post","link":"https:\/\/diarioregionaldigital.com.br\/?p=219376","title":{"rendered":"Museu Mariano Proc\u00f3pio lan\u00e7a programa\u00e7\u00e3o para o Novembro Negro"},"content":{"rendered":"<p>Segundo informa\u00e7\u00f5es do site da Prefeitura de Juiz de Fora (PJF), roda de conversa, conta\u00e7\u00e3o de hist\u00f3ria, samba de caboclo e visitas mediadas fazem parte da programa\u00e7\u00e3o do Novembro Negro no Museu Mariano Proc\u00f3pio, que acontecem neste fim de semana, 18 e 19. As atividades buscam promover a diversidade cultural, a reflex\u00e3o e o reconhecimento da relev\u00e2ncia da cultura e do povo africano para a forma\u00e7\u00e3o da identidade brasileira e juiz-forana.<\/p>\n<p>Para abrir a\u00a0 programa\u00e7\u00e3o, que acontece no parque do museu, teremos conta\u00e7\u00e3o de hist\u00f3ria para crian\u00e7as com a escritora mirim de 10 anos, Manuela Mendes de Jesus, autora do livro \u201cManu e o mist\u00e9rio da gatinha malhada\u201d, \u00e0s 14h. No mesmo hor\u00e1rio, teremos uma roda de conversa com Ana Mendes, com a tem\u00e1tica \u201cPorque falar do autocuidado da Mulher Negra?\u201d.<br \/>\nFechando a programa\u00e7\u00e3o do s\u00e1bado, teremos Samba de Caboclo com os Filhos de Ob\u00e1 do Il\u00ea As\u00e9 Saba Alfangere As\u00e9 Ajagunan, que ir\u00e3o se apresentar a partir das 15h. No domingo, 19, ser\u00e3o oferecidas duas visitas mediadas nas exposi\u00e7\u00f5es do Museu, \u00e0s 10h30 e \u00e0s 14h30, com o tema: \u201cA tem\u00e1tica negra nas exposi\u00e7\u00f5es do Museu Mariano Proc\u00f3pio\u201d, mediadas pelo curador Eduardo Machado.<\/p>\n<p>A programa\u00e7\u00e3o \u00e9 livre para todos os p\u00fablicos e n\u00e3o ser\u00e1 necess\u00e1rio a realiza\u00e7\u00e3o de inscri\u00e7\u00f5es. Al\u00e9m das visitas, o Museu estar\u00e1 aberto para a visita\u00e7\u00e3o do p\u00fablico geral a todas as exposi\u00e7\u00f5es das 10h30 \u00e0s 16h. O parque funciona de ter\u00e7a a domingo, das 8h \u00e0s 17h. Os acessos s\u00e3o pela Rua Dom Pedro II, 350 e pela Rua Mariano Proc\u00f3pio, 1100. A entrada \u00e9 franca e livre para qualquer idade.<\/p>\n<p><strong>Programa\u00e7\u00e3o:<br \/>\n<\/strong><br \/>\n<strong>S\u00e1bado, 18 de novembro<\/strong><br \/>\n&#8211; Clubinho da Leitura \u2013 Conta\u00e7\u00e3o de hist\u00f3ria para crian\u00e7as com a escritora mirim Manuela Mendes de Jesus \u2013 Autora do Livro: Manu e o mist\u00e9rio da gatinha malhada.<\/p>\n<p>Hor\u00e1rio: 14h<\/p>\n<p>P\u00fablico: Crian\u00e7as de todas as idades.<\/p>\n<p>&nbsp;<\/p>\n<p>&#8211; Roda de Conversa \u2013 Tema: Porque falar do autocuidado da Mulher Negra?<\/p>\n<p>Palestrante: Ana Mendes<\/p>\n<p>Hor\u00e1rio: 14h<\/p>\n<p>P\u00fablico: Geral<\/p>\n<p>&nbsp;<\/p>\n<p>&#8211; Samba de Caboclo com os Filhos de Ob\u00e1 do Il\u00ea As\u00e9 Saba Alfangere As\u00e9 Ajagunan<\/p>\n<p>Hor\u00e1rio: a partir das 15h<\/p>\n<p>P\u00fablico: Geral<br \/>\n<strong>Domingo, 19 de novembro<\/strong><br \/>\n&#8211; Visita mediada \u201cA tem\u00e1tica negra nas exposi\u00e7\u00f5es do Museu Mariano Proc\u00f3pio\u201d com o curador Eduardo Machado.<\/p>\n<p>Hor\u00e1rio: 10h30<\/p>\n<p>P\u00fablico: A partir dos 14 anos<br \/>\n&#8211; Visita mediada \u201cA tem\u00e1tica negra nas exposi\u00e7\u00f5es do Museu Mariano Proc\u00f3pio\u201d com o curador Eduardo Machado.<\/p>\n<p>Hor\u00e1rio: 14h30<\/p>\n<p>P\u00fablico: A partir dos 14 anos<\/p>\n","protected":false},"excerpt":{"rendered":"<p>Segundo informa\u00e7\u00f5es do site da Prefeitura de Juiz de Fora (PJF), roda de conversa, conta\u00e7\u00e3o de hist\u00f3ria, samba de caboclo e visitas mediadas fazem parte da programa\u00e7\u00e3o do Novembro Negro no Museu Mariano Proc\u00f3pio, que acontecem neste fim de semana, 18 e 19. As atividades buscam promover a diversidade cultural, a reflex\u00e3o e o reconhecimento [&hellip;]<\/p>\n","protected":false},"author":246,"featured_media":219377,"comment_status":"closed","ping_status":"closed","sticky":false,"template":"","format":"standard","meta":{"footnotes":""},"categories":[253,436,440,439],"tags":[],"class_list":["post-219376","post","type-post","status-publish","format-standard","has-post-thumbnail","hentry","category-cidade","category-destaque-da-semana","category-destaques-do-dia","category-ultima-hora"],"_links":{"self":[{"href":"https:\/\/diarioregionaldigital.com.br\/index.php?rest_route=\/wp\/v2\/posts\/219376","targetHints":{"allow":["GET"]}}],"collection":[{"href":"https:\/\/diarioregionaldigital.com.br\/index.php?rest_route=\/wp\/v2\/posts"}],"about":[{"href":"https:\/\/diarioregionaldigital.com.br\/index.php?rest_route=\/wp\/v2\/types\/post"}],"author":[{"embeddable":true,"href":"https:\/\/diarioregionaldigital.com.br\/index.php?rest_route=\/wp\/v2\/users\/246"}],"replies":[{"embeddable":true,"href":"https:\/\/diarioregionaldigital.com.br\/index.php?rest_route=%2Fwp%2Fv2%2Fcomments&post=219376"}],"version-history":[{"count":2,"href":"https:\/\/diarioregionaldigital.com.br\/index.php?rest_route=\/wp\/v2\/posts\/219376\/revisions"}],"predecessor-version":[{"id":219379,"href":"https:\/\/diarioregionaldigital.com.br\/index.php?rest_route=\/wp\/v2\/posts\/219376\/revisions\/219379"}],"wp:featuredmedia":[{"embeddable":true,"href":"https:\/\/diarioregionaldigital.com.br\/index.php?rest_route=\/wp\/v2\/media\/219377"}],"wp:attachment":[{"href":"https:\/\/diarioregionaldigital.com.br\/index.php?rest_route=%2Fwp%2Fv2%2Fmedia&parent=219376"}],"wp:term":[{"taxonomy":"category","embeddable":true,"href":"https:\/\/diarioregionaldigital.com.br\/index.php?rest_route=%2Fwp%2Fv2%2Fcategories&post=219376"},{"taxonomy":"post_tag","embeddable":true,"href":"https:\/\/diarioregionaldigital.com.br\/index.php?rest_route=%2Fwp%2Fv2%2Ftags&post=219376"}],"curies":[{"name":"wp","href":"https:\/\/api.w.org\/{rel}","templated":true}]}}