{"id":219367,"date":"2023-11-17T01:01:22","date_gmt":"2023-11-17T04:01:22","guid":{"rendered":"https:\/\/diarioregionaldigital.com.br\/?p=219367"},"modified":"2023-11-17T01:01:22","modified_gmt":"2023-11-17T04:01:22","slug":"segunda-parte-do-fomento-agro-comeca-em-brumadinho-e-vai-atender-132-produtores-rurais","status":"publish","type":"post","link":"https:\/\/diarioregionaldigital.com.br\/?p=219367","title":{"rendered":"Segunda parte do Fomento Agro come\u00e7a em Brumadinho e vai atender 132 produtores rurais"},"content":{"rendered":"<p>O\u00a0<a href=\"https:\/\/www.mg.gov.br\/\" target=\"_blank\" rel=\"noopener\">Governo de Minas<\/a>, o Minist\u00e9rio P\u00fablico de Minas Gerais (MPMG), o Minist\u00e9rio P\u00fablico Federal (MPF) e a Defensoria P\u00fablica de Minas Gerais (DPMG) autorizaram o in\u00edcio da segunda parte do programa de Fomento Agro em Brumadinho, na Regi\u00e3o Metropolitana de Belo Horizonte (RMBH).<\/p>\n<p>Nessa parte, o projeto vai atender 132 produtores rurais do munic\u00edpio a partir da implanta\u00e7\u00e3o dos projetos produtivos individuais desenvolvidos na parte 1, com o objetivo de fortalecer e de profissionalizar as atividades agr\u00edcolas desempenhadas por cada participante. No total, 192 produtores est\u00e3o sendo contemplados nas partes 1 e 2.<\/p>\n<p>O projeto \u00e9 realizado com recursos do\u00a0<a href=\"https:\/\/www.mg.gov.br\/pro-brumadinho\/pagina\/entenda-o-acordo-judicial-de-reparacao-ao-rompimento-em-brumadinho\" target=\"_blank\" rel=\"noopener\">Acordo de Repara\u00e7\u00e3o<\/a>. A execu\u00e7\u00e3o do Fomento Agro \u00e9 uma obriga\u00e7\u00e3o de fazer da Vale, sob fiscaliza\u00e7\u00e3o da\u00a0<a href=\"https:\/\/www18.fgv.br\/projetorioparaopeba\/\" target=\"_blank\" rel=\"noopener\">auditoria da Funda\u00e7\u00e3o Getulio Vargas (FGV)<\/a>\u00a0e \u00e9 acompanhada pelos\u00a0<a href=\"https:\/\/www.mg.gov.br\/pro-brumadinho\/pagina\/compromitentes-do-acordo-judicial-de-reparacao-ao-rompimento-em-brumadinho\" target=\"_blank\" rel=\"noopener\">compromitentes<\/a>. O valor estimado para esta segunda fase \u00e9 de R$ 24,8 milh\u00f5es.<\/p>\n<p>Na segunda parte, os 132 produtores participantes v\u00e3o receber equipamentos e atendimentos espec\u00edficos, conforme necessidades identificadas nos projetos de cada agricultor. Os estudos s\u00e3o personalizados para atender as caracter\u00edsticas individuais de cada propriedade.<\/p>\n<p>Entre as entregas previstas est\u00e3o estrutura para gera\u00e7\u00e3o de energia fotovoltaica, constru\u00e7\u00e3o de estufas agr\u00edcolas, implanta\u00e7\u00e3o de sistema de irriga\u00e7\u00e3o, obras e reformas nas propriedades, aquisi\u00e7\u00e3o e fornecimento de animais, custeio de ciclo produtivo animal e vegetal, fornecimento de kits MIP (Manejo Integrado de Pragas), perfura\u00e7\u00f5es de po\u00e7os tubulares e mini po\u00e7os, implanta\u00e7\u00e3o de sistemas de hidroponia e transporte.<\/p>\n<p>O projeto contempla tamb\u00e9m o fornecimento de servi\u00e7os para organiza\u00e7\u00e3o de documenta\u00e7\u00e3o, certifica\u00e7\u00f5es, licen\u00e7as, aquisi\u00e7\u00e3o de kits de rastreabilidade e impress\u00e3o de materiais de comunica\u00e7\u00e3o.<\/p>\n<p>A previs\u00e3o \u00e9 que as interven\u00e7\u00f5es nas propriedades comecem a ser realizadas em cinco meses, contados a partir de novembro de 2023, ainda no primeiro semestre de 2024.<\/p>\n<p>Nesse per\u00edodo, ser\u00e3o realizadas atividades preparat\u00f3rias que incluem reuni\u00e3o de alinhamento junto \u00e0 Comiss\u00e3o de Monitoramento e Acompanhamento dos Produtores e a Prefeitura Municipal, para apresenta\u00e7\u00e3o do cronograma e detalhamento das a\u00e7\u00f5es de implanta\u00e7\u00e3o dos projetos individuais, cota\u00e7\u00f5es, contrata\u00e7\u00e3o e mobiliza\u00e7\u00e3o dos servi\u00e7os necess\u00e1rios para implanta\u00e7\u00e3o dos projetos.<\/p>\n<p>O prazo para conclus\u00e3o do Fomento Agro \u00e9 de mais tr\u00eas anos e cinco meses. Ao fim do projeto (primeira e segunda parte) ser\u00e3o atendidos o total de 192 agricultores de Brumadinho.<\/p>\n<p><strong>Primeira fase do Fomento Agro<\/strong><\/p>\n<p>A primeira parte do Fomento Agro j\u00e1 atendeu todos os 192 produtores participantes da iniciativa com atividades relacionadas a elabora\u00e7\u00e3o de projetos produtivos individuais, fornecimento de materiais publicit\u00e1rios, capacita\u00e7\u00f5es, implanta\u00e7\u00e3o da rastreabilidade, realiza\u00e7\u00e3o de an\u00e1lise de solo e de tecido vegetal e participa\u00e7\u00e3o em feiras e eventos.<\/p>\n<p>Al\u00e9m disso, a parte 1 tamb\u00e9m contempla a implementa\u00e7\u00e3o de projetos produtivos individuais para 60 produtores, a\u00e7\u00e3o que j\u00e1 teve in\u00edcio, e ainda est\u00e1 em andamento.<\/p>\n<p><strong>Projetos de repara\u00e7\u00e3o em Brumadinho<\/strong><\/p>\n<p>O programa de Fomento Agro (parte 1 e 2) comp\u00f5e o\u00a0<a href=\"https:\/\/www.mg.gov.br\/pro-brumadinho\/pagina\/reparacao-brumadinho-fortalecimento-dos-servicos-publicos-em-brumadinho\" target=\"_blank\" rel=\"noopener\">Anexo I.4<\/a>\u00a0do Acordo de Repara\u00e7\u00e3o (Projetos socioecon\u00f4micos de fortalecimento do Servi\u00e7o P\u00fablico para Brumadinho). Neste anexo do Acordo \u00e9 destinado R$ 1,5 bilh\u00e3o para a implementa\u00e7\u00e3o de projetos da\u00a0<a href=\"https:\/\/www.mg.gov.br\/pro-brumadinho\/pagina\/consulta-popular-reparacao-brumadinho-saiba-tudo-sobre-o-processo-consultivo\" target=\"_blank\" rel=\"noopener\">Consulta Popular<\/a>\u00a0e emergenciais no munic\u00edpio.<\/p>\n<p>Atualmente, Brumadinho conta com 40 projetos definidos para execu\u00e7\u00e3o neste Anexo, sendo oito emergenciais (entre eles o Fomento Agro parte 1) e 33 da Consulta Popular (Incluindo a parte 2 do Fomento Agro).<\/p>\n<p>Destes 40 definidos, 1 emergencial foi conclu\u00eddo e outros 20 projetos est\u00e3o em execu\u00e7\u00e3o (6 emergenciais e 14 da Consulta Popular).<\/p>\n<p>O andamento das iniciativas \u00e9 fiscalizado pela Funda\u00e7\u00e3o Get\u00falio Vargas. Mais detalhes sobre os projetos podem ser consultados no\u00a0<a href=\"https:\/\/www18.fgv.br\/projetorioparaopeba\/\" target=\"_blank\" rel=\"noopener\">site da institui\u00e7\u00e3o<\/a>.<\/p>\n<p>O Governo de Minas e as institui\u00e7\u00f5es de Justi\u00e7a acompanham os trabalhos. Todos os detalhes do Acordo Judicial podem ser acessados no portal Pr\u00f3-Brumadinho.<\/p>\n<p>O rompimento de barragem da Vale em Brumadinho tirou a vida de 272 pessoas e gerou uma s\u00e9rie de danos sociais, econ\u00f4micos e ambientais na regi\u00e3o atingida e em todo o estado de Minas Gerais.<\/p>\n<p><span style=\"font-weight: 400;\">Fonte: Ag\u00eancia Minas <\/span><\/p>\n","protected":false},"excerpt":{"rendered":"<p>O\u00a0Governo de Minas, o Minist\u00e9rio P\u00fablico de Minas Gerais (MPMG), o Minist\u00e9rio P\u00fablico Federal (MPF) e a Defensoria P\u00fablica de Minas Gerais (DPMG) autorizaram o in\u00edcio da segunda parte do programa de Fomento Agro em Brumadinho, na Regi\u00e3o Metropolitana de Belo Horizonte (RMBH). Nessa parte, o projeto vai atender 132 produtores rurais do munic\u00edpio a [&hellip;]<\/p>\n","protected":false},"author":246,"featured_media":219368,"comment_status":"closed","ping_status":"closed","sticky":false,"template":"","format":"standard","meta":{"footnotes":""},"categories":[436,254,439],"tags":[],"class_list":["post-219367","post","type-post","status-publish","format-standard","has-post-thumbnail","hentry","category-destaque-da-semana","category-politica","category-ultima-hora"],"_links":{"self":[{"href":"https:\/\/diarioregionaldigital.com.br\/index.php?rest_route=\/wp\/v2\/posts\/219367","targetHints":{"allow":["GET"]}}],"collection":[{"href":"https:\/\/diarioregionaldigital.com.br\/index.php?rest_route=\/wp\/v2\/posts"}],"about":[{"href":"https:\/\/diarioregionaldigital.com.br\/index.php?rest_route=\/wp\/v2\/types\/post"}],"author":[{"embeddable":true,"href":"https:\/\/diarioregionaldigital.com.br\/index.php?rest_route=\/wp\/v2\/users\/246"}],"replies":[{"embeddable":true,"href":"https:\/\/diarioregionaldigital.com.br\/index.php?rest_route=%2Fwp%2Fv2%2Fcomments&post=219367"}],"version-history":[{"count":1,"href":"https:\/\/diarioregionaldigital.com.br\/index.php?rest_route=\/wp\/v2\/posts\/219367\/revisions"}],"predecessor-version":[{"id":219369,"href":"https:\/\/diarioregionaldigital.com.br\/index.php?rest_route=\/wp\/v2\/posts\/219367\/revisions\/219369"}],"wp:featuredmedia":[{"embeddable":true,"href":"https:\/\/diarioregionaldigital.com.br\/index.php?rest_route=\/wp\/v2\/media\/219368"}],"wp:attachment":[{"href":"https:\/\/diarioregionaldigital.com.br\/index.php?rest_route=%2Fwp%2Fv2%2Fmedia&parent=219367"}],"wp:term":[{"taxonomy":"category","embeddable":true,"href":"https:\/\/diarioregionaldigital.com.br\/index.php?rest_route=%2Fwp%2Fv2%2Fcategories&post=219367"},{"taxonomy":"post_tag","embeddable":true,"href":"https:\/\/diarioregionaldigital.com.br\/index.php?rest_route=%2Fwp%2Fv2%2Ftags&post=219367"}],"curies":[{"name":"wp","href":"https:\/\/api.w.org\/{rel}","templated":true}]}}