{"id":219361,"date":"2023-11-17T00:49:32","date_gmt":"2023-11-17T03:49:32","guid":{"rendered":"https:\/\/diarioregionaldigital.com.br\/?p=219361"},"modified":"2023-11-17T00:49:32","modified_gmt":"2023-11-17T03:49:32","slug":"governo-de-minas-anuncia-nova-fabrica-da-tamura-no-estado-que-vai-gerar-400-novos-empregos","status":"publish","type":"post","link":"https:\/\/diarioregionaldigital.com.br\/?p=219361","title":{"rendered":"Governo de Minas anuncia nova f\u00e1brica da Tamura no estado, que vai gerar 400 novos empregos"},"content":{"rendered":"<p>A fabricante de componentes eletr\u00f4nicos Tamura Corporation anunciou a implanta\u00e7\u00e3o de uma nova f\u00e1brica em Minas para produ\u00e7\u00e3o de transformadores de energia de m\u00e9dia e baixa tens\u00e3o. A confirma\u00e7\u00e3o do investimento foi feita em reuni\u00e3o na sede da companhia na cidade de Sakado, no Jap\u00e3o. Ao todo, ser\u00e3o gerados\u00a0400 novos empregos.<\/p>\n<p>Com isso, a Tamura, que j\u00e1 tem uma unidade em Santa Rita do Sapuca\u00ed, no Sul de Minas, vai mais que dobrar o n\u00famero de funcion\u00e1rios.\u00a0A empresa est\u00e1 em franca expans\u00e3o em Minas\u00a0e conta hoje com 330 funcion\u00e1rios, dos quais cem empregos foram gerados nos \u00faltimos 12 meses.<\/p>\n<p>\u201cEsse \u00e9 mais um caso de empresa que vai para Minas e, diante do sucesso alcan\u00e7ado, decide por ampliar suas unidades. Isso tem acontecido corriqueiramente. Se mostramos que somos competentes, um estado seguro e que apoia quem trabalha e produz, conseguimos ganhar a confian\u00e7a dos empres\u00e1rios e, assim, novos neg\u00f3cios s\u00e3o feitos, tanto por quem quer aumentar sua produ\u00e7\u00e3o em Minas, como quem se sente atra\u00eddo para vir para o estado pela primeira vez a partir do conhecimento do sucesso de outras empresas\u201d, destaca o governador Romeu Zema.<\/p>\n<p>\u201cO apoio do governo tem sido fundamental para alcan\u00e7armos esse crescimento. Nos \u00faltimos cinco anos, nossa empresa no Brasil cresceu 390%\u201d, afirmou o diretor executivo e CFO da Tamura, Yusaku Hashiguchi.<\/p>\n<p>\u201cSendo a Tamura Brasil uma companhia que tem apostado no sucesso de gest\u00e3o do governo mineiro ao longo dos anos, firma o compromisso na pretens\u00e3o de contemplar, em seu planejamento estrat\u00e9gico, o redirecionamento e o aumento da disponibiliza\u00e7\u00e3o dos recursos de investimentos necess\u00e1rios para a amplia\u00e7\u00e3o no fornecimento de produtos Tamura que atendam \u00e0s novas oportunidades de neg\u00f3cios que se apresentar\u00e3o no pr\u00f3ximos anos, refor\u00e7ando ainda mais essa parceria de sucesso e a rela\u00e7\u00e3o de confian\u00e7a com o estado de Minas Gerais\u201d, afirma o presidente da Tamura Brasil, Pedro Penga Sotana.<\/p>\n<p>Ele explicou que a ideia \u00e9, a partir da produ\u00e7\u00e3o em Minas, conseguir atender todo o territ\u00f3rio brasileiro com os transformadores que ser\u00e3o produzidos no estado. \u201cEsse \u00e9 s\u00f3 o primeiro passo. Queremos que, como ocorreu nos \u00faltimos anos, esse forte crescimento das empresas nos ajude a ampliar ainda mais nossas f\u00e1bricas\u201d, concluiu.<\/p>\n<p>O local onde ser\u00e1 instalada a nova f\u00e1brica ainda est\u00e1 sendo definido, porque depender\u00e1 da log\u00edstica, em fun\u00e7\u00e3o da entrega dos transformadores. Hoje, Minas n\u00e3o produz esse produto e todo material e as companhias de energia que atuam no estado precisam buscar fora ou importar. Com a f\u00e1brica no estado, o mercado de Minas ser\u00e1 atendido e a ideia \u00e9 passar a vender para todo o Brasil.<\/p>\n<p><span style=\"font-weight: 400;\">Fonte: Ag\u00eancia Minas <\/span><\/p>\n","protected":false},"excerpt":{"rendered":"<p>A fabricante de componentes eletr\u00f4nicos Tamura Corporation anunciou a implanta\u00e7\u00e3o de uma nova f\u00e1brica em Minas para produ\u00e7\u00e3o de transformadores de energia de m\u00e9dia e baixa tens\u00e3o. A confirma\u00e7\u00e3o do investimento foi feita em reuni\u00e3o na sede da companhia na cidade de Sakado, no Jap\u00e3o. Ao todo, ser\u00e3o gerados\u00a0400 novos empregos. Com isso, a Tamura, [&hellip;]<\/p>\n","protected":false},"author":246,"featured_media":219362,"comment_status":"closed","ping_status":"closed","sticky":false,"template":"","format":"standard","meta":{"footnotes":""},"categories":[436,261,439],"tags":[],"class_list":["post-219361","post","type-post","status-publish","format-standard","has-post-thumbnail","hentry","category-destaque-da-semana","category-economia","category-ultima-hora"],"_links":{"self":[{"href":"https:\/\/diarioregionaldigital.com.br\/index.php?rest_route=\/wp\/v2\/posts\/219361","targetHints":{"allow":["GET"]}}],"collection":[{"href":"https:\/\/diarioregionaldigital.com.br\/index.php?rest_route=\/wp\/v2\/posts"}],"about":[{"href":"https:\/\/diarioregionaldigital.com.br\/index.php?rest_route=\/wp\/v2\/types\/post"}],"author":[{"embeddable":true,"href":"https:\/\/diarioregionaldigital.com.br\/index.php?rest_route=\/wp\/v2\/users\/246"}],"replies":[{"embeddable":true,"href":"https:\/\/diarioregionaldigital.com.br\/index.php?rest_route=%2Fwp%2Fv2%2Fcomments&post=219361"}],"version-history":[{"count":1,"href":"https:\/\/diarioregionaldigital.com.br\/index.php?rest_route=\/wp\/v2\/posts\/219361\/revisions"}],"predecessor-version":[{"id":219363,"href":"https:\/\/diarioregionaldigital.com.br\/index.php?rest_route=\/wp\/v2\/posts\/219361\/revisions\/219363"}],"wp:featuredmedia":[{"embeddable":true,"href":"https:\/\/diarioregionaldigital.com.br\/index.php?rest_route=\/wp\/v2\/media\/219362"}],"wp:attachment":[{"href":"https:\/\/diarioregionaldigital.com.br\/index.php?rest_route=%2Fwp%2Fv2%2Fmedia&parent=219361"}],"wp:term":[{"taxonomy":"category","embeddable":true,"href":"https:\/\/diarioregionaldigital.com.br\/index.php?rest_route=%2Fwp%2Fv2%2Fcategories&post=219361"},{"taxonomy":"post_tag","embeddable":true,"href":"https:\/\/diarioregionaldigital.com.br\/index.php?rest_route=%2Fwp%2Fv2%2Ftags&post=219361"}],"curies":[{"name":"wp","href":"https:\/\/api.w.org\/{rel}","templated":true}]}}