{"id":219341,"date":"2023-11-15T01:19:01","date_gmt":"2023-11-15T04:19:01","guid":{"rendered":"https:\/\/diarioregionaldigital.com.br\/?p=219341"},"modified":"2023-11-15T01:19:01","modified_gmt":"2023-11-15T04:19:01","slug":"brasileiros-realizam-primeiros-treinos-para-os-parapan-americanos","status":"publish","type":"post","link":"https:\/\/diarioregionaldigital.com.br\/?p=219341","title":{"rendered":"Brasileiros realizam primeiros treinos para os Parapan-Americanos"},"content":{"rendered":"<p>Os primeiros atletas brasileiros a chegarem a Santiago (Chile) para a disputa dos Jogos Parapan-Americanos j\u00e1 come\u00e7aram a treinar, nesta ter\u00e7a-feira (14), para o megaevento esportivo, que ser\u00e1 disputado entre os dias 17 e 26 de novembro.<img decoding=\"async\" src=\"https:\/\/agenciabrasil.ebc.com.br\/ebc.png?id=1566641&amp;o=node\" \/><img decoding=\"async\" src=\"https:\/\/agenciabrasil.ebc.com.br\/ebc.gif?id=1566641&amp;o=node\" \/><\/p>\n<p>Dono de tr\u00eas medalhas de ouro na \u00faltima edi\u00e7\u00e3o do Mundial de nata\u00e7\u00e3o paral\u00edmpica, disputado em Manchester, o nadador mineiro Gabriel Ara\u00fajo, da classe S2 (limita\u00e7\u00e3o f\u00edsico-motora), j\u00e1 realizou seu primeiro treino: \u201cGostei muito da \u00e1gua e de toda a estrutura que tivemos acesso. Ainda n\u00e3o nadei no local de competi\u00e7\u00e3o, mas, pelos treinos, acredito que consiga ser bem r\u00e1pido durante o Parapan\u201d.<\/p>\n<p>Quem tamb\u00e9m j\u00e1 come\u00e7ou a se exercitar na sede do Parapan \u00e9 a mesatenista carioca Sophia Kelmer, de apenas 15 anos: \u201cEstou muito feliz por competir no meu primeiro Parapan. \u00c9 uma sensa\u00e7\u00e3o incr\u00edvel. As impress\u00f5es iniciais s\u00e3o as melhores poss\u00edveis. Vou dar o meu m\u00e1ximo para levar resultados positivos para o Brasil\u201d.<\/p>\n<p>As primeiras equipes do Brasil a entrarem na Vila foram as da nata\u00e7\u00e3o, do t\u00eanis de mesa e do basquete em cadeira de rodas. Nesta ter\u00e7a s\u00e3o esperadas as chegadas dos atletas de bocha, ciclismo, t\u00eanis em cadeira de rodas, jud\u00f4 e tiro com arco. A delega\u00e7\u00e3o brasileira na competi\u00e7\u00e3o contar\u00e1 com 324 atletas.<\/p>\n<p><span style=\"font-weight: 400;\">Fonte: Ag\u00eancia Brasil <\/span><\/p>\n","protected":false},"excerpt":{"rendered":"<p>Os primeiros atletas brasileiros a chegarem a Santiago (Chile) para a disputa dos Jogos Parapan-Americanos j\u00e1 come\u00e7aram a treinar, nesta ter\u00e7a-feira (14), para o megaevento esportivo, que ser\u00e1 disputado entre os dias 17 e 26 de novembro. Dono de tr\u00eas medalhas de ouro na \u00faltima edi\u00e7\u00e3o do Mundial de nata\u00e7\u00e3o paral\u00edmpica, disputado em Manchester, o [&hellip;]<\/p>\n","protected":false},"author":246,"featured_media":219342,"comment_status":"closed","ping_status":"closed","sticky":false,"template":"","format":"standard","meta":{"footnotes":""},"categories":[436,257,439],"tags":[],"class_list":["post-219341","post","type-post","status-publish","format-standard","has-post-thumbnail","hentry","category-destaque-da-semana","category-esporte","category-ultima-hora"],"_links":{"self":[{"href":"https:\/\/diarioregionaldigital.com.br\/index.php?rest_route=\/wp\/v2\/posts\/219341","targetHints":{"allow":["GET"]}}],"collection":[{"href":"https:\/\/diarioregionaldigital.com.br\/index.php?rest_route=\/wp\/v2\/posts"}],"about":[{"href":"https:\/\/diarioregionaldigital.com.br\/index.php?rest_route=\/wp\/v2\/types\/post"}],"author":[{"embeddable":true,"href":"https:\/\/diarioregionaldigital.com.br\/index.php?rest_route=\/wp\/v2\/users\/246"}],"replies":[{"embeddable":true,"href":"https:\/\/diarioregionaldigital.com.br\/index.php?rest_route=%2Fwp%2Fv2%2Fcomments&post=219341"}],"version-history":[{"count":1,"href":"https:\/\/diarioregionaldigital.com.br\/index.php?rest_route=\/wp\/v2\/posts\/219341\/revisions"}],"predecessor-version":[{"id":219343,"href":"https:\/\/diarioregionaldigital.com.br\/index.php?rest_route=\/wp\/v2\/posts\/219341\/revisions\/219343"}],"wp:featuredmedia":[{"embeddable":true,"href":"https:\/\/diarioregionaldigital.com.br\/index.php?rest_route=\/wp\/v2\/media\/219342"}],"wp:attachment":[{"href":"https:\/\/diarioregionaldigital.com.br\/index.php?rest_route=%2Fwp%2Fv2%2Fmedia&parent=219341"}],"wp:term":[{"taxonomy":"category","embeddable":true,"href":"https:\/\/diarioregionaldigital.com.br\/index.php?rest_route=%2Fwp%2Fv2%2Fcategories&post=219341"},{"taxonomy":"post_tag","embeddable":true,"href":"https:\/\/diarioregionaldigital.com.br\/index.php?rest_route=%2Fwp%2Fv2%2Ftags&post=219341"}],"curies":[{"name":"wp","href":"https:\/\/api.w.org\/{rel}","templated":true}]}}