{"id":219327,"date":"2023-11-15T00:23:01","date_gmt":"2023-11-15T03:23:01","guid":{"rendered":"https:\/\/diarioregionaldigital.com.br\/?p=219327"},"modified":"2023-11-15T00:23:01","modified_gmt":"2023-11-15T03:23:01","slug":"revisao-da-meta-sera-avaliada-no-momento-certo-afirma-tebet","status":"publish","type":"post","link":"https:\/\/diarioregionaldigital.com.br\/?p=219327","title":{"rendered":"Revis\u00e3o da meta ser\u00e1 avaliada no momento certo, afirma Tebet"},"content":{"rendered":"<p>Uma eventual revis\u00e3o da meta de d\u00e9ficit prim\u00e1rio zero para 2024 n\u00e3o est\u00e1 em discuss\u00e3o na equipe econ\u00f4mica, disse nesta ter\u00e7a-feira (14) a ministra do Planejamento, Simone Tebet. Segundo ela, cabe ao relator do projeto da Lei de Diretrizes Or\u00e7ament\u00e1rias (LDO), deputado Danilo Forte (Uni\u00e3o Brasil-CE), abordar o tema \u201cno momento certo\u201d.<img decoding=\"async\" src=\"https:\/\/agenciabrasil.ebc.com.br\/ebc.png?id=1566566&amp;o=node\" \/><img decoding=\"async\" src=\"https:\/\/agenciabrasil.ebc.com.br\/ebc.gif?id=1566566&amp;o=node\" \/><\/p>\n<p>A ministra foi perguntada sobre duas emendas apresentadas pelo deputado Lindbergh Farias (PT-RJ) ao projeto da LDO de 2024. Uma delas altera\u00a0a meta para d\u00e9ficit de 0,75% do Produto Interno Bruto (PIB). A outra muda a meta para d\u00e9ficit de 1%.<\/p>\n<p>\u201cCada parlamentar tem o direito. N\u00e3o s\u00f3 de colocar uma meta de -1%, -0,75%, como de colocar uma meta de super\u00e1vit 0,25%. O relator [deputado Danilo Forte] provavelmente vai nos ouvir, saber de dados, de informa\u00e7\u00f5es da equipe t\u00e9cnica. Ele tem conversado conosco, perguntando, vindo atr\u00e1s de informa\u00e7\u00f5es e n\u00fameros t\u00e9cnicos para embasar seu relat\u00f3rio. No momento certo, ele vai ponderar se vai mexer na meta ou n\u00e3o\u201d, declarou Tebet. Ela se reuniu nesta tarde com os ministros da Fazenda, Fernando Haddad, e da Gest\u00e3o e Inova\u00e7\u00e3o em Servi\u00e7os P\u00fablicos, Esther Dweck, no Minist\u00e9rio da Fazenda.<\/p>\n<p>At\u00e9 sexta-feira (17), os parlamentares poder\u00e3o apresentar emendas \u00e0 LDO, cujo<a href=\"https:\/\/agenciabrasil.ebc.com.br\/economia\/noticia\/2023-11\/comissao-mista-aprova-relatorio-preliminar-da-ldo-com-deficit-zero\" target=\"_blank\" rel=\"noopener\">\u00a0relat\u00f3rio preliminar foi aprovado\u00a0<\/a>com meta de d\u00e9ficit prim\u00e1rio zero no \u00faltimo dia 7. O prazo, no entanto, pode ser prorrogado at\u00e9 segunda-feira (20).<\/p>\n<p>Segundo Tebet, a mudan\u00e7a da meta n\u00e3o foi sequer discutida dentro da equipe econ\u00f4mica. \u201cN\u00e3o posso falar em nome da equipe econ\u00f4mica, at\u00e9 porque n\u00e3o discutimos ainda essa possibilidade de mudan\u00e7a de meta ou n\u00e3o. N\u00f3s temos esse prazo ainda, at\u00e9 sexta-feira ou at\u00e9 segunda-feira, a possibilidade de ser estendida a apresenta\u00e7\u00e3o de emendas. N\u00e3o sei se seremos convocados [pela Comiss\u00e3o Mista de Or\u00e7amento] para discutir a quest\u00e3o da meta\u201d, declarou a ministra.<\/p>\n<h2>Relat\u00f3rio<\/h2>\n<p>O encontro, explicaram Tebet e Dweck, teve como objetivo discutir as estimativas de receita para o pr\u00f3ximo Relat\u00f3rio Bimestral de Avalia\u00e7\u00e3o de Receitas e Despesas, documento que orienta a execu\u00e7\u00e3o do Or\u00e7amento e ser\u00e1 apresentado no pr\u00f3ximo dia 22. A ministra Tebet n\u00e3o adiantou detalhes sobre a necessidade de um novo contingenciamento (bloqueio tempor\u00e1rio de verbas) no pr\u00f3ximo relat\u00f3rio. Apenas disse que o governo busca aprovar cinco medidas antes do fim do ano para elevar as receitas.<\/p>\n<p>As cinco medidas citadas por ela s\u00e3o reforma tribut\u00e1ria, taxa\u00e7\u00e3o dos fundos exclusivos e das\u00a0<em>offshores<\/em>\u00a0(empresas de investimentos no exterior), mudan\u00e7as ou fim dos juros sobre capital pr\u00f3prio (JCP), restri\u00e7\u00e3o das subven\u00e7\u00f5es (ajudas financeiras) de ICMS e regula\u00e7\u00e3o das apostas esportivas. Exceto a reforma tribut\u00e1ria, que s\u00f3 ter\u00e1 impacto no m\u00e9dio prazo, as demais medidas ter\u00e3o consequ\u00eancias em 2024, com possibilidade de alguma eleva\u00e7\u00e3o da receita em 2023.<\/p>\n<p>Tebet tamb\u00e9m se disse confiante de que o Supremo Tribunal Federal (STF) tome uma decis\u00e3o, antes do fim do ano, sobre a proposta do governo para quitar o passivo dos precat\u00f3rios (d\u00edvidas do governo com senten\u00e7a judicial definitiva). \u201cEstamos otimistas. Se deixarmos o passivo se prolongar, estamos falando de tr\u00eas d\u00edgitos de estoque da d\u00edvida\u201d, declarou.<\/p>\n<p>Promulgada no fim de 2021, a Emenda Constitucional dos Precat\u00f3rios permitiu o parcelamento de d\u00edvidas de grande valor. O passivo est\u00e1 acumulado em R$ 95 bilh\u00f5es, mas pode chegar a R$ 250 bilh\u00f5es at\u00e9 2027.<\/p>\n<h2>Estatais<\/h2>\n<p>A ministra Esther Dweck explicou a possiblidade de o Tesouro Nacional assumir o preju\u00edzo de estatais neste ano. Segundo ela, isso ocorre porque a privatiza\u00e7\u00e3o de quase todo o grupo Eletrobras, no ano passado, retirou uma estatal lucrativa das metas fiscais. Restaram as estatais de energia nuclear e a binacional Itaipu, que n\u00e3o podem ser privatizadas porque a Constitui\u00e7\u00e3o pro\u00edbe.<\/p>\n<p>A compensa\u00e7\u00e3o pela Uni\u00e3o de preju\u00edzos de estatais n\u00e3o ocorre desde 2015. Em setembro, o Relat\u00f3rio de Avalia\u00e7\u00e3o de Receitas e Despesas tinha projetado preju\u00edzo de R$ 5,6 bilh\u00f5es para as estatais em 2023, acima da meta de preju\u00edzo de R$ 3 bilh\u00f5es. Caso o resultado negativo fique maior que a meta, caber\u00e1 ao Tesouro compensar a diferen\u00e7a, contingenciando (bloqueando) recursos.<\/p>\n<p><span style=\"font-weight: 400;\">Fonte: Ag\u00eancia Brasil\u00a0<\/span><span style=\"font-weight: 400;\"><br \/>\n<\/span><\/p>\n","protected":false},"excerpt":{"rendered":"<p>Uma eventual revis\u00e3o da meta de d\u00e9ficit prim\u00e1rio zero para 2024 n\u00e3o est\u00e1 em discuss\u00e3o na equipe econ\u00f4mica, disse nesta ter\u00e7a-feira (14) a ministra do Planejamento, Simone Tebet. Segundo ela, cabe ao relator do projeto da Lei de Diretrizes Or\u00e7ament\u00e1rias (LDO), deputado Danilo Forte (Uni\u00e3o Brasil-CE), abordar o tema \u201cno momento certo\u201d. A ministra foi [&hellip;]<\/p>\n","protected":false},"author":246,"featured_media":219328,"comment_status":"closed","ping_status":"closed","sticky":false,"template":"","format":"standard","meta":{"footnotes":""},"categories":[436,261,439],"tags":[],"class_list":["post-219327","post","type-post","status-publish","format-standard","has-post-thumbnail","hentry","category-destaque-da-semana","category-economia","category-ultima-hora"],"_links":{"self":[{"href":"https:\/\/diarioregionaldigital.com.br\/index.php?rest_route=\/wp\/v2\/posts\/219327","targetHints":{"allow":["GET"]}}],"collection":[{"href":"https:\/\/diarioregionaldigital.com.br\/index.php?rest_route=\/wp\/v2\/posts"}],"about":[{"href":"https:\/\/diarioregionaldigital.com.br\/index.php?rest_route=\/wp\/v2\/types\/post"}],"author":[{"embeddable":true,"href":"https:\/\/diarioregionaldigital.com.br\/index.php?rest_route=\/wp\/v2\/users\/246"}],"replies":[{"embeddable":true,"href":"https:\/\/diarioregionaldigital.com.br\/index.php?rest_route=%2Fwp%2Fv2%2Fcomments&post=219327"}],"version-history":[{"count":1,"href":"https:\/\/diarioregionaldigital.com.br\/index.php?rest_route=\/wp\/v2\/posts\/219327\/revisions"}],"predecessor-version":[{"id":219329,"href":"https:\/\/diarioregionaldigital.com.br\/index.php?rest_route=\/wp\/v2\/posts\/219327\/revisions\/219329"}],"wp:featuredmedia":[{"embeddable":true,"href":"https:\/\/diarioregionaldigital.com.br\/index.php?rest_route=\/wp\/v2\/media\/219328"}],"wp:attachment":[{"href":"https:\/\/diarioregionaldigital.com.br\/index.php?rest_route=%2Fwp%2Fv2%2Fmedia&parent=219327"}],"wp:term":[{"taxonomy":"category","embeddable":true,"href":"https:\/\/diarioregionaldigital.com.br\/index.php?rest_route=%2Fwp%2Fv2%2Fcategories&post=219327"},{"taxonomy":"post_tag","embeddable":true,"href":"https:\/\/diarioregionaldigital.com.br\/index.php?rest_route=%2Fwp%2Fv2%2Ftags&post=219327"}],"curies":[{"name":"wp","href":"https:\/\/api.w.org\/{rel}","templated":true}]}}