{"id":219317,"date":"2023-11-14T02:48:19","date_gmt":"2023-11-14T05:48:19","guid":{"rendered":"https:\/\/diarioregionaldigital.com.br\/?p=219317"},"modified":"2023-12-08T20:41:35","modified_gmt":"2023-12-08T23:41:35","slug":"juiz-de-fora-operacao-virtude-apura-violencia-contra-idosos","status":"publish","type":"post","link":"https:\/\/diarioregionaldigital.com.br\/?p=219317","title":{"rendered":"Juiz de Fora: opera\u00e7\u00e3o Virtude apura viol\u00eancia contra idosos"},"content":{"rendered":"<p>A Pol\u00edcia Civil de Minas Gerais (PCMG) desencadeou a opera\u00e7\u00e3o Virtude, para apura\u00e7\u00e3o de den\u00fancias de viol\u00eancia contra idosos em diversos bairros de Juiz de Fora, na Zona da Mata.<\/p>\n<p>O N\u00facleo de Atendimento ao Idoso (NAI), de Juiz de Fora, que atua diante de crimes previstos no Estatuto do Idoso, cumpriu, entre os dias 4 e 8 de novembro, dilig\u00eancias para apura\u00e7\u00e3o de 19 den\u00fancias obtidas por meio do Disque Den\u00fancia Unificado (DDU), do Disque 100, do Minist\u00e9rio dos Direitos Humanos e da Cidadania e da Ouvidoria Nacional de Direitos Humanos. Foram realizadas checagens, abordagens e visitas tranquilizadoras.<\/p>\n<p>Durante os trabalhos, n\u00e3o foi verificado nenhum crime em flagrante.<\/p>\n<p>Neste m\u00eas de novembro o NAI realizou cerca de 90 atendimentos, desde registro de ocorr\u00eancias de viola\u00e7\u00f5es dos direitos da pessoa idosa at\u00e9 o encaminhamento ao servi\u00e7o de psicologia, prestado na sede da unidade por estagi\u00e1rios que auxiliam as v\u00edtimas e familiares envolvidos em ocorr\u00eancias que n\u00e3o demandam abertura de inqu\u00e9rito policial.<br \/>\nO NAI funciona no 2\u00ba piso do Santa Cruz Shopping, na rua Jarbas de Lery Santos, 1655 \u2013 Centro, de segunda \u00e0 sexta-feira, das\u00a09\u00a0\u00e0s\u00a017\u00a0horas.<\/p>\n","protected":false},"excerpt":{"rendered":"<p>A Pol\u00edcia Civil de Minas Gerais (PCMG) desencadeou a opera\u00e7\u00e3o Virtude, para apura\u00e7\u00e3o de den\u00fancias de viol\u00eancia contra idosos em diversos bairros de Juiz de Fora, na Zona da Mata. O N\u00facleo de Atendimento ao Idoso (NAI), de Juiz de Fora, que atua diante de crimes previstos no Estatuto do Idoso, cumpriu, entre os dias [&hellip;]<\/p>\n","protected":false},"author":246,"featured_media":219318,"comment_status":"closed","ping_status":"closed","sticky":false,"template":"","format":"standard","meta":{"footnotes":""},"categories":[301,439],"tags":[],"class_list":["post-219317","post","type-post","status-publish","format-standard","has-post-thumbnail","hentry","category-artigos-policiais","category-ultima-hora"],"_links":{"self":[{"href":"https:\/\/diarioregionaldigital.com.br\/index.php?rest_route=\/wp\/v2\/posts\/219317","targetHints":{"allow":["GET"]}}],"collection":[{"href":"https:\/\/diarioregionaldigital.com.br\/index.php?rest_route=\/wp\/v2\/posts"}],"about":[{"href":"https:\/\/diarioregionaldigital.com.br\/index.php?rest_route=\/wp\/v2\/types\/post"}],"author":[{"embeddable":true,"href":"https:\/\/diarioregionaldigital.com.br\/index.php?rest_route=\/wp\/v2\/users\/246"}],"replies":[{"embeddable":true,"href":"https:\/\/diarioregionaldigital.com.br\/index.php?rest_route=%2Fwp%2Fv2%2Fcomments&post=219317"}],"version-history":[{"count":2,"href":"https:\/\/diarioregionaldigital.com.br\/index.php?rest_route=\/wp\/v2\/posts\/219317\/revisions"}],"predecessor-version":[{"id":219883,"href":"https:\/\/diarioregionaldigital.com.br\/index.php?rest_route=\/wp\/v2\/posts\/219317\/revisions\/219883"}],"wp:featuredmedia":[{"embeddable":true,"href":"https:\/\/diarioregionaldigital.com.br\/index.php?rest_route=\/wp\/v2\/media\/219318"}],"wp:attachment":[{"href":"https:\/\/diarioregionaldigital.com.br\/index.php?rest_route=%2Fwp%2Fv2%2Fmedia&parent=219317"}],"wp:term":[{"taxonomy":"category","embeddable":true,"href":"https:\/\/diarioregionaldigital.com.br\/index.php?rest_route=%2Fwp%2Fv2%2Fcategories&post=219317"},{"taxonomy":"post_tag","embeddable":true,"href":"https:\/\/diarioregionaldigital.com.br\/index.php?rest_route=%2Fwp%2Fv2%2Ftags&post=219317"}],"curies":[{"name":"wp","href":"https:\/\/api.w.org\/{rel}","templated":true}]}}