{"id":219310,"date":"2023-11-14T02:36:46","date_gmt":"2023-11-14T05:36:46","guid":{"rendered":"https:\/\/diarioregionaldigital.com.br\/?p=219310"},"modified":"2023-11-14T02:39:37","modified_gmt":"2023-11-14T05:39:37","slug":"juiz-de-fora-dobra-o-numero-de-abertura-de-novas-empresas-no-mes-de-outubro","status":"publish","type":"post","link":"https:\/\/diarioregionaldigital.com.br\/?p=219310","title":{"rendered":"Juiz de Fora dobra o n\u00famero de abertura de novas empresas no m\u00eas de outubro"},"content":{"rendered":"<p><span style=\"font-weight: 400;\">Segundo informa\u00e7\u00f5es do site da Prefeitura de Juiz de Fora (PJF), <\/span>Juiz de Fora registrou 275 formaliza\u00e7\u00f5es de empresas realizadas ao longo do m\u00eas de outubro, um aumento de mais de 100% comparado ao m\u00eas anterior, quando foram feitas 135 aberturas de novos neg\u00f3cios. O resultado foi divulgado pela Junta Comercial do Estado de Minas Gerais, na \u00faltima semana.<\/p>\n<div id=\"box_texto_noticia\">\n<p>O n\u00famero de formaliza\u00e7\u00f5es considera apenas matrizes, desconsiderando filiais e microempreendedores individuais. O coordenador da Sala do Empreendedor, Jo\u00e3o Paulo Xavier Pires, destaca que o resultado demonstra o reaquecimento da economia, com boas expectativas para o per\u00edodo do final do ano.<\/p>\n<p><strong>Veja o ranking em anexo.<\/strong><\/p>\n<\/div>\n<p><span style=\"font-weight: 400;\">\u00a0<\/span><\/p>\n<div class=\"texto_anexo\"><img loading=\"lazy\" decoding=\"async\" src=\"https:\/\/www.pjf.mg.gov.br\/imagens\/clips.jpg\" width=\"22\" height=\"20\" \/>\u00a0<a href=\"https:\/\/www.pjf.mg.gov.br\/noticias\/anexo\/Ranking2023.pdf\" target=\"_blank\" rel=\"noopener\">Veja o anexo<\/a><\/div>\n","protected":false},"excerpt":{"rendered":"<p>Segundo informa\u00e7\u00f5es do site da Prefeitura de Juiz de Fora (PJF), Juiz de Fora registrou 275 formaliza\u00e7\u00f5es de empresas realizadas ao longo do m\u00eas de outubro, um aumento de mais de 100% comparado ao m\u00eas anterior, quando foram feitas 135 aberturas de novos neg\u00f3cios. O resultado foi divulgado pela Junta Comercial do Estado de Minas [&hellip;]<\/p>\n","protected":false},"author":246,"featured_media":219316,"comment_status":"closed","ping_status":"closed","sticky":false,"template":"","format":"standard","meta":{"footnotes":""},"categories":[253,436,440,439],"tags":[],"class_list":["post-219310","post","type-post","status-publish","format-standard","has-post-thumbnail","hentry","category-cidade","category-destaque-da-semana","category-destaques-do-dia","category-ultima-hora"],"_links":{"self":[{"href":"https:\/\/diarioregionaldigital.com.br\/index.php?rest_route=\/wp\/v2\/posts\/219310","targetHints":{"allow":["GET"]}}],"collection":[{"href":"https:\/\/diarioregionaldigital.com.br\/index.php?rest_route=\/wp\/v2\/posts"}],"about":[{"href":"https:\/\/diarioregionaldigital.com.br\/index.php?rest_route=\/wp\/v2\/types\/post"}],"author":[{"embeddable":true,"href":"https:\/\/diarioregionaldigital.com.br\/index.php?rest_route=\/wp\/v2\/users\/246"}],"replies":[{"embeddable":true,"href":"https:\/\/diarioregionaldigital.com.br\/index.php?rest_route=%2Fwp%2Fv2%2Fcomments&post=219310"}],"version-history":[{"count":1,"href":"https:\/\/diarioregionaldigital.com.br\/index.php?rest_route=\/wp\/v2\/posts\/219310\/revisions"}],"predecessor-version":[{"id":219312,"href":"https:\/\/diarioregionaldigital.com.br\/index.php?rest_route=\/wp\/v2\/posts\/219310\/revisions\/219312"}],"wp:featuredmedia":[{"embeddable":true,"href":"https:\/\/diarioregionaldigital.com.br\/index.php?rest_route=\/wp\/v2\/media\/219316"}],"wp:attachment":[{"href":"https:\/\/diarioregionaldigital.com.br\/index.php?rest_route=%2Fwp%2Fv2%2Fmedia&parent=219310"}],"wp:term":[{"taxonomy":"category","embeddable":true,"href":"https:\/\/diarioregionaldigital.com.br\/index.php?rest_route=%2Fwp%2Fv2%2Fcategories&post=219310"},{"taxonomy":"post_tag","embeddable":true,"href":"https:\/\/diarioregionaldigital.com.br\/index.php?rest_route=%2Fwp%2Fv2%2Ftags&post=219310"}],"curies":[{"name":"wp","href":"https:\/\/api.w.org\/{rel}","templated":true}]}}