{"id":219307,"date":"2023-11-14T02:21:16","date_gmt":"2023-11-14T05:21:16","guid":{"rendered":"https:\/\/diarioregionaldigital.com.br\/?p=219307"},"modified":"2023-11-14T02:21:16","modified_gmt":"2023-11-14T05:21:16","slug":"circuito-brasileiro-de-skate-coroa-campeoes-em-recife","status":"publish","type":"post","link":"https:\/\/diarioregionaldigital.com.br\/?p=219307","title":{"rendered":"Circuito Brasileiro de Skate coroa campe\u00f5es em Recife"},"content":{"rendered":"<p>A edi\u00e7\u00e3o 2023 do STU National (Circuito Brasileiro de Skate) chegou ao final em Recife (Pernambuco) no \u00faltimo domingo (12) com a coroa\u00e7\u00e3o de Augusto Akio e de Isadora Pacheco no park e de P\u00e2mela Rosa e de Lucas Rabelo no street.<img decoding=\"async\" src=\"https:\/\/agenciabrasil.ebc.com.br\/ebc.png?id=1566313&amp;o=node\" \/><img decoding=\"async\" src=\"https:\/\/agenciabrasil.ebc.com.br\/ebc.gif?id=1566313&amp;o=node\" \/><\/p>\n<p>A primeira final realizada, sob um intenso calor (com a pista chegando a apontar 53 graus), foi a do park. A decis\u00e3o do masculino se concentrou em Kalani Konig e em Augusto Akio. Em Recife, Konig garantiu a etapa e Akio ficou com o t\u00edtulo nacional. \u201cQuem saiu vencedor daqui hoje foi o p\u00fablico pernambucano, que se entregou, viveu o skateboard da melhor forma poss\u00edvel e teve uma experi\u00eancia \u00fanica. Sem falar, \u00e9 claro, do skate apresentado aqui hoje. O n\u00edvel foi muito alto, com muitos skatistas jovens se destacando\u201d, afirmou o campe\u00e3o.<\/p>\n<p>J\u00e1 na prova feminina Isadora Pacheco garantiu tanto a conquista da etapa pernambucana como o t\u00edtulo nacional. \u201cVim para c\u00e1 em primeiro lugar no ranking e com o objetivo de ser campe\u00e3 brasileira, mas acabou sendo mais do que isso. Ganhei a etapa tamb\u00e9m. \u00c9 inexplic\u00e1vel\u201d, comemorou a campe\u00e3.<\/p>\n<p>No street as conquistas foram de dois medalhistas pan-americanos. Lucas Rabelo, que garantiu o ouro em Santiago (Chile), venceu tanto a etapa pernambucana como o t\u00edtulo nacional. Na disputa feminina P\u00e2mela Rosa foi o grande destaque, vencendo tanto a etapa de Recife como o circuito nacional.<\/p>\n<p>\u201cPrimeiro quero agradecer \u00e0 torcida. Que festa! Realmente, me senti em casa. Meus familiares aqui de Pernambuco estavam em peso aqui e \u00e9 muito gratificante vencer ao lado deles aqui no Recife. Foram dias incr\u00edveis, momentos que jamais vou esquecer\u201d, declarou a brasileira, que garantiu a prata no Pan.<\/p>\n<p><span style=\"font-weight: 400;\">Fonte: Ag\u00eancia Brasil\u00a0<\/span><span style=\"font-weight: 400;\"><br \/>\n<\/span><\/p>\n","protected":false},"excerpt":{"rendered":"<p>A edi\u00e7\u00e3o 2023 do STU National (Circuito Brasileiro de Skate) chegou ao final em Recife (Pernambuco) no \u00faltimo domingo (12) com a coroa\u00e7\u00e3o de Augusto Akio e de Isadora Pacheco no park e de P\u00e2mela Rosa e de Lucas Rabelo no street. A primeira final realizada, sob um intenso calor (com a pista chegando a [&hellip;]<\/p>\n","protected":false},"author":246,"featured_media":219308,"comment_status":"closed","ping_status":"closed","sticky":false,"template":"","format":"standard","meta":{"footnotes":""},"categories":[436,257,439],"tags":[],"class_list":["post-219307","post","type-post","status-publish","format-standard","has-post-thumbnail","hentry","category-destaque-da-semana","category-esporte","category-ultima-hora"],"_links":{"self":[{"href":"https:\/\/diarioregionaldigital.com.br\/index.php?rest_route=\/wp\/v2\/posts\/219307","targetHints":{"allow":["GET"]}}],"collection":[{"href":"https:\/\/diarioregionaldigital.com.br\/index.php?rest_route=\/wp\/v2\/posts"}],"about":[{"href":"https:\/\/diarioregionaldigital.com.br\/index.php?rest_route=\/wp\/v2\/types\/post"}],"author":[{"embeddable":true,"href":"https:\/\/diarioregionaldigital.com.br\/index.php?rest_route=\/wp\/v2\/users\/246"}],"replies":[{"embeddable":true,"href":"https:\/\/diarioregionaldigital.com.br\/index.php?rest_route=%2Fwp%2Fv2%2Fcomments&post=219307"}],"version-history":[{"count":1,"href":"https:\/\/diarioregionaldigital.com.br\/index.php?rest_route=\/wp\/v2\/posts\/219307\/revisions"}],"predecessor-version":[{"id":219309,"href":"https:\/\/diarioregionaldigital.com.br\/index.php?rest_route=\/wp\/v2\/posts\/219307\/revisions\/219309"}],"wp:featuredmedia":[{"embeddable":true,"href":"https:\/\/diarioregionaldigital.com.br\/index.php?rest_route=\/wp\/v2\/media\/219308"}],"wp:attachment":[{"href":"https:\/\/diarioregionaldigital.com.br\/index.php?rest_route=%2Fwp%2Fv2%2Fmedia&parent=219307"}],"wp:term":[{"taxonomy":"category","embeddable":true,"href":"https:\/\/diarioregionaldigital.com.br\/index.php?rest_route=%2Fwp%2Fv2%2Fcategories&post=219307"},{"taxonomy":"post_tag","embeddable":true,"href":"https:\/\/diarioregionaldigital.com.br\/index.php?rest_route=%2Fwp%2Fv2%2Ftags&post=219307"}],"curies":[{"name":"wp","href":"https:\/\/api.w.org\/{rel}","templated":true}]}}