{"id":219301,"date":"2023-11-14T01:48:51","date_gmt":"2023-11-14T04:48:51","guid":{"rendered":"https:\/\/diarioregionaldigital.com.br\/?p=219301"},"modified":"2023-11-14T01:48:51","modified_gmt":"2023-11-14T04:48:51","slug":"minas-gerais-tem-70-das-unidades-prisionais-com-bibliotecas-em-funcionamento","status":"publish","type":"post","link":"https:\/\/diarioregionaldigital.com.br\/?p=219301","title":{"rendered":"Minas Gerais tem 70% das unidades prisionais com bibliotecas em funcionamento"},"content":{"rendered":"<p>O Governo de Minas Gerais investe na educa\u00e7\u00e3o e acredita no poder transformador da leitura, mesmo em lugares onde muitos perderam as esperan\u00e7as de um futuro melhor. Das 172 unidades prisionais do estado, entre as administradas pela Secretaria de Estado de Justi\u00e7a e Seguran\u00e7a P\u00fablica (Sejusp), 122 possuem bibliotecas, o que representa 70% do total. Em 77 delas, distribu\u00eddas em diversas regi\u00f5es do estado, h\u00e1 projetos de remi\u00e7\u00e3o de pena pela leitura, em conformidade com resolu\u00e7\u00e3o federal.<\/p>\n<p>As unidades prisionais de Minas Gerais dotadas de biblioteca t\u00eam autonomia para realizar a movimenta\u00e7\u00e3o do acervo.<\/p>\n<p>Os livros s\u00e3o disponibilizados \u00e0s pessoas privadas de liberdade, independentemente da vincula\u00e7\u00e3o com os projetos de remi\u00e7\u00e3o pela leitura, como proposta de fomento ao h\u00e1bito de ler.<\/p>\n<p>As bibliotecas s\u00e3o, majoritariamente, administradas pelas escolas da Secretaria Estadual de Educa\u00e7\u00e3o (SEE). Elas funcionam dentro das unidades prisionais, em regime de colabora\u00e7\u00e3o e coopera\u00e7\u00e3o, e tamb\u00e9m podem contar com o apoio de institui\u00e7\u00f5es parceiras.<\/p>\n<p>Impacto<\/p>\n<p>Para a diretora de Ensino e Profissionaliza\u00e7\u00e3o do Departamento Penitenci\u00e1rio de Minas Gerais (Depen-MG), Maristela Pessoa, a leitura tem o potencial de transformar qualquer indiv\u00edduo que se permita ser impactado pela pr\u00e1tica.<\/p>\n<p>\u201c\u00c9 indiscut\u00edvel a cria\u00e7\u00e3o de novos cen\u00e1rios, o aumento da criticidade, a autonomia para a constru\u00e7\u00e3o de novos saberes. Para a pessoa reclusa, a melhora no comportamento social \u00e9 tamb\u00e9m um alcance, al\u00e9m da contribui\u00e7\u00e3o para a redu\u00e7\u00e3o da reincid\u00eancia. N\u00e3o h\u00e1 barreiras f\u00edsicas para aqueles que se dedicam \u00e0 leitura\u201d, avalia a diretora.<\/p>\n<p>Mais livros<\/p>\n<p>Para renovar e ampliar os acervos das bibliotecas, o Depen-MG conta com a ajuda de doa\u00e7\u00f5es de pessoas f\u00edsicas e jur\u00eddicas.<\/p>\n<p>A mais recente doa\u00e7\u00e3o de livros ocorreu em 8\/11, para o Pres\u00eddio de Vespasiano, na Regi\u00e3o Metropolitana de Belo Horizonte (RMBH).<\/p>\n<p>A unidade recebeu aproximadamente 1,7 mil livros de literatura brasileira e estrangeira, por meio de campanha promovida pela Biblioteca do Tribunal Regional do Trabalho (TRT) da 3\u00aa Regi\u00e3o \u2013 Escola Judicial.<\/p>\n<p>A doa\u00e7\u00e3o \u00e9 fruto da campanha anual \u201cSolidariedade Liter\u00e1ria\u201d, realizada pela institui\u00e7\u00e3o e voltada ao atendimento de grupos vulner\u00e1veis.<\/p>\n<p>&#8220;A Justi\u00e7a nada mais \u00e9 que uma express\u00e3o da sociedade, ela pertence \u00e0 sociedade. Por isso n\u00f3s estamos aqui para nos envolver, para saber, para ter conhecimento, para trocar experi\u00eancias, para que possam, enfim, cumprir o tempo que ainda t\u00eam que cumprir, experimentando com mais sabedoria a liberdade&#8221;, destacou o desembargador Ant\u00f4nio Carlos Rodrigues Filho, do TRT da 3\u00aa Regi\u00e3o.<\/p>\n<p>Durante o evento, ele destacou acreditar piamente no poder transformador da leitura e, por isso, abra\u00e7ou o projeto.<\/p>\n<p>Inesperado<\/p>\n<p>\u00c9 quase imposs\u00edvel n\u00e3o imaginar o relato de casos de presos cuja paix\u00e3o pela leitura foi despertada no interior de uma cela.<\/p>\n<p>Muitas vezes, as hist\u00f3rias de amor aos livros s\u00e3o antigas e as surpresas partem de pessoas rec\u00e9m-chegadas a uma unidade prisional de Minas Gerais.<\/p>\n<p>\u201cSempre fui amante da leitura, desde novo. Aqui, aprendi a amar ainda mais, pois ajuda a lidar com a dor da saudade, das dificuldades por estar preso. Os livros nos trazem motivos para sonhar de novo\u201d, relata Daniel Viana, de 32 anos, ao relembrar do primeiro dia no Pres\u00eddio de Vespasiano.<\/p>\n<p>Ele estava na \u00e1rea de triagem e recebeu dois livros das m\u00e3os da pedagoga Paula Cristina Franco. \u201cFiquei surpreso, jamais poderia imaginar uma situa\u00e7\u00e3o dessas em um pres\u00eddio. Fui olhado como ser humano e n\u00e3o como um preso\u201d.<\/p>\n<p>Diene Ferreira, 31 anos, tamb\u00e9m sempre gostou de ler e segue com o h\u00e1bito.<\/p>\n<p>\u201cQuando ingressei na \u00e1rea carcer\u00e1ria, logo pensei em pedir para meus familiares trazerem livros. De imediato, fiquei sabendo da exist\u00eancia de uma biblioteca e j\u00e1 me trouxeram dois t\u00edtulos \u00f3timos, no primeiro dia. Fui descobrindo obras e autores maravilhosos dispon\u00edveis para lermos. \u00c9 algo surpreendente, quase n\u00e3o d\u00e1 para acreditar\u201d, conta.<\/p>\n<p>O projeto de leitura do Pres\u00eddio de Vespasiano \u00e9 coordenado pela pedagoga da unidade, Paula Cristina Franco.<\/p>\n<p>Ela relata ter cada vez mais mulheres solicitando o empr\u00e9stimo de livros e percebe uma participa\u00e7\u00e3o mais rica das presas nas atividades socioculturais. \u201cElas escrevem trechos de livros nas cartas para seus familiares&#8221;, diz.<\/p>\n<p>&#8220;Essa doa\u00e7\u00e3o (do TRT) \u00e9 important\u00edssima para o projeto, pois, al\u00e9m de todos os benef\u00edcios promovidos pela leitura, como o bem-estar f\u00edsico e mental, melhora a oralidade e a escrita. Elas est\u00e3o at\u00e9 escrevendo uma obra coletiva\u201d, completa.<\/p>\n<p>Benef\u00edcio legal<\/p>\n<p>A remi\u00e7\u00e3o de pena pela leitura ocorre de forma sistematizada, por meio da Resolu\u00e7\u00e3o n\u00ba 391\/2021, do Conselho Nacional de Justi\u00e7a (CNJ).<\/p>\n<p>Ela estabelece a redu\u00e7\u00e3o de quatro dias de pena para cada obra lida, com a condi\u00e7\u00e3o de produ\u00e7\u00e3o de um relat\u00f3rio de leitura aprovado por volunt\u00e1rios com conhecimento e forma\u00e7\u00e3o acad\u00eamica para a atividade.<\/p>\n<p>A resolu\u00e7\u00e3o estabelece um limite m\u00e1ximo de 12 obras para um per\u00edodo de 12 meses, assegurando a possibilidade de remir 48 dias.<\/p>\n<p>Em diversas unidades prisionais, os presos s\u00e3o os respons\u00e1veis pela organiza\u00e7\u00e3o do acervo da biblioteca e controle dos empr\u00e9stimos, inclusive sabem das prefer\u00eancias de leituras dos colegas dos pavilh\u00f5es carcer\u00e1rios.<\/p>\n<p><span style=\"font-weight: 400;\">Fonte: Ag\u00eancia Minas<\/span><\/p>\n","protected":false},"excerpt":{"rendered":"<p>O Governo de Minas Gerais investe na educa\u00e7\u00e3o e acredita no poder transformador da leitura, mesmo em lugares onde muitos perderam as esperan\u00e7as de um futuro melhor. Das 172 unidades prisionais do estado, entre as administradas pela Secretaria de Estado de Justi\u00e7a e Seguran\u00e7a P\u00fablica (Sejusp), 122 possuem bibliotecas, o que representa 70% do total. [&hellip;]<\/p>\n","protected":false},"author":246,"featured_media":219302,"comment_status":"closed","ping_status":"closed","sticky":false,"template":"","format":"standard","meta":{"footnotes":""},"categories":[436,254,439],"tags":[],"class_list":["post-219301","post","type-post","status-publish","format-standard","has-post-thumbnail","hentry","category-destaque-da-semana","category-politica","category-ultima-hora"],"_links":{"self":[{"href":"https:\/\/diarioregionaldigital.com.br\/index.php?rest_route=\/wp\/v2\/posts\/219301","targetHints":{"allow":["GET"]}}],"collection":[{"href":"https:\/\/diarioregionaldigital.com.br\/index.php?rest_route=\/wp\/v2\/posts"}],"about":[{"href":"https:\/\/diarioregionaldigital.com.br\/index.php?rest_route=\/wp\/v2\/types\/post"}],"author":[{"embeddable":true,"href":"https:\/\/diarioregionaldigital.com.br\/index.php?rest_route=\/wp\/v2\/users\/246"}],"replies":[{"embeddable":true,"href":"https:\/\/diarioregionaldigital.com.br\/index.php?rest_route=%2Fwp%2Fv2%2Fcomments&post=219301"}],"version-history":[{"count":1,"href":"https:\/\/diarioregionaldigital.com.br\/index.php?rest_route=\/wp\/v2\/posts\/219301\/revisions"}],"predecessor-version":[{"id":219303,"href":"https:\/\/diarioregionaldigital.com.br\/index.php?rest_route=\/wp\/v2\/posts\/219301\/revisions\/219303"}],"wp:featuredmedia":[{"embeddable":true,"href":"https:\/\/diarioregionaldigital.com.br\/index.php?rest_route=\/wp\/v2\/media\/219302"}],"wp:attachment":[{"href":"https:\/\/diarioregionaldigital.com.br\/index.php?rest_route=%2Fwp%2Fv2%2Fmedia&parent=219301"}],"wp:term":[{"taxonomy":"category","embeddable":true,"href":"https:\/\/diarioregionaldigital.com.br\/index.php?rest_route=%2Fwp%2Fv2%2Fcategories&post=219301"},{"taxonomy":"post_tag","embeddable":true,"href":"https:\/\/diarioregionaldigital.com.br\/index.php?rest_route=%2Fwp%2Fv2%2Ftags&post=219301"}],"curies":[{"name":"wp","href":"https:\/\/api.w.org\/{rel}","templated":true}]}}